{"id":331,"date":"2022-09-18T17:49:10","date_gmt":"2022-09-18T17:49:10","guid":{"rendered":"https:\/\/pornuestrolaredo.com\/?p=331"},"modified":"2022-09-18T17:49:10","modified_gmt":"2022-09-18T17:49:10","slug":"aumenta-ocupacion-hotelera-en-nuevo-laredo%ef%bf%bc","status":"publish","type":"post","link":"https:\/\/pornuestrolaredo.com\/?p=331","title":{"rendered":"Aumenta ocupaci\u00f3n hotelera en Nuevo Laredo\ufffc"},"content":{"rendered":"\n<p class=\"wp-block-paragraph\"><strong><em>NUEVO LAREDO.- <\/em><\/strong>En la ciudad se vive un dinamismo tur\u00edstico que hace mucho tiempo no se ten\u00eda, esto se ve reflejado al incremento que han tenido los hoteles en la ciudad que&nbsp; registr\u00f3 en agosto de este a\u00f1o 75.3&nbsp; por ciento de ocupaci\u00f3n hotelera, esto es 22.34 puntos m\u00e1s que el mismo mes del a\u00f1o pasado.<\/p>\n\n\n\n<p class=\"wp-block-paragraph\">La alcaldesa Carmen Lilia Canturosas Villareal se\u00f1al\u00f3 que est\u00e1n trabajando en conjunto con la iniciativa privada para impulsar la econom\u00eda de la ciudad.<\/p>\n\n\n\n<blockquote class=\"wp-block-quote is-layout-flow wp-block-quote-is-layout-flow\"><p>Estamos promoviendo a Nuevo Laredo como nunca antes, estamos trabajando por el bienestar de las familias, el impulso de los empresarios que generan oportunidades de empleo para que las familias tengan mejores ingresos, vamos por el camino correcto y no nos vamos a detener&#8221; dijo Canturosas Villareal.<\/p><\/blockquote>\n\n\n\n<p class=\"wp-block-paragraph\">De acuerdo al reporte&nbsp; Observatorio Tur\u00edstico Sostenible del Estado de Tamaulipas, Nuevo Laredo destaca por el&nbsp; aumento considerable de ocupaci\u00f3n hotelera en lo que va de este a\u00f1o. Le siguen&nbsp; Reynosa con un 65 por ciento, Matamoros con un 64 y Ciudad Victoria con un 49 por ciento.<\/p>\n\n\n\n<blockquote class=\"wp-block-quote is-layout-flow wp-block-quote-is-layout-flow\"><p>Tener este&nbsp; incremento de m\u00e1s del 70 por ciento de ocupaci\u00f3n hotelera es el reflejo de la actividad econ\u00f3mica que tiene Nuevo Laredo\u201d, inform\u00f3&nbsp; Rolando Guevara Gonz\u00e1lez, secretario de Desarrollo Econ\u00f3mico.<\/p><\/blockquote>\n\n\n\n<p class=\"wp-block-paragraph\">Esto ha sido posible debido a la llegada de la nueva ruta a\u00e9rea que est\u00e1 en operaciones desde el 23 de abril de este a\u00f1o, lo que ha permitido que viaje m\u00e1s gente hacia y desde Nuevo Laredo.<\/p>\n\n\n\n<p class=\"wp-block-paragraph\">De acuerdo a reportes de Aeropuertos y Servicios Auxiliares (ASA) actualmente&nbsp; se reciben mensualmente a 11 mil pasajeros cuando antes solo se recib\u00edan 3 mil 500 pasajeros.<\/p>\n\n\n\n<blockquote class=\"wp-block-quote is-layout-flow wp-block-quote-is-layout-flow\"><p>Si hay una caracter\u00edstica que podemos definir este a\u00f1o es la confianza y la inversi\u00f3n en el municipio y en el gobierno que encabeza la alcaldesa Carmen Lilia Canturosas; es un hecho, hay una franca recuperaci\u00f3n en la econom\u00eda\u201d, mencion\u00f3 el secretario de Desarrollo Econ\u00f3mico.<\/p><\/blockquote>\n\n\n\n<p class=\"wp-block-paragraph\">En esta materia, Nuevo Laredo sigue recuperando la confianza de empresarios, se han aperturado 10 nuevas plazas comerciales, un promedio de 3 negocios a la semana, cifra que va en aument<\/p>\n","protected":false},"excerpt":{"rendered":"<p>NUEVO LAREDO.- En la ciudad se vive un dinamismo tur\u00edstico que hace mucho tiempo no se ten\u00eda, esto<\/p>\n","protected":false},"author":1,"featured_media":332,"comment_status":"open","ping_status":"open","sticky":false,"template":"","format":"standard","meta":{"_crdt_document":"","_jetpack_memberships_contains_paid_content":false,"footnotes":"","jetpack_publicize_message":"Casi 8 de cada 10 cuartos que existen en los hoteles fueron ocupados en agosto","jetpack_publicize_feature_enabled":true,"jetpack_social_post_already_shared":true,"jetpack_social_options":{"image_generator_settings":{"template":"highway","default_image_id":0,"font":"","enabled":false},"version":2},"_wpas_customize_per_network":false},"categories":[5],"tags":[],"class_list":["post-331","post","type-post","status-publish","format-standard","has-post-thumbnail","hentry","category-dos-laredos"],"magazineBlocksPostFeaturedMedia":{"thumbnail":"https:\/\/pornuestrolaredo.com\/wp-content\/uploads\/2022\/09\/PNL-20220918-2-150x150.jpeg","medium":"https:\/\/pornuestrolaredo.com\/wp-content\/uploads\/2022\/09\/PNL-20220918-2-300x166.jpeg","medium_large":"https:\/\/pornuestrolaredo.com\/wp-content\/uploads\/2022\/09\/PNL-20220918-2-768x425.jpeg","large":"https:\/\/pornuestrolaredo.com\/wp-content\/uploads\/2022\/09\/PNL-20220918-2-1024x566.jpeg","1536x1536":"https:\/\/pornuestrolaredo.com\/wp-content\/uploads\/2022\/09\/PNL-20220918-2.jpeg","2048x2048":"https:\/\/pornuestrolaredo.com\/wp-content\/uploads\/2022\/09\/PNL-20220918-2.jpeg","morenews-large":"https:\/\/pornuestrolaredo.com\/wp-content\/uploads\/2022\/09\/PNL-20220918-2.jpeg","morenews-medium":"https:\/\/pornuestrolaredo.com\/wp-content\/uploads\/2022\/09\/PNL-20220918-2.jpeg"},"magazineBlocksPostAuthor":{"name":"Redactor","avatar":"https:\/\/pornuestrolaredo.com\/wp-content\/litespeed\/avatar\/dca1d7ec750c399f025f23b0b314f4cf.jpg?ver=1777612120"},"magazineBlocksPostCommentsNumber":false,"magazineBlocksPostExcerpt":"NUEVO LAREDO.- En la ciudad se vive un dinamismo tur\u00edstico que hace mucho tiempo no se ten\u00eda, esto","magazineBlocksPostCategories":["Dos Laredos"],"magazineBlocksPostViewCount":134,"magazineBlocksPostReadTime":2,"magazine_blocks_featured_image_url":{"full":["https:\/\/pornuestrolaredo.com\/wp-content\/uploads\/2022\/09\/PNL-20220918-2.jpeg",1280,708,false],"medium":["https:\/\/pornuestrolaredo.com\/wp-content\/uploads\/2022\/09\/PNL-20220918-2-300x166.jpeg",300,166,true],"thumbnail":["https:\/\/pornuestrolaredo.com\/wp-content\/uploads\/2022\/09\/PNL-20220918-2-150x150.jpeg",150,150,true]},"magazine_blocks_author":{"display_name":"Redactor","author_link":"https:\/\/pornuestrolaredo.com\/?author=1"},"magazine_blocks_comment":0,"magazine_blocks_author_image":"https:\/\/pornuestrolaredo.com\/wp-content\/litespeed\/avatar\/dca1d7ec750c399f025f23b0b314f4cf.jpg?ver=1777612120","magazine_blocks_category":"<a href=\"#\" class=\"category-link category-link-5\">Dos Laredos<\/a>","jetpack_publicize_connections":[],"featured_image_urls":{"full":["https:\/\/pornuestrolaredo.com\/wp-content\/uploads\/2022\/09\/PNL-20220918-2.jpeg",1280,708,false],"thumbnail":["https:\/\/pornuestrolaredo.com\/wp-content\/uploads\/2022\/09\/PNL-20220918-2-150x150.jpeg",150,150,true],"medium":["https:\/\/pornuestrolaredo.com\/wp-content\/uploads\/2022\/09\/PNL-20220918-2-300x166.jpeg",300,166,true],"medium_large":["https:\/\/pornuestrolaredo.com\/wp-content\/uploads\/2022\/09\/PNL-20220918-2-768x425.jpeg",640,354,true],"large":["https:\/\/pornuestrolaredo.com\/wp-content\/uploads\/2022\/09\/PNL-20220918-2-1024x566.jpeg",640,354,true],"1536x1536":["https:\/\/pornuestrolaredo.com\/wp-content\/uploads\/2022\/09\/PNL-20220918-2.jpeg",1280,708,false],"2048x2048":["https:\/\/pornuestrolaredo.com\/wp-content\/uploads\/2022\/09\/PNL-20220918-2.jpeg",1280,708,false],"morenews-large":["https:\/\/pornuestrolaredo.com\/wp-content\/uploads\/2022\/09\/PNL-20220918-2.jpeg",825,456,false],"morenews-medium":["https:\/\/pornuestrolaredo.com\/wp-content\/uploads\/2022\/09\/PNL-20220918-2.jpeg",590,326,false]},"author_info":{"info":["Redactor"]},"category_info":"<a href=\"https:\/\/pornuestrolaredo.com\/?cat=5\" rel=\"category\">Dos Laredos<\/a>","tag_info":"Dos Laredos","comment_count":"0","jetpack_featured_media_url":"https:\/\/pornuestrolaredo.com\/wp-content\/uploads\/2022\/09\/PNL-20220918-2.jpeg","jetpack_sharing_enabled":true,"_links":{"self":[{"href":"https:\/\/pornuestrolaredo.com\/index.php?rest_route=\/wp\/v2\/posts\/331","targetHints":{"allow":["GET"]}}],"collection":[{"href":"https:\/\/pornuestrolaredo.com\/index.php?rest_route=\/wp\/v2\/posts"}],"about":[{"href":"https:\/\/pornuestrolaredo.com\/index.php?rest_route=\/wp\/v2\/types\/post"}],"author":[{"embeddable":true,"href":"https:\/\/pornuestrolaredo.com\/index.php?rest_route=\/wp\/v2\/users\/1"}],"replies":[{"embeddable":true,"href":"https:\/\/pornuestrolaredo.com\/index.php?rest_route=%2Fwp%2Fv2%2Fcomments&post=331"}],"version-history":[{"count":1,"href":"https:\/\/pornuestrolaredo.com\/index.php?rest_route=\/wp\/v2\/posts\/331\/revisions"}],"predecessor-version":[{"id":333,"href":"https:\/\/pornuestrolaredo.com\/index.php?rest_route=\/wp\/v2\/posts\/331\/revisions\/333"}],"wp:featuredmedia":[{"embeddable":true,"href":"https:\/\/pornuestrolaredo.com\/index.php?rest_route=\/wp\/v2\/media\/332"}],"wp:attachment":[{"href":"https:\/\/pornuestrolaredo.com\/index.php?rest_route=%2Fwp%2Fv2%2Fmedia&parent=331"}],"wp:term":[{"taxonomy":"category","embeddable":true,"href":"https:\/\/pornuestrolaredo.com\/index.php?rest_route=%2Fwp%2Fv2%2Fcategories&post=331"},{"taxonomy":"post_tag","embeddable":true,"href":"https:\/\/pornuestrolaredo.com\/index.php?rest_route=%2Fwp%2Fv2%2Ftags&post=331"}],"curies":[{"name":"wp","href":"https:\/\/api.w.org\/{rel}","templated":true}]}}