{"id":334,"date":"2022-09-18T17:58:58","date_gmt":"2022-09-18T17:58:58","guid":{"rendered":"https:\/\/pornuestrolaredo.com\/?p=334"},"modified":"2022-09-18T18:10:44","modified_gmt":"2022-09-18T18:10:44","slug":"334","status":"publish","type":"post","link":"https:\/\/pornuestrolaredo.com\/?p=334","title":{"rendered":"&#8216;Fiona&#8217; se transforma en hurac\u00e1n y se dirige a Puerto Rico"},"content":{"rendered":"\n<p class=\"wp-block-paragraph\"><strong><em>SAN JUAN, Puerto Rico.-<\/em><\/strong> La tormenta tropical &#8220;Fiona&#8221; se convirti\u00f3 este domingo en un hurac\u00e1n mientras se aproxima a las costas del sur de Puerto Rico, inform\u00f3 el Centro Nacional de Huracanes de Estados Unidos (NHC, en ingles) en su \u00faltimo bolet\u00edn.<\/p>\n\n\n\n<p class=\"wp-block-paragraph\">Los puertorrique\u00f1os se preparaban para vendavales y precipitaciones extremas con la llegada de &#8220;Fiona&#8221;, que avanza con vientos de hasta 130 kil\u00f3metros por hora.<\/p>\n\n\n\n<p class=\"wp-block-paragraph\">Los meteor\u00f3logos dijeron que se esperaban lluvias &#8220;hist\u00f3ricas&#8221; que producir\u00edan aludes de tierra y grandes inundaciones. En algunos lugares podr\u00edan caer hasta 64 cent\u00edmetros de agua (25.4 pulgadas), esto es 6 millones 400 mil litros de agua en cada \u00e1rea de 100 por 100 metros.<\/p>\n\n\n\n<blockquote class=\"wp-block-quote is-layout-flow wp-block-quote-is-layout-flow\"><p>Esto es para tomar acci\u00f3n y preocuparse&#8221;, dijo Nino Correa, comisionado de gesti\u00f3n de emergencias en Puerto Rico.<\/p><\/blockquote>\n\n\n\n<p class=\"wp-block-paragraph\">El domingo temprano, la tormenta ten\u00eda su centro 105 kil\u00f3metros al sureste de Ponce, Puerto Rico, y avanzaba hacia el oeste-noroeste a 13 kil\u00f3metros por hora.<\/p>\n\n\n\n<p class=\"wp-block-paragraph\">Se espera que el meteoro golpee ciudades y pueblos a lo largo de la costa sur de Puerto Rico que a\u00fan no se recuperan de una serie de fuertes sismos registrados en la regi\u00f3n desde finales de 2019. Varias escuelas siguen cerradas y quedan escombros por retirar.<\/p>\n\n\n\n<p class=\"wp-block-paragraph\">M\u00e1s de 100 personas acudieron a refugios en diferentes lugares de la isla para el s\u00e1bado por la noche, la mayor\u00eda en la ciudad sure\u00f1a de Guayanilla.<\/p>\n\n\n\n<p class=\"wp-block-paragraph\">Fiona llegar\u00eda al territorio apenas dos d\u00edas antes del aniversario del hurac\u00e1n &#8220;Mar\u00eda&#8221;, una letal tormenta de categor\u00eda 4 que golpe\u00f3 el 20 de septiembre de 2017, y la ansiedad era considerable en la isla. La gente colocaba tablas en sus ventanas y hacia acopio de agua y comida. La tormenta destruy\u00f3 la infraestructura el\u00e9ctrica de la isla y caus\u00f3 unas 3 mil muertes.<\/p>\n\n\n\n<blockquote class=\"wp-block-quote is-layout-flow wp-block-quote-is-layout-flow\"><p>Yo creo que todos los puertorrique\u00f1os que vivimos &#8216;Mar\u00eda&#8217; tenemos ese estr\u00e9s postraum\u00e1tico de qu\u00e9 va a pasar, cu\u00e1nto va a durar y qu\u00e9 necesidades podr\u00edamos pasar&#8221;, dijo Danny Hern\u00e1ndez, que trabaja en la capital, San Juan, pero ten\u00eda previsto pasar la tormenta con sus padres y su familia en la localidad occidental de Mayag\u00fcez.<\/p><\/blockquote>\n\n\n\n<p class=\"wp-block-paragraph\">El ambiente era sombr\u00edo en el supermercado donde \u00e9l y otras personas se aseguraban de tener todo lo necesario antes de que llegara la tormenta, se\u00f1al\u00f3.<\/p>\n\n\n\n<blockquote class=\"wp-block-quote is-layout-flow wp-block-quote-is-layout-flow\"><p>Cuando Mar\u00eda, todos experimentamos hasta cierto punto escasez&#8221;, dijo.<\/p><\/blockquote>\n\n\n\n<p class=\"wp-block-paragraph\">Muchos puertorrique\u00f1os estaban preocupados por los apagones. Luma, la compa\u00f1\u00eda que gestiona la transmisi\u00f3n y distribuci\u00f3n el\u00e9ctrica, advirti\u00f3 de &#8220;interrupciones de servicio significativas&#8221;. El domingo por la ma\u00f1ana, m\u00e1s de 128 mil clientes estaban sin electricidad.<\/p>\n\n\n\n<p class=\"wp-block-paragraph\">El hurac\u00e1n &#8220;Mar\u00eda&#8221; destroz\u00f3 la red el\u00e9ctrica puertorrique\u00f1a, que a\u00fan es fr\u00e1gil y apenas comenz\u00f3 su reconstrucci\u00f3n. Hay apagones a diario y en los \u00faltimos meses se han producido incendios en centrales el\u00e9ctricas.<\/p>\n\n\n\n<p class=\"wp-block-paragraph\">El Gobernador de Puerto Rico, Pedro Pierluisi, dijo estar dispuesto a declarar el estado de emergencia si era necesario y activ\u00f3 a la Guardia Nacional ante la llegada de la sexta tormenta con nombre de la temporada de huracanes del Atl\u00e1ntico.<\/p>\n\n\n\n<blockquote class=\"wp-block-quote is-layout-flow wp-block-quote-is-layout-flow\"><p>Lo que m\u00e1s me preocupa a m\u00ed es la lluvia&#8221;, dijo el meteor\u00f3logo Ernesto Morales, del Servicio Nacional de Meteorolog\u00eda en San Juan.<\/p><\/blockquote>\n\n\n\n<p class=\"wp-block-paragraph\">Se estimaba que &#8220;Fiona&#8221; dejar\u00eda entre 30 y 40 cm de agua en el este y el sur de Puerto Rico, que pod\u00edan alcanzar los 64 cent\u00edmetros en puntos concretos.<\/p>\n\n\n\n<p class=\"wp-block-paragraph\">El Servicio Meteorol\u00f3gico Nacional advirti\u00f3 el s\u00e1bado por la noche que el r\u00edo Blanco en el pueblo costero de Naguabo, en el sureste, ya se hab\u00eda desbordado e inst\u00f3 a las personas que viven cerca a moverse de inmediato.<\/p>\n\n\n\n<p class=\"wp-block-paragraph\">La trayectoria de Fiona avanzar\u00eda rumbo a Rep\u00fablica Dominicana el lunes y despu\u00e9s al norte de Hait\u00ed y las islas de las Islas de Turcas y Caicos con amenaza de aguaceros. Podr\u00eda afectar el martes a la zona m\u00e1s meridional de las Bahamas.<\/p>\n\n\n\n<p class=\"wp-block-paragraph\">Se activ\u00f3 una alerta de hurac\u00e1n para la costa oriental de Rep\u00fablica Dominicana, desde Cabo Caucedo a Cabo Franc\u00e9s Viejo.<\/p>\n\n\n\n<p class=\"wp-block-paragraph\">&#8220;Fiona&#8221; ya golpe\u00f3 el este del Caribe y dej\u00f3 un muerto en el territorio franc\u00e9s de Guadalupe cuando el agua arrastr\u00f3 una vivienda, seg\u00fan las autoridades. La tormenta tambi\u00e9n da\u00f1\u00f3 carreteras, arranc\u00f3 \u00e1rboles y destruy\u00f3 al menos un puente.<\/p>\n","protected":false},"excerpt":{"rendered":"<p>SAN JUAN, Puerto Rico.- La tormenta tropical &#8220;Fiona&#8221; se convirti\u00f3 este domingo en un hurac\u00e1n mientras se aproxima<\/p>\n","protected":false},"author":1,"featured_media":335,"comment_status":"open","ping_status":"open","sticky":false,"template":"","format":"standard","meta":{"_crdt_document":"","_jetpack_memberships_contains_paid_content":false,"footnotes":"","jetpack_publicize_message":"El meteoro avanza por el oce\u00e1no Atl\u00e1ntico con vientos de 130 kil\u00f3metros por hora y podr\u00eda llevar lluvias de hasta 64 cent\u00edmetros","jetpack_publicize_feature_enabled":true,"jetpack_social_post_already_shared":true,"jetpack_social_options":{"image_generator_settings":{"template":"highway","default_image_id":0,"font":"","enabled":false},"version":2},"_wpas_customize_per_network":false},"categories":[9],"tags":[],"class_list":["post-334","post","type-post","status-publish","format-standard","has-post-thumbnail","hentry","category-el-mundo"],"magazineBlocksPostFeaturedMedia":{"thumbnail":"https:\/\/pornuestrolaredo.com\/wp-content\/uploads\/2022\/09\/Stereo91-20220918-2-150x150.jpeg","medium":"https:\/\/pornuestrolaredo.com\/wp-content\/uploads\/2022\/09\/Stereo91-20220918-2-300x200.jpeg","medium_large":"https:\/\/pornuestrolaredo.com\/wp-content\/uploads\/2022\/09\/Stereo91-20220918-2-768x512.jpeg","large":"https:\/\/pornuestrolaredo.com\/wp-content\/uploads\/2022\/09\/Stereo91-20220918-2.jpeg","1536x1536":"https:\/\/pornuestrolaredo.com\/wp-content\/uploads\/2022\/09\/Stereo91-20220918-2.jpeg","2048x2048":"https:\/\/pornuestrolaredo.com\/wp-content\/uploads\/2022\/09\/Stereo91-20220918-2.jpeg","morenews-large":"https:\/\/pornuestrolaredo.com\/wp-content\/uploads\/2022\/09\/Stereo91-20220918-2.jpeg","morenews-medium":"https:\/\/pornuestrolaredo.com\/wp-content\/uploads\/2022\/09\/Stereo91-20220918-2.jpeg"},"magazineBlocksPostAuthor":{"name":"Redactor","avatar":"https:\/\/pornuestrolaredo.com\/wp-content\/litespeed\/avatar\/dca1d7ec750c399f025f23b0b314f4cf.jpg?ver=1777612120"},"magazineBlocksPostCommentsNumber":false,"magazineBlocksPostExcerpt":"SAN JUAN, Puerto Rico.- La tormenta tropical &#8220;Fiona&#8221; se convirti\u00f3 este domingo en un hurac\u00e1n mientras se aproxima","magazineBlocksPostCategories":["El Mundo"],"magazineBlocksPostViewCount":174,"magazineBlocksPostReadTime":4,"magazine_blocks_featured_image_url":{"full":["https:\/\/pornuestrolaredo.com\/wp-content\/uploads\/2022\/09\/Stereo91-20220918-2.jpeg",960,640,false],"medium":["https:\/\/pornuestrolaredo.com\/wp-content\/uploads\/2022\/09\/Stereo91-20220918-2-300x200.jpeg",300,200,true],"thumbnail":["https:\/\/pornuestrolaredo.com\/wp-content\/uploads\/2022\/09\/Stereo91-20220918-2-150x150.jpeg",150,150,true]},"magazine_blocks_author":{"display_name":"Redactor","author_link":"https:\/\/pornuestrolaredo.com\/?author=1"},"magazine_blocks_comment":0,"magazine_blocks_author_image":"https:\/\/pornuestrolaredo.com\/wp-content\/litespeed\/avatar\/dca1d7ec750c399f025f23b0b314f4cf.jpg?ver=1777612120","magazine_blocks_category":"<a href=\"#\" class=\"category-link category-link-9\">El Mundo<\/a>","jetpack_publicize_connections":[],"featured_image_urls":{"full":["https:\/\/pornuestrolaredo.com\/wp-content\/uploads\/2022\/09\/Stereo91-20220918-2.jpeg",960,640,false],"thumbnail":["https:\/\/pornuestrolaredo.com\/wp-content\/uploads\/2022\/09\/Stereo91-20220918-2-150x150.jpeg",150,150,true],"medium":["https:\/\/pornuestrolaredo.com\/wp-content\/uploads\/2022\/09\/Stereo91-20220918-2-300x200.jpeg",300,200,true],"medium_large":["https:\/\/pornuestrolaredo.com\/wp-content\/uploads\/2022\/09\/Stereo91-20220918-2-768x512.jpeg",640,427,true],"large":["https:\/\/pornuestrolaredo.com\/wp-content\/uploads\/2022\/09\/Stereo91-20220918-2.jpeg",640,427,false],"1536x1536":["https:\/\/pornuestrolaredo.com\/wp-content\/uploads\/2022\/09\/Stereo91-20220918-2.jpeg",960,640,false],"2048x2048":["https:\/\/pornuestrolaredo.com\/wp-content\/uploads\/2022\/09\/Stereo91-20220918-2.jpeg",960,640,false],"morenews-large":["https:\/\/pornuestrolaredo.com\/wp-content\/uploads\/2022\/09\/Stereo91-20220918-2.jpeg",825,550,false],"morenews-medium":["https:\/\/pornuestrolaredo.com\/wp-content\/uploads\/2022\/09\/Stereo91-20220918-2.jpeg",590,393,false]},"author_info":{"info":["Redactor"]},"category_info":"<a href=\"https:\/\/pornuestrolaredo.com\/?cat=9\" rel=\"category\">El Mundo<\/a>","tag_info":"El Mundo","comment_count":"0","jetpack_featured_media_url":"https:\/\/pornuestrolaredo.com\/wp-content\/uploads\/2022\/09\/Stereo91-20220918-2.jpeg","jetpack_sharing_enabled":true,"_links":{"self":[{"href":"https:\/\/pornuestrolaredo.com\/index.php?rest_route=\/wp\/v2\/posts\/334","targetHints":{"allow":["GET"]}}],"collection":[{"href":"https:\/\/pornuestrolaredo.com\/index.php?rest_route=\/wp\/v2\/posts"}],"about":[{"href":"https:\/\/pornuestrolaredo.com\/index.php?rest_route=\/wp\/v2\/types\/post"}],"author":[{"embeddable":true,"href":"https:\/\/pornuestrolaredo.com\/index.php?rest_route=\/wp\/v2\/users\/1"}],"replies":[{"embeddable":true,"href":"https:\/\/pornuestrolaredo.com\/index.php?rest_route=%2Fwp%2Fv2%2Fcomments&post=334"}],"version-history":[{"count":2,"href":"https:\/\/pornuestrolaredo.com\/index.php?rest_route=\/wp\/v2\/posts\/334\/revisions"}],"predecessor-version":[{"id":337,"href":"https:\/\/pornuestrolaredo.com\/index.php?rest_route=\/wp\/v2\/posts\/334\/revisions\/337"}],"wp:featuredmedia":[{"embeddable":true,"href":"https:\/\/pornuestrolaredo.com\/index.php?rest_route=\/wp\/v2\/media\/335"}],"wp:attachment":[{"href":"https:\/\/pornuestrolaredo.com\/index.php?rest_route=%2Fwp%2Fv2%2Fmedia&parent=334"}],"wp:term":[{"taxonomy":"category","embeddable":true,"href":"https:\/\/pornuestrolaredo.com\/index.php?rest_route=%2Fwp%2Fv2%2Fcategories&post=334"},{"taxonomy":"post_tag","embeddable":true,"href":"https:\/\/pornuestrolaredo.com\/index.php?rest_route=%2Fwp%2Fv2%2Ftags&post=334"}],"curies":[{"name":"wp","href":"https:\/\/api.w.org\/{rel}","templated":true}]}}