{"id":3342,"date":"2023-10-30T03:11:02","date_gmt":"2023-10-30T03:11:02","guid":{"rendered":"https:\/\/pornuestrolaredo.com\/?p=3342"},"modified":"2023-10-30T03:11:02","modified_gmt":"2023-10-30T03:11:02","slug":"desaloja-mujer-a-sus-hijos-cuarentones-de-su-casa","status":"publish","type":"post","link":"https:\/\/pornuestrolaredo.com\/?p=3342","title":{"rendered":"Desaloja mujer a sus hijos cuarentones de su casa"},"content":{"rendered":"<p><strong>ROMA.-<\/strong> Una mujer, de 75 a\u00f1os, que vive en Pavia, Italia, denunci\u00f3 a sus dos hijos de 40 y 42 a\u00f1os por seguir viviendo en su casa y por negarse a contribuir con los gastos y las labores dom\u00e9sticas, pese a que los dos cuentan con trabajo.<\/p>\n<p>De acuerdo con el diario italiano La Provincia Pavese, la mujer hab\u00eda intentado convencer a sus dos hijos de que se independizaran y buscaran una vivienda propia, &#8220;pero ninguno de los dos quer\u00eda&#8221;, por lo que no le qued\u00f3 de otras m\u00e1s que acudir a la justicia.<\/p>\n<p>La juez de Pav\u00eda, Simona Caterbi, decret\u00f3 una orden de desalojo contra los dos cuarentones y se\u00f1ala en el fallo que aunque los hijos tienen inicialmente derecho a vivir en el domicilio materno debido a la &#8220;obligaci\u00f3n de los padres de mantenerles&#8221;, este derecho ya no se justifica dado que los hombres tienen m\u00e1s de 40 a\u00f1os. <\/p>\n<p>La impartidora de justicia fij\u00f3 como plazo el 18 de diciembre para que los dos hijos de la pobre mujer abandonen la casa familiar.<\/p>\n<p>No es la primera vez que la justicia italiana falla contra los &#8216;bamboccioni&#8217; o ni\u00f1os grandes. En 2020, el Tribunal Supremo rechaz\u00f3 la demanda de un hombre de 35 a\u00f1os que argumentaba que su sueldo de 20 mil euros como m\u00fasico a jornada parcial no le daba para vivir y reclamaba ayuda econ\u00f3mica de sus padres. <\/p>\n<p>El juez rechaz\u00f3 el caso argumentando que los j\u00f3venes adultos no tienen el derecho autom\u00e1tico a recibir dinero de sus padres.<\/p>\n<p>En Italia, el 70 por ciento de j\u00f3venes entre 18 y 34 a\u00f1os viven en el domicilio familiar, seg\u00fan datos correspondientes a 2022 citados por The Guardian. De ellos, el 72,6% son hombres y un 66% son mujeres.<\/p>\n","protected":false},"excerpt":{"rendered":"<p>Ambos viv\u00edan con ella, ten\u00edan trabajo y se negaban a contribuir con los gastos y las labores dom\u00e9sticas<\/p>\n","protected":false},"author":1,"featured_media":3343,"comment_status":"closed","ping_status":"closed","sticky":false,"template":"","format":"standard","meta":{"_crdt_document":"","_jetpack_memberships_contains_paid_content":false,"footnotes":"","jetpack_publicize_message":"","jetpack_publicize_feature_enabled":true,"jetpack_social_post_already_shared":true,"jetpack_social_options":{"image_generator_settings":{"template":"highway","default_image_id":0,"font":"","enabled":false},"version":2},"_wpas_customize_per_network":false},"categories":[9],"tags":[],"class_list":["post-3342","post","type-post","status-publish","format-standard","has-post-thumbnail","hentry","category-el-mundo"],"magazineBlocksPostFeaturedMedia":{"thumbnail":"https:\/\/pornuestrolaredo.com\/wp-content\/uploads\/2023\/10\/PNL-20231029-2-150x150.jpg","medium":"https:\/\/pornuestrolaredo.com\/wp-content\/uploads\/2023\/10\/PNL-20231029-2-300x169.jpg","medium_large":"https:\/\/pornuestrolaredo.com\/wp-content\/uploads\/2023\/10\/PNL-20231029-2-768x432.jpg","large":"https:\/\/pornuestrolaredo.com\/wp-content\/uploads\/2023\/10\/PNL-20231029-2.jpg","1536x1536":"https:\/\/pornuestrolaredo.com\/wp-content\/uploads\/2023\/10\/PNL-20231029-2.jpg","2048x2048":"https:\/\/pornuestrolaredo.com\/wp-content\/uploads\/2023\/10\/PNL-20231029-2.jpg","morenews-large":"https:\/\/pornuestrolaredo.com\/wp-content\/uploads\/2023\/10\/PNL-20231029-2.jpg","morenews-medium":"https:\/\/pornuestrolaredo.com\/wp-content\/uploads\/2023\/10\/PNL-20231029-2.jpg"},"magazineBlocksPostAuthor":{"name":"Redactor","avatar":"https:\/\/pornuestrolaredo.com\/wp-content\/litespeed\/avatar\/dca1d7ec750c399f025f23b0b314f4cf.jpg?ver=1777612120"},"magazineBlocksPostCommentsNumber":false,"magazineBlocksPostExcerpt":"Ambos viv\u00edan con ella, ten\u00edan trabajo y se negaban a contribuir con los gastos y las labores dom\u00e9sticas","magazineBlocksPostCategories":["El Mundo"],"magazineBlocksPostViewCount":141,"magazineBlocksPostReadTime":2,"magazine_blocks_featured_image_url":{"full":["https:\/\/pornuestrolaredo.com\/wp-content\/uploads\/2023\/10\/PNL-20231029-2.jpg",850,478,false],"medium":["https:\/\/pornuestrolaredo.com\/wp-content\/uploads\/2023\/10\/PNL-20231029-2-300x169.jpg",300,169,true],"thumbnail":["https:\/\/pornuestrolaredo.com\/wp-content\/uploads\/2023\/10\/PNL-20231029-2-150x150.jpg",150,150,true]},"magazine_blocks_author":{"display_name":"Redactor","author_link":"https:\/\/pornuestrolaredo.com\/?author=1"},"magazine_blocks_comment":0,"magazine_blocks_author_image":"https:\/\/pornuestrolaredo.com\/wp-content\/litespeed\/avatar\/dca1d7ec750c399f025f23b0b314f4cf.jpg?ver=1777612120","magazine_blocks_category":"<a href=\"#\" class=\"category-link category-link-9\">El Mundo<\/a>","jetpack_publicize_connections":[],"featured_image_urls":{"full":["https:\/\/pornuestrolaredo.com\/wp-content\/uploads\/2023\/10\/PNL-20231029-2.jpg",850,478,false],"thumbnail":["https:\/\/pornuestrolaredo.com\/wp-content\/uploads\/2023\/10\/PNL-20231029-2-150x150.jpg",150,150,true],"medium":["https:\/\/pornuestrolaredo.com\/wp-content\/uploads\/2023\/10\/PNL-20231029-2-300x169.jpg",300,169,true],"medium_large":["https:\/\/pornuestrolaredo.com\/wp-content\/uploads\/2023\/10\/PNL-20231029-2-768x432.jpg",640,360,true],"large":["https:\/\/pornuestrolaredo.com\/wp-content\/uploads\/2023\/10\/PNL-20231029-2.jpg",640,360,false],"1536x1536":["https:\/\/pornuestrolaredo.com\/wp-content\/uploads\/2023\/10\/PNL-20231029-2.jpg",850,478,false],"2048x2048":["https:\/\/pornuestrolaredo.com\/wp-content\/uploads\/2023\/10\/PNL-20231029-2.jpg",850,478,false],"morenews-large":["https:\/\/pornuestrolaredo.com\/wp-content\/uploads\/2023\/10\/PNL-20231029-2.jpg",825,464,false],"morenews-medium":["https:\/\/pornuestrolaredo.com\/wp-content\/uploads\/2023\/10\/PNL-20231029-2.jpg",590,332,false]},"author_info":{"info":["Redactor"]},"category_info":"<a href=\"https:\/\/pornuestrolaredo.com\/?cat=9\" rel=\"category\">El Mundo<\/a>","tag_info":"El Mundo","comment_count":"0","jetpack_featured_media_url":"https:\/\/pornuestrolaredo.com\/wp-content\/uploads\/2023\/10\/PNL-20231029-2.jpg","jetpack_sharing_enabled":true,"_links":{"self":[{"href":"https:\/\/pornuestrolaredo.com\/index.php?rest_route=\/wp\/v2\/posts\/3342","targetHints":{"allow":["GET"]}}],"collection":[{"href":"https:\/\/pornuestrolaredo.com\/index.php?rest_route=\/wp\/v2\/posts"}],"about":[{"href":"https:\/\/pornuestrolaredo.com\/index.php?rest_route=\/wp\/v2\/types\/post"}],"author":[{"embeddable":true,"href":"https:\/\/pornuestrolaredo.com\/index.php?rest_route=\/wp\/v2\/users\/1"}],"replies":[{"embeddable":true,"href":"https:\/\/pornuestrolaredo.com\/index.php?rest_route=%2Fwp%2Fv2%2Fcomments&post=3342"}],"version-history":[{"count":1,"href":"https:\/\/pornuestrolaredo.com\/index.php?rest_route=\/wp\/v2\/posts\/3342\/revisions"}],"predecessor-version":[{"id":3344,"href":"https:\/\/pornuestrolaredo.com\/index.php?rest_route=\/wp\/v2\/posts\/3342\/revisions\/3344"}],"wp:featuredmedia":[{"embeddable":true,"href":"https:\/\/pornuestrolaredo.com\/index.php?rest_route=\/wp\/v2\/media\/3343"}],"wp:attachment":[{"href":"https:\/\/pornuestrolaredo.com\/index.php?rest_route=%2Fwp%2Fv2%2Fmedia&parent=3342"}],"wp:term":[{"taxonomy":"category","embeddable":true,"href":"https:\/\/pornuestrolaredo.com\/index.php?rest_route=%2Fwp%2Fv2%2Fcategories&post=3342"},{"taxonomy":"post_tag","embeddable":true,"href":"https:\/\/pornuestrolaredo.com\/index.php?rest_route=%2Fwp%2Fv2%2Ftags&post=3342"}],"curies":[{"name":"wp","href":"https:\/\/api.w.org\/{rel}","templated":true}]}}