{"id":3371,"date":"2023-11-07T19:59:03","date_gmt":"2023-11-07T19:59:03","guid":{"rendered":"https:\/\/pornuestrolaredo.com\/?p=3371"},"modified":"2023-11-07T19:59:03","modified_gmt":"2023-11-07T19:59:03","slug":"protegen-a-la-ciudadania-contra-la-influenza","status":"publish","type":"post","link":"https:\/\/pornuestrolaredo.com\/?p=3371","title":{"rendered":"Protegen a la ciudadan\u00eda contra la influenza"},"content":{"rendered":"<p><strong>NUEVO LAREDO.-<\/strong> El Gobierno Municipal a trav\u00e9s de la Direcci\u00f3n de Salud, invita a los neolaredenses a participar en la jornada de vacunaci\u00f3n contra la influenza para adultos y ni\u00f1os en las Cl\u00ednicas Une, con la finalidad de fortalecer la salud de los neolaredenses,<\/p>\n<p>Esta jornada estar\u00e1 vigente hasta el 10 de noviembre y la ciudadan\u00eda, mayor de seis meses de edad, podr\u00e1 acudir a vacunarse en un horario de 8:00 AM a 3:00 PM.<\/p>\n<p>Como requisito para aplicarse la vacuna, los mayores de edad deber\u00e1n presentar una identificaci\u00f3n oficial, mientras que para los menores se debe acudir con la cartilla de vacunaci\u00f3n.<\/p>\n<p>Las cl\u00ednicas UNE est\u00e1n ubicadas: en la calle Art\u00edculo 6 entre Prometeo y Articulo 123, colonia Toboganes; Monte Olimpo entre Esfinge e Himeneo, colonia El Progreso; R\u00edo Grijalva y R\u00edo Churubusco, colonia El Campanario; Guanajuato y Tamaulipas, colonia Palmares. Tambi\u00e9n en avenida Vencedor entre Canad\u00e1 y Diploma, colonia Los Olivos II; avenida Vencedor, colonia Primero de Mayo; Nogales entre Durazno y Ciruelos, colonia Valles del Para\u00edso; y Quirino Mendoza n\u00famero 4815, colonia Santa Cecilia.<\/p>\n","protected":false},"excerpt":{"rendered":"<p>Inicia jornada de vacunaci\u00f3n del Gobierno Municipal a trav\u00e9s de las Cl\u00ednicas UNE para adultos y ni\u00f1os<\/p>\n","protected":false},"author":1,"featured_media":3372,"comment_status":"closed","ping_status":"closed","sticky":false,"template":"","format":"standard","meta":{"_crdt_document":"","_jetpack_memberships_contains_paid_content":false,"footnotes":"","jetpack_publicize_message":"","jetpack_publicize_feature_enabled":true,"jetpack_social_post_already_shared":true,"jetpack_social_options":{"image_generator_settings":{"template":"highway","default_image_id":0,"font":"","enabled":false},"version":2},"_wpas_customize_per_network":false},"categories":[4],"tags":[],"class_list":["post-3371","post","type-post","status-publish","format-standard","has-post-thumbnail","hentry","category-los-dos-laredos"],"magazineBlocksPostFeaturedMedia":{"thumbnail":"https:\/\/pornuestrolaredo.com\/wp-content\/uploads\/2023\/11\/PNL-20231107-2-150x150.jpg","medium":"https:\/\/pornuestrolaredo.com\/wp-content\/uploads\/2023\/11\/PNL-20231107-2-300x200.jpg","medium_large":"https:\/\/pornuestrolaredo.com\/wp-content\/uploads\/2023\/11\/PNL-20231107-2-768x512.jpg","large":"https:\/\/pornuestrolaredo.com\/wp-content\/uploads\/2023\/11\/PNL-20231107-2.jpg","1536x1536":"https:\/\/pornuestrolaredo.com\/wp-content\/uploads\/2023\/11\/PNL-20231107-2.jpg","2048x2048":"https:\/\/pornuestrolaredo.com\/wp-content\/uploads\/2023\/11\/PNL-20231107-2.jpg","morenews-large":"https:\/\/pornuestrolaredo.com\/wp-content\/uploads\/2023\/11\/PNL-20231107-2.jpg","morenews-medium":"https:\/\/pornuestrolaredo.com\/wp-content\/uploads\/2023\/11\/PNL-20231107-2.jpg"},"magazineBlocksPostAuthor":{"name":"Redactor","avatar":"https:\/\/pornuestrolaredo.com\/wp-content\/litespeed\/avatar\/dca1d7ec750c399f025f23b0b314f4cf.jpg?ver=1777612120"},"magazineBlocksPostCommentsNumber":false,"magazineBlocksPostExcerpt":"Inicia jornada de vacunaci\u00f3n del Gobierno Municipal a trav\u00e9s de las Cl\u00ednicas UNE para adultos y ni\u00f1os","magazineBlocksPostCategories":["Los dos Laredos"],"magazineBlocksPostViewCount":126,"magazineBlocksPostReadTime":1,"magazine_blocks_featured_image_url":{"full":["https:\/\/pornuestrolaredo.com\/wp-content\/uploads\/2023\/11\/PNL-20231107-2.jpg",850,567,false],"medium":["https:\/\/pornuestrolaredo.com\/wp-content\/uploads\/2023\/11\/PNL-20231107-2-300x200.jpg",300,200,true],"thumbnail":["https:\/\/pornuestrolaredo.com\/wp-content\/uploads\/2023\/11\/PNL-20231107-2-150x150.jpg",150,150,true]},"magazine_blocks_author":{"display_name":"Redactor","author_link":"https:\/\/pornuestrolaredo.com\/?author=1"},"magazine_blocks_comment":0,"magazine_blocks_author_image":"https:\/\/pornuestrolaredo.com\/wp-content\/litespeed\/avatar\/dca1d7ec750c399f025f23b0b314f4cf.jpg?ver=1777612120","magazine_blocks_category":"<a href=\"#\" class=\"category-link category-link-4\">Los dos Laredos<\/a>","jetpack_publicize_connections":[],"featured_image_urls":{"full":["https:\/\/pornuestrolaredo.com\/wp-content\/uploads\/2023\/11\/PNL-20231107-2.jpg",850,567,false],"thumbnail":["https:\/\/pornuestrolaredo.com\/wp-content\/uploads\/2023\/11\/PNL-20231107-2-150x150.jpg",150,150,true],"medium":["https:\/\/pornuestrolaredo.com\/wp-content\/uploads\/2023\/11\/PNL-20231107-2-300x200.jpg",300,200,true],"medium_large":["https:\/\/pornuestrolaredo.com\/wp-content\/uploads\/2023\/11\/PNL-20231107-2-768x512.jpg",640,427,true],"large":["https:\/\/pornuestrolaredo.com\/wp-content\/uploads\/2023\/11\/PNL-20231107-2.jpg",640,427,false],"1536x1536":["https:\/\/pornuestrolaredo.com\/wp-content\/uploads\/2023\/11\/PNL-20231107-2.jpg",850,567,false],"2048x2048":["https:\/\/pornuestrolaredo.com\/wp-content\/uploads\/2023\/11\/PNL-20231107-2.jpg",850,567,false],"morenews-large":["https:\/\/pornuestrolaredo.com\/wp-content\/uploads\/2023\/11\/PNL-20231107-2.jpg",825,550,false],"morenews-medium":["https:\/\/pornuestrolaredo.com\/wp-content\/uploads\/2023\/11\/PNL-20231107-2.jpg",590,394,false]},"author_info":{"info":["Redactor"]},"category_info":"<a href=\"https:\/\/pornuestrolaredo.com\/?cat=4\" rel=\"category\">Los dos Laredos<\/a>","tag_info":"Los dos Laredos","comment_count":"0","jetpack_featured_media_url":"https:\/\/pornuestrolaredo.com\/wp-content\/uploads\/2023\/11\/PNL-20231107-2.jpg","jetpack_sharing_enabled":true,"_links":{"self":[{"href":"https:\/\/pornuestrolaredo.com\/index.php?rest_route=\/wp\/v2\/posts\/3371","targetHints":{"allow":["GET"]}}],"collection":[{"href":"https:\/\/pornuestrolaredo.com\/index.php?rest_route=\/wp\/v2\/posts"}],"about":[{"href":"https:\/\/pornuestrolaredo.com\/index.php?rest_route=\/wp\/v2\/types\/post"}],"author":[{"embeddable":true,"href":"https:\/\/pornuestrolaredo.com\/index.php?rest_route=\/wp\/v2\/users\/1"}],"replies":[{"embeddable":true,"href":"https:\/\/pornuestrolaredo.com\/index.php?rest_route=%2Fwp%2Fv2%2Fcomments&post=3371"}],"version-history":[{"count":1,"href":"https:\/\/pornuestrolaredo.com\/index.php?rest_route=\/wp\/v2\/posts\/3371\/revisions"}],"predecessor-version":[{"id":3373,"href":"https:\/\/pornuestrolaredo.com\/index.php?rest_route=\/wp\/v2\/posts\/3371\/revisions\/3373"}],"wp:featuredmedia":[{"embeddable":true,"href":"https:\/\/pornuestrolaredo.com\/index.php?rest_route=\/wp\/v2\/media\/3372"}],"wp:attachment":[{"href":"https:\/\/pornuestrolaredo.com\/index.php?rest_route=%2Fwp%2Fv2%2Fmedia&parent=3371"}],"wp:term":[{"taxonomy":"category","embeddable":true,"href":"https:\/\/pornuestrolaredo.com\/index.php?rest_route=%2Fwp%2Fv2%2Fcategories&post=3371"},{"taxonomy":"post_tag","embeddable":true,"href":"https:\/\/pornuestrolaredo.com\/index.php?rest_route=%2Fwp%2Fv2%2Ftags&post=3371"}],"curies":[{"name":"wp","href":"https:\/\/api.w.org\/{rel}","templated":true}]}}