{"id":3377,"date":"2023-11-07T20:17:48","date_gmt":"2023-11-07T20:17:48","guid":{"rendered":"https:\/\/pornuestrolaredo.com\/?p=3377"},"modified":"2023-11-07T20:17:48","modified_gmt":"2023-11-07T20:17:48","slug":"si-habra-desfile-de-la-revolucion","status":"publish","type":"post","link":"https:\/\/pornuestrolaredo.com\/?p=3377","title":{"rendered":"\u00a1S\u00ed habr\u00e1 Desfile de la Revoluci\u00f3n!"},"content":{"rendered":"<p><strong>NUEVO LAREDO.-<\/strong> La alcaldesa Carmen Lilia Canturosas Villarreal, anunci\u00f3 para el 20 de noviembre la realizaci\u00f3n del desfile por el 113 Aniversario del inicio de la Revoluci\u00f3n Mexicana en el que participar\u00e1n diversos contingentes que le dar\u00e1n colorido y realce a los festejos.<\/p>\n<blockquote><p>Los invitamos a acompa\u00f1arnos en  este desfile que estar\u00e1 lleno de colorido, folklore y sobre todo de patriotismo. Agradezco a las instituciones educativas, asociaciones y  grupos que  se han  inscrito para participar y conmemorar esta fecha tan importante en  la historia de M\u00e9xico\u201d, dijo la alcaldesa.<\/p><\/blockquote>\n<p>El a\u00f1o pasado se suspendi\u00f3 este desfile debido al mal tiempo, pero para este se tiene todo dispuesto su realizaci\u00f3n e iniciar\u00e1 en la calle Doctor Mier para recorrer la avenida Guerrero y culminar en  la Per\u00fa.<\/p>\n<p>Por esta raz\u00f3n, con el apoyo de la Direcci\u00f3n de Tr\u00e1nsito y Vialidad (DTyV) desde la noche del 19 de noviembre,  algunas arterias del \u00e1rea ser\u00e1n cerradas a la circulaci\u00f3n.<\/p>\n<p>Por  la Guerrero, desde Pino Su\u00e1rez hasta la Per\u00fa; por Doctor Mier, de la Degollado a la Matamoros;  de la misma manera,  por Gonz\u00e1lez de la Degollado a la Matamoros, las que se abrir\u00e1 una vez concluido el desfile.<\/p>\n<p>Mario Rodr\u00edguez, director de Gobierno, inform\u00f3 que para el desfile se espera la participaci\u00f3n de  la comunidad educativa en todos sus niveles como especial,  preescolar, primaria, secundaria, as\u00ed como grupos mixtos, bandas de guerra , academias de baile, Pentatl\u00f3n, empleados municipales, cabalgantes y charros.<\/p>\n<p>La convocatoria para quienes deseen participar en el desfile sigue abierta y se espera alrededor de 60 contingentes que sumar\u00e1n 5 mil personas marchando en este desfile que tendr\u00e1 una duraci\u00f3n  de 2 horas aproximadamente.<\/p>\n","protected":false},"excerpt":{"rendered":"<p>Se espera la participaci\u00f3n de 5 mil personas de escuelas, dependencias, cabalgantes y bandas de guerra, entre otros<\/p>\n","protected":false},"author":1,"featured_media":3378,"comment_status":"closed","ping_status":"closed","sticky":false,"template":"","format":"standard","meta":{"_crdt_document":"","_jetpack_memberships_contains_paid_content":false,"footnotes":"","jetpack_publicize_message":"","jetpack_publicize_feature_enabled":true,"jetpack_social_post_already_shared":true,"jetpack_social_options":{"image_generator_settings":{"template":"highway","default_image_id":0,"font":"","enabled":false},"version":2},"_wpas_customize_per_network":false},"categories":[4],"tags":[],"class_list":["post-3377","post","type-post","status-publish","format-standard","has-post-thumbnail","hentry","category-los-dos-laredos"],"magazineBlocksPostFeaturedMedia":{"thumbnail":"https:\/\/pornuestrolaredo.com\/wp-content\/uploads\/2023\/11\/PNL-20231107-4-150x150.jpg","medium":"https:\/\/pornuestrolaredo.com\/wp-content\/uploads\/2023\/11\/PNL-20231107-4-300x200.jpg","medium_large":"https:\/\/pornuestrolaredo.com\/wp-content\/uploads\/2023\/11\/PNL-20231107-4-768x512.jpg","large":"https:\/\/pornuestrolaredo.com\/wp-content\/uploads\/2023\/11\/PNL-20231107-4.jpg","1536x1536":"https:\/\/pornuestrolaredo.com\/wp-content\/uploads\/2023\/11\/PNL-20231107-4.jpg","2048x2048":"https:\/\/pornuestrolaredo.com\/wp-content\/uploads\/2023\/11\/PNL-20231107-4.jpg","morenews-large":"https:\/\/pornuestrolaredo.com\/wp-content\/uploads\/2023\/11\/PNL-20231107-4.jpg","morenews-medium":"https:\/\/pornuestrolaredo.com\/wp-content\/uploads\/2023\/11\/PNL-20231107-4.jpg"},"magazineBlocksPostAuthor":{"name":"Redactor","avatar":"https:\/\/pornuestrolaredo.com\/wp-content\/litespeed\/avatar\/dca1d7ec750c399f025f23b0b314f4cf.jpg?ver=1777612120"},"magazineBlocksPostCommentsNumber":false,"magazineBlocksPostExcerpt":"Se espera la participaci\u00f3n de 5 mil personas de escuelas, dependencias, cabalgantes y bandas de guerra, entre otros","magazineBlocksPostCategories":["Los dos Laredos"],"magazineBlocksPostViewCount":137,"magazineBlocksPostReadTime":2,"magazine_blocks_featured_image_url":{"full":["https:\/\/pornuestrolaredo.com\/wp-content\/uploads\/2023\/11\/PNL-20231107-4.jpg",850,567,false],"medium":["https:\/\/pornuestrolaredo.com\/wp-content\/uploads\/2023\/11\/PNL-20231107-4-300x200.jpg",300,200,true],"thumbnail":["https:\/\/pornuestrolaredo.com\/wp-content\/uploads\/2023\/11\/PNL-20231107-4-150x150.jpg",150,150,true]},"magazine_blocks_author":{"display_name":"Redactor","author_link":"https:\/\/pornuestrolaredo.com\/?author=1"},"magazine_blocks_comment":0,"magazine_blocks_author_image":"https:\/\/pornuestrolaredo.com\/wp-content\/litespeed\/avatar\/dca1d7ec750c399f025f23b0b314f4cf.jpg?ver=1777612120","magazine_blocks_category":"<a href=\"#\" class=\"category-link category-link-4\">Los dos Laredos<\/a>","jetpack_publicize_connections":[],"featured_image_urls":{"full":["https:\/\/pornuestrolaredo.com\/wp-content\/uploads\/2023\/11\/PNL-20231107-4.jpg",850,567,false],"thumbnail":["https:\/\/pornuestrolaredo.com\/wp-content\/uploads\/2023\/11\/PNL-20231107-4-150x150.jpg",150,150,true],"medium":["https:\/\/pornuestrolaredo.com\/wp-content\/uploads\/2023\/11\/PNL-20231107-4-300x200.jpg",300,200,true],"medium_large":["https:\/\/pornuestrolaredo.com\/wp-content\/uploads\/2023\/11\/PNL-20231107-4-768x512.jpg",640,427,true],"large":["https:\/\/pornuestrolaredo.com\/wp-content\/uploads\/2023\/11\/PNL-20231107-4.jpg",640,427,false],"1536x1536":["https:\/\/pornuestrolaredo.com\/wp-content\/uploads\/2023\/11\/PNL-20231107-4.jpg",850,567,false],"2048x2048":["https:\/\/pornuestrolaredo.com\/wp-content\/uploads\/2023\/11\/PNL-20231107-4.jpg",850,567,false],"morenews-large":["https:\/\/pornuestrolaredo.com\/wp-content\/uploads\/2023\/11\/PNL-20231107-4.jpg",825,550,false],"morenews-medium":["https:\/\/pornuestrolaredo.com\/wp-content\/uploads\/2023\/11\/PNL-20231107-4.jpg",590,394,false]},"author_info":{"info":["Redactor"]},"category_info":"<a href=\"https:\/\/pornuestrolaredo.com\/?cat=4\" rel=\"category\">Los dos Laredos<\/a>","tag_info":"Los dos Laredos","comment_count":"0","jetpack_featured_media_url":"https:\/\/pornuestrolaredo.com\/wp-content\/uploads\/2023\/11\/PNL-20231107-4.jpg","jetpack_sharing_enabled":true,"_links":{"self":[{"href":"https:\/\/pornuestrolaredo.com\/index.php?rest_route=\/wp\/v2\/posts\/3377","targetHints":{"allow":["GET"]}}],"collection":[{"href":"https:\/\/pornuestrolaredo.com\/index.php?rest_route=\/wp\/v2\/posts"}],"about":[{"href":"https:\/\/pornuestrolaredo.com\/index.php?rest_route=\/wp\/v2\/types\/post"}],"author":[{"embeddable":true,"href":"https:\/\/pornuestrolaredo.com\/index.php?rest_route=\/wp\/v2\/users\/1"}],"replies":[{"embeddable":true,"href":"https:\/\/pornuestrolaredo.com\/index.php?rest_route=%2Fwp%2Fv2%2Fcomments&post=3377"}],"version-history":[{"count":1,"href":"https:\/\/pornuestrolaredo.com\/index.php?rest_route=\/wp\/v2\/posts\/3377\/revisions"}],"predecessor-version":[{"id":3379,"href":"https:\/\/pornuestrolaredo.com\/index.php?rest_route=\/wp\/v2\/posts\/3377\/revisions\/3379"}],"wp:featuredmedia":[{"embeddable":true,"href":"https:\/\/pornuestrolaredo.com\/index.php?rest_route=\/wp\/v2\/media\/3378"}],"wp:attachment":[{"href":"https:\/\/pornuestrolaredo.com\/index.php?rest_route=%2Fwp%2Fv2%2Fmedia&parent=3377"}],"wp:term":[{"taxonomy":"category","embeddable":true,"href":"https:\/\/pornuestrolaredo.com\/index.php?rest_route=%2Fwp%2Fv2%2Fcategories&post=3377"},{"taxonomy":"post_tag","embeddable":true,"href":"https:\/\/pornuestrolaredo.com\/index.php?rest_route=%2Fwp%2Fv2%2Ftags&post=3377"}],"curies":[{"name":"wp","href":"https:\/\/api.w.org\/{rel}","templated":true}]}}