{"id":3392,"date":"2023-11-13T03:47:10","date_gmt":"2023-11-13T03:47:10","guid":{"rendered":"https:\/\/pornuestrolaredo.com\/?p=3392"},"modified":"2023-11-13T03:47:10","modified_gmt":"2023-11-13T03:47:10","slug":"inician-la-reconstruccion-de-la-ciudad-deportiva","status":"publish","type":"post","link":"https:\/\/pornuestrolaredo.com\/?p=3392","title":{"rendered":"Inician la reconstrucci\u00f3n de la Ciudad Deportiva"},"content":{"rendered":"<p><strong>NUEVO LAREDO.- <\/strong>Como parte del compromiso para rescatar espacios deportivos de Nuevo Laredo, el Gobierno Municipal invierte m\u00e1s de 64 millones de pesos en la rehabilitaci\u00f3n de la Ciudad Deportiva ubicada en la colonia Villas de San Miguel.<\/p>\n<p>La alcaldesa, Carmen Lilia Canturosas Villarreal, indic\u00f3 que a trav\u00e9s de la rehabilitaci\u00f3n de este sitio, el alcance a los deportes ser\u00e1 mayor para ni\u00f1os y j\u00f3venes del poniente de la ciudad, adem\u00e1s que se mejorar\u00e1 el entorno social de este sector.<\/p>\n<blockquote><p>Tenemos la meta de impulsar una comunidad libre de malos h\u00e1bitos, donde abunde la convivencia y la salud. El rescate de la Ciudad Deportiva impulsar\u00e1 un desarrollo sano en nuestros j\u00f3venes y la formaci\u00f3n de los deportistas, era urgente darle vida a este espacio y darle a nuestros ciudadanos espacios dignos\u201d, se\u00f1al\u00f3.<\/p><\/blockquote>\n<p>Explic\u00f3 que gracias a la buena administraci\u00f3n de recursos y la voluntad del cabildo, se destin\u00f3 un recurso de 55 millones 548 mil 805 pesos para restaurar el Edificio Multidisciplinario de este lugar, en el que se contemplan trabajos de alumbrado, equipamiento para canchas de voleibol, tableros electr\u00f3nicos, butacas sobre gradas, aire acondicionado y ba\u00f1os, entre otros.<\/p>\n<p>A parte, en la subestaci\u00f3n el\u00e9ctrica del Multidisciplinario, se instalar\u00e1n transformadores, postes de concreto, terminales, por mencionar algunos detalles mediante una inversi\u00f3n de 848 mil 482 pesos.<\/p>\n<p>En la rehabilitaci\u00f3n de las canchas de fut rap con pasto sint\u00e9tico, se invierten 4 millones 111 mil 882 pesos; all\u00ed se contempla alumbrado para las canchas, porter\u00edas, malla cicl\u00f3nica, pintura y m\u00e1s.<\/p>\n<p>Mientras que en las canchas de basquetbol, tenis, front\u00f3n, acceso principal y bardas perimetrales, se ejerce un gasto efectivo de 3 millones 561 mil 875 pesos.<\/p>\n","protected":false},"excerpt":{"rendered":"<p>Luego de a\u00f1os de abandono, el Gobierno Municipal invertir\u00e1 64 millones de pesos en su rescate<\/p>\n","protected":false},"author":1,"featured_media":3393,"comment_status":"closed","ping_status":"closed","sticky":false,"template":"","format":"standard","meta":{"_crdt_document":"","_jetpack_memberships_contains_paid_content":false,"footnotes":"","jetpack_publicize_message":"","jetpack_publicize_feature_enabled":true,"jetpack_social_post_already_shared":true,"jetpack_social_options":{"image_generator_settings":{"template":"highway","default_image_id":0,"font":"","enabled":false},"version":2},"_wpas_customize_per_network":false},"categories":[4],"tags":[],"class_list":["post-3392","post","type-post","status-publish","format-standard","has-post-thumbnail","hentry","category-los-dos-laredos"],"magazineBlocksPostFeaturedMedia":{"thumbnail":"https:\/\/pornuestrolaredo.com\/wp-content\/uploads\/2023\/11\/PNL-20231112-10-150x150.jpg","medium":"https:\/\/pornuestrolaredo.com\/wp-content\/uploads\/2023\/11\/PNL-20231112-10-300x153.jpg","medium_large":"https:\/\/pornuestrolaredo.com\/wp-content\/uploads\/2023\/11\/PNL-20231112-10-768x392.jpg","large":"https:\/\/pornuestrolaredo.com\/wp-content\/uploads\/2023\/11\/PNL-20231112-10-1000x511.jpg","1536x1536":"https:\/\/pornuestrolaredo.com\/wp-content\/uploads\/2023\/11\/PNL-20231112-10-1536x784.jpg","2048x2048":"https:\/\/pornuestrolaredo.com\/wp-content\/uploads\/2023\/11\/PNL-20231112-10.jpg","morenews-large":"https:\/\/pornuestrolaredo.com\/wp-content\/uploads\/2023\/11\/PNL-20231112-10.jpg","morenews-medium":"https:\/\/pornuestrolaredo.com\/wp-content\/uploads\/2023\/11\/PNL-20231112-10.jpg"},"magazineBlocksPostAuthor":{"name":"Redactor","avatar":"https:\/\/pornuestrolaredo.com\/wp-content\/litespeed\/avatar\/dca1d7ec750c399f025f23b0b314f4cf.jpg?ver=1777612120"},"magazineBlocksPostCommentsNumber":false,"magazineBlocksPostExcerpt":"Luego de a\u00f1os de abandono, el Gobierno Municipal invertir\u00e1 64 millones de pesos en su rescate","magazineBlocksPostCategories":["Los dos Laredos"],"magazineBlocksPostViewCount":140,"magazineBlocksPostReadTime":2,"magazine_blocks_featured_image_url":{"full":["https:\/\/pornuestrolaredo.com\/wp-content\/uploads\/2023\/11\/PNL-20231112-10.jpg",1600,817,false],"medium":["https:\/\/pornuestrolaredo.com\/wp-content\/uploads\/2023\/11\/PNL-20231112-10-300x153.jpg",300,153,true],"thumbnail":["https:\/\/pornuestrolaredo.com\/wp-content\/uploads\/2023\/11\/PNL-20231112-10-150x150.jpg",150,150,true]},"magazine_blocks_author":{"display_name":"Redactor","author_link":"https:\/\/pornuestrolaredo.com\/?author=1"},"magazine_blocks_comment":0,"magazine_blocks_author_image":"https:\/\/pornuestrolaredo.com\/wp-content\/litespeed\/avatar\/dca1d7ec750c399f025f23b0b314f4cf.jpg?ver=1777612120","magazine_blocks_category":"<a href=\"#\" class=\"category-link category-link-4\">Los dos Laredos<\/a>","jetpack_publicize_connections":[],"featured_image_urls":{"full":["https:\/\/pornuestrolaredo.com\/wp-content\/uploads\/2023\/11\/PNL-20231112-10.jpg",1600,817,false],"thumbnail":["https:\/\/pornuestrolaredo.com\/wp-content\/uploads\/2023\/11\/PNL-20231112-10-150x150.jpg",150,150,true],"medium":["https:\/\/pornuestrolaredo.com\/wp-content\/uploads\/2023\/11\/PNL-20231112-10-300x153.jpg",300,153,true],"medium_large":["https:\/\/pornuestrolaredo.com\/wp-content\/uploads\/2023\/11\/PNL-20231112-10-768x392.jpg",640,327,true],"large":["https:\/\/pornuestrolaredo.com\/wp-content\/uploads\/2023\/11\/PNL-20231112-10-1000x511.jpg",640,327,true],"1536x1536":["https:\/\/pornuestrolaredo.com\/wp-content\/uploads\/2023\/11\/PNL-20231112-10-1536x784.jpg",1536,784,true],"2048x2048":["https:\/\/pornuestrolaredo.com\/wp-content\/uploads\/2023\/11\/PNL-20231112-10.jpg",1600,817,false],"morenews-large":["https:\/\/pornuestrolaredo.com\/wp-content\/uploads\/2023\/11\/PNL-20231112-10.jpg",825,421,false],"morenews-medium":["https:\/\/pornuestrolaredo.com\/wp-content\/uploads\/2023\/11\/PNL-20231112-10.jpg",590,301,false]},"author_info":{"info":["Redactor"]},"category_info":"<a href=\"https:\/\/pornuestrolaredo.com\/?cat=4\" rel=\"category\">Los dos Laredos<\/a>","tag_info":"Los dos Laredos","comment_count":"0","jetpack_featured_media_url":"https:\/\/pornuestrolaredo.com\/wp-content\/uploads\/2023\/11\/PNL-20231112-10.jpg","jetpack_sharing_enabled":true,"_links":{"self":[{"href":"https:\/\/pornuestrolaredo.com\/index.php?rest_route=\/wp\/v2\/posts\/3392","targetHints":{"allow":["GET"]}}],"collection":[{"href":"https:\/\/pornuestrolaredo.com\/index.php?rest_route=\/wp\/v2\/posts"}],"about":[{"href":"https:\/\/pornuestrolaredo.com\/index.php?rest_route=\/wp\/v2\/types\/post"}],"author":[{"embeddable":true,"href":"https:\/\/pornuestrolaredo.com\/index.php?rest_route=\/wp\/v2\/users\/1"}],"replies":[{"embeddable":true,"href":"https:\/\/pornuestrolaredo.com\/index.php?rest_route=%2Fwp%2Fv2%2Fcomments&post=3392"}],"version-history":[{"count":1,"href":"https:\/\/pornuestrolaredo.com\/index.php?rest_route=\/wp\/v2\/posts\/3392\/revisions"}],"predecessor-version":[{"id":3394,"href":"https:\/\/pornuestrolaredo.com\/index.php?rest_route=\/wp\/v2\/posts\/3392\/revisions\/3394"}],"wp:featuredmedia":[{"embeddable":true,"href":"https:\/\/pornuestrolaredo.com\/index.php?rest_route=\/wp\/v2\/media\/3393"}],"wp:attachment":[{"href":"https:\/\/pornuestrolaredo.com\/index.php?rest_route=%2Fwp%2Fv2%2Fmedia&parent=3392"}],"wp:term":[{"taxonomy":"category","embeddable":true,"href":"https:\/\/pornuestrolaredo.com\/index.php?rest_route=%2Fwp%2Fv2%2Fcategories&post=3392"},{"taxonomy":"post_tag","embeddable":true,"href":"https:\/\/pornuestrolaredo.com\/index.php?rest_route=%2Fwp%2Fv2%2Ftags&post=3392"}],"curies":[{"name":"wp","href":"https:\/\/api.w.org\/{rel}","templated":true}]}}