{"id":3395,"date":"2023-11-13T04:03:23","date_gmt":"2023-11-13T04:03:23","guid":{"rendered":"https:\/\/pornuestrolaredo.com\/?p=3395"},"modified":"2023-11-13T04:03:23","modified_gmt":"2023-11-13T04:03:23","slug":"iva-e-isr-se-mantendran-al-50-en-la-frontera","status":"publish","type":"post","link":"https:\/\/pornuestrolaredo.com\/?p=3395","title":{"rendered":"IVA e ISR se mantendr\u00e1n al 50% en la frontera"},"content":{"rendered":"<p><strong>TIJUANA.- <\/strong>El presidente Andr\u00e9s Manuel L\u00f3pez Obrador anunci\u00f3 que pretende mantener el IVA y el ISR al 50 por ciento en la frontera, a\u00fan despu\u00e9s de que deje la Presidencia de la Republica.<\/p>\n<p>En su visita a Tijuana, L\u00f3pez Obrador  anunci\u00f3 que antes de que concluya su mandato enviar\u00e1 al Congreso la iniciativa.<\/p>\n<p>Al dar a conocer un dec\u00e1logo de 10 compromisos de la federaci\u00f3n para Baja California durante el segundo informe de la gobernadora, Marina del Pilar, el L\u00f3pez Obrador asegur\u00f3 que tambi\u00e9n est\u00e1 garantizado que no haya aumentos en la gasolina.<\/p>\n<blockquote><p>Antes de concluir el mandato enviar\u00e9 una iniciativa de ley en el congreso para mantener en la frontera norte y sur la reducci\u00f3n del IVA y el ISR al 50 por ciento y se mantendr\u00e1 todo el apoyo a la frontera en cuanto a los precios de los combustibles, es decir, no van a haber aumentos en t\u00e9rminos reales&#8221;, dijo.<\/p><\/blockquote>\n<p>Desde el Centro de Convenciones de Baja California, el Presidente dijo que su administraci\u00f3n buscar\u00e1 que el salario m\u00ednimo en la frontera norte sea de 400 pesos diarios, cuando actualmente es de 312.<\/p>\n<p>Dej\u00f3 en claro que todav\u00eda es necesario acordar el incremento con los sectores obrero y empresarial, sin embargo, confi\u00f3 en que haya consenso.<\/p>\n<p>L\u00f3pez Obrador prometi\u00f3 que a finales de a\u00f1o estar\u00e1n funcionando 2 mil 750 sucursales del Banco del Bienestar en el pa\u00eds, para facilitar el cobro de pensiones a los adultos mayores y los apoyos a madres trabajadoras y personas discapacitadas.<\/p>\n","protected":false},"excerpt":{"rendered":"<p>Anuncia el presidente Andr\u00e9s Manuel L\u00f3pez Obrador que enviar\u00e1 iniciativa al Congreso antes de terminar su mandato<\/p>\n","protected":false},"author":1,"featured_media":3396,"comment_status":"closed","ping_status":"closed","sticky":false,"template":"","format":"standard","meta":{"_crdt_document":"","_jetpack_memberships_contains_paid_content":false,"footnotes":"","jetpack_publicize_message":"","jetpack_publicize_feature_enabled":true,"jetpack_social_post_already_shared":true,"jetpack_social_options":{"image_generator_settings":{"template":"highway","default_image_id":0,"font":"","enabled":false},"version":2},"_wpas_customize_per_network":false},"categories":[33],"tags":[],"class_list":["post-3395","post","type-post","status-publish","format-standard","has-post-thumbnail","hentry","category-mexico"],"magazineBlocksPostFeaturedMedia":{"thumbnail":"https:\/\/pornuestrolaredo.com\/wp-content\/uploads\/2023\/11\/Stereo91-20231112-11-150x150.jpg","medium":"https:\/\/pornuestrolaredo.com\/wp-content\/uploads\/2023\/11\/Stereo91-20231112-11-300x169.jpg","medium_large":"https:\/\/pornuestrolaredo.com\/wp-content\/uploads\/2023\/11\/Stereo91-20231112-11-768x432.jpg","large":"https:\/\/pornuestrolaredo.com\/wp-content\/uploads\/2023\/11\/Stereo91-20231112-11.jpg","1536x1536":"https:\/\/pornuestrolaredo.com\/wp-content\/uploads\/2023\/11\/Stereo91-20231112-11.jpg","2048x2048":"https:\/\/pornuestrolaredo.com\/wp-content\/uploads\/2023\/11\/Stereo91-20231112-11.jpg","morenews-large":"https:\/\/pornuestrolaredo.com\/wp-content\/uploads\/2023\/11\/Stereo91-20231112-11.jpg","morenews-medium":"https:\/\/pornuestrolaredo.com\/wp-content\/uploads\/2023\/11\/Stereo91-20231112-11.jpg"},"magazineBlocksPostAuthor":{"name":"Redactor","avatar":"https:\/\/pornuestrolaredo.com\/wp-content\/litespeed\/avatar\/dca1d7ec750c399f025f23b0b314f4cf.jpg?ver=1777612120"},"magazineBlocksPostCommentsNumber":false,"magazineBlocksPostExcerpt":"Anuncia el presidente Andr\u00e9s Manuel L\u00f3pez Obrador que enviar\u00e1 iniciativa al Congreso antes de terminar su mandato","magazineBlocksPostCategories":["Mexico"],"magazineBlocksPostViewCount":149,"magazineBlocksPostReadTime":2,"magazine_blocks_featured_image_url":{"full":["https:\/\/pornuestrolaredo.com\/wp-content\/uploads\/2023\/11\/Stereo91-20231112-11.jpg",850,478,false],"medium":["https:\/\/pornuestrolaredo.com\/wp-content\/uploads\/2023\/11\/Stereo91-20231112-11-300x169.jpg",300,169,true],"thumbnail":["https:\/\/pornuestrolaredo.com\/wp-content\/uploads\/2023\/11\/Stereo91-20231112-11-150x150.jpg",150,150,true]},"magazine_blocks_author":{"display_name":"Redactor","author_link":"https:\/\/pornuestrolaredo.com\/?author=1"},"magazine_blocks_comment":0,"magazine_blocks_author_image":"https:\/\/pornuestrolaredo.com\/wp-content\/litespeed\/avatar\/dca1d7ec750c399f025f23b0b314f4cf.jpg?ver=1777612120","magazine_blocks_category":"<a href=\"#\" class=\"category-link category-link-33\">Mexico<\/a>","jetpack_publicize_connections":[],"featured_image_urls":{"full":["https:\/\/pornuestrolaredo.com\/wp-content\/uploads\/2023\/11\/Stereo91-20231112-11.jpg",850,478,false],"thumbnail":["https:\/\/pornuestrolaredo.com\/wp-content\/uploads\/2023\/11\/Stereo91-20231112-11-150x150.jpg",150,150,true],"medium":["https:\/\/pornuestrolaredo.com\/wp-content\/uploads\/2023\/11\/Stereo91-20231112-11-300x169.jpg",300,169,true],"medium_large":["https:\/\/pornuestrolaredo.com\/wp-content\/uploads\/2023\/11\/Stereo91-20231112-11-768x432.jpg",640,360,true],"large":["https:\/\/pornuestrolaredo.com\/wp-content\/uploads\/2023\/11\/Stereo91-20231112-11.jpg",640,360,false],"1536x1536":["https:\/\/pornuestrolaredo.com\/wp-content\/uploads\/2023\/11\/Stereo91-20231112-11.jpg",850,478,false],"2048x2048":["https:\/\/pornuestrolaredo.com\/wp-content\/uploads\/2023\/11\/Stereo91-20231112-11.jpg",850,478,false],"morenews-large":["https:\/\/pornuestrolaredo.com\/wp-content\/uploads\/2023\/11\/Stereo91-20231112-11.jpg",825,464,false],"morenews-medium":["https:\/\/pornuestrolaredo.com\/wp-content\/uploads\/2023\/11\/Stereo91-20231112-11.jpg",590,332,false]},"author_info":{"info":["Redactor"]},"category_info":"<a href=\"https:\/\/pornuestrolaredo.com\/?cat=33\" rel=\"category\">Mexico<\/a>","tag_info":"Mexico","comment_count":"0","jetpack_featured_media_url":"https:\/\/pornuestrolaredo.com\/wp-content\/uploads\/2023\/11\/Stereo91-20231112-11.jpg","jetpack_sharing_enabled":true,"_links":{"self":[{"href":"https:\/\/pornuestrolaredo.com\/index.php?rest_route=\/wp\/v2\/posts\/3395","targetHints":{"allow":["GET"]}}],"collection":[{"href":"https:\/\/pornuestrolaredo.com\/index.php?rest_route=\/wp\/v2\/posts"}],"about":[{"href":"https:\/\/pornuestrolaredo.com\/index.php?rest_route=\/wp\/v2\/types\/post"}],"author":[{"embeddable":true,"href":"https:\/\/pornuestrolaredo.com\/index.php?rest_route=\/wp\/v2\/users\/1"}],"replies":[{"embeddable":true,"href":"https:\/\/pornuestrolaredo.com\/index.php?rest_route=%2Fwp%2Fv2%2Fcomments&post=3395"}],"version-history":[{"count":1,"href":"https:\/\/pornuestrolaredo.com\/index.php?rest_route=\/wp\/v2\/posts\/3395\/revisions"}],"predecessor-version":[{"id":3397,"href":"https:\/\/pornuestrolaredo.com\/index.php?rest_route=\/wp\/v2\/posts\/3395\/revisions\/3397"}],"wp:featuredmedia":[{"embeddable":true,"href":"https:\/\/pornuestrolaredo.com\/index.php?rest_route=\/wp\/v2\/media\/3396"}],"wp:attachment":[{"href":"https:\/\/pornuestrolaredo.com\/index.php?rest_route=%2Fwp%2Fv2%2Fmedia&parent=3395"}],"wp:term":[{"taxonomy":"category","embeddable":true,"href":"https:\/\/pornuestrolaredo.com\/index.php?rest_route=%2Fwp%2Fv2%2Fcategories&post=3395"},{"taxonomy":"post_tag","embeddable":true,"href":"https:\/\/pornuestrolaredo.com\/index.php?rest_route=%2Fwp%2Fv2%2Ftags&post=3395"}],"curies":[{"name":"wp","href":"https:\/\/api.w.org\/{rel}","templated":true}]}}