{"id":3398,"date":"2023-11-13T04:16:18","date_gmt":"2023-11-13T04:16:18","guid":{"rendered":"https:\/\/pornuestrolaredo.com\/?p=3398"},"modified":"2023-11-13T04:16:18","modified_gmt":"2023-11-13T04:16:18","slug":"emprenden-jornada-de-adopcion-de-animalitos","status":"publish","type":"post","link":"https:\/\/pornuestrolaredo.com\/?p=3398","title":{"rendered":"Emprenden jornada de adopci\u00f3n de animalitos"},"content":{"rendered":"<p><strong>NUEVO LAREDO.- <\/strong> Como una iniciativa del Gobierno de Nuevo Laredo para brindar hogar a perros y gatos que se encuentran en situaci\u00f3n de calle, a trav\u00e9s del Consejo Municipal de la Salud Animal (COMUSA), se puso en marcha una jornada de adopci\u00f3n para las mascotas abandonadas.<\/p>\n<p>La directora del Centro de Control y Atenci\u00f3n Canino, Mar\u00eda Fernanda Carmona Cavazos, quien se sum\u00f3 a esta actividad, expres\u00f3 que mediante este proyecto se le brindar\u00e1 la oportunidad a perros y gatos rescatados de tener un hogar, salud, alimento y amor.<\/p>\n<blockquote><p>Aqu\u00ed llevamos una adopci\u00f3n responsable, porque las mascotas rescatadas pasaron por un mal momento, algunos hasta cr\u00edticos y por ello los interesados deber\u00e1n acreditar una entrevista, llenar un formulario y dar un seguimiento con fotos y videos sobre el perro o gato que se adopt\u00f3\u201d, indic\u00f3.<\/p><\/blockquote>\n<p>Detall\u00f3 que los animales adoptados se entregan esterilizados, ba\u00f1ados, vacunados contra la rabia y desparasitados.<\/p>\n<p>Las adopciones de perros y gatos se dividen en dos d\u00edas: el primero ser\u00e1 el \u201cMi\u00e9rcoles Felino\u201d en Veterinaria Laredo ubicada en Avenida Ocampo #3216 desde las 10:00 AM hasta las 8:00 PM y el \u201cViernes Canino\u201d en la Plaza Zaragoza frente la Catedral por Paseo Col\u00f3n en un horario de 4:00 PM a 8:00 PM.<\/p>\n","protected":false},"excerpt":{"rendered":"<p>Se trata de perros y gatos que fueron rescatados y a los que se les dar\u00e1 seguimiento para que tengan un hogar digno<\/p>\n","protected":false},"author":1,"featured_media":3399,"comment_status":"closed","ping_status":"closed","sticky":false,"template":"","format":"standard","meta":{"_crdt_document":"","_jetpack_memberships_contains_paid_content":false,"footnotes":"","jetpack_publicize_message":"","jetpack_publicize_feature_enabled":true,"jetpack_social_post_already_shared":true,"jetpack_social_options":{"image_generator_settings":{"template":"highway","default_image_id":0,"font":"","enabled":false},"version":2},"_wpas_customize_per_network":false},"categories":[4],"tags":[],"class_list":["post-3398","post","type-post","status-publish","format-standard","has-post-thumbnail","hentry","category-los-dos-laredos"],"magazineBlocksPostFeaturedMedia":{"thumbnail":"https:\/\/pornuestrolaredo.com\/wp-content\/uploads\/2023\/11\/PNL-20231112-12-150x150.jpg","medium":"https:\/\/pornuestrolaredo.com\/wp-content\/uploads\/2023\/11\/PNL-20231112-12-300x179.jpg","medium_large":"https:\/\/pornuestrolaredo.com\/wp-content\/uploads\/2023\/11\/PNL-20231112-12-768x459.jpg","large":"https:\/\/pornuestrolaredo.com\/wp-content\/uploads\/2023\/11\/PNL-20231112-12.jpg","1536x1536":"https:\/\/pornuestrolaredo.com\/wp-content\/uploads\/2023\/11\/PNL-20231112-12.jpg","2048x2048":"https:\/\/pornuestrolaredo.com\/wp-content\/uploads\/2023\/11\/PNL-20231112-12.jpg","morenews-large":"https:\/\/pornuestrolaredo.com\/wp-content\/uploads\/2023\/11\/PNL-20231112-12.jpg","morenews-medium":"https:\/\/pornuestrolaredo.com\/wp-content\/uploads\/2023\/11\/PNL-20231112-12.jpg"},"magazineBlocksPostAuthor":{"name":"Redactor","avatar":"https:\/\/pornuestrolaredo.com\/wp-content\/litespeed\/avatar\/dca1d7ec750c399f025f23b0b314f4cf.jpg?ver=1777612120"},"magazineBlocksPostCommentsNumber":false,"magazineBlocksPostExcerpt":"Se trata de perros y gatos que fueron rescatados y a los que se les dar\u00e1 seguimiento para que tengan un hogar digno","magazineBlocksPostCategories":["Los dos Laredos"],"magazineBlocksPostViewCount":137,"magazineBlocksPostReadTime":2,"magazine_blocks_featured_image_url":{"full":["https:\/\/pornuestrolaredo.com\/wp-content\/uploads\/2023\/11\/PNL-20231112-12.jpg",850,508,false],"medium":["https:\/\/pornuestrolaredo.com\/wp-content\/uploads\/2023\/11\/PNL-20231112-12-300x179.jpg",300,179,true],"thumbnail":["https:\/\/pornuestrolaredo.com\/wp-content\/uploads\/2023\/11\/PNL-20231112-12-150x150.jpg",150,150,true]},"magazine_blocks_author":{"display_name":"Redactor","author_link":"https:\/\/pornuestrolaredo.com\/?author=1"},"magazine_blocks_comment":0,"magazine_blocks_author_image":"https:\/\/pornuestrolaredo.com\/wp-content\/litespeed\/avatar\/dca1d7ec750c399f025f23b0b314f4cf.jpg?ver=1777612120","magazine_blocks_category":"<a href=\"#\" class=\"category-link category-link-4\">Los dos Laredos<\/a>","jetpack_publicize_connections":[],"featured_image_urls":{"full":["https:\/\/pornuestrolaredo.com\/wp-content\/uploads\/2023\/11\/PNL-20231112-12.jpg",850,508,false],"thumbnail":["https:\/\/pornuestrolaredo.com\/wp-content\/uploads\/2023\/11\/PNL-20231112-12-150x150.jpg",150,150,true],"medium":["https:\/\/pornuestrolaredo.com\/wp-content\/uploads\/2023\/11\/PNL-20231112-12-300x179.jpg",300,179,true],"medium_large":["https:\/\/pornuestrolaredo.com\/wp-content\/uploads\/2023\/11\/PNL-20231112-12-768x459.jpg",640,383,true],"large":["https:\/\/pornuestrolaredo.com\/wp-content\/uploads\/2023\/11\/PNL-20231112-12.jpg",640,382,false],"1536x1536":["https:\/\/pornuestrolaredo.com\/wp-content\/uploads\/2023\/11\/PNL-20231112-12.jpg",850,508,false],"2048x2048":["https:\/\/pornuestrolaredo.com\/wp-content\/uploads\/2023\/11\/PNL-20231112-12.jpg",850,508,false],"morenews-large":["https:\/\/pornuestrolaredo.com\/wp-content\/uploads\/2023\/11\/PNL-20231112-12.jpg",825,493,false],"morenews-medium":["https:\/\/pornuestrolaredo.com\/wp-content\/uploads\/2023\/11\/PNL-20231112-12.jpg",590,353,false]},"author_info":{"info":["Redactor"]},"category_info":"<a href=\"https:\/\/pornuestrolaredo.com\/?cat=4\" rel=\"category\">Los dos Laredos<\/a>","tag_info":"Los dos Laredos","comment_count":"0","jetpack_featured_media_url":"https:\/\/pornuestrolaredo.com\/wp-content\/uploads\/2023\/11\/PNL-20231112-12.jpg","jetpack_sharing_enabled":true,"_links":{"self":[{"href":"https:\/\/pornuestrolaredo.com\/index.php?rest_route=\/wp\/v2\/posts\/3398","targetHints":{"allow":["GET"]}}],"collection":[{"href":"https:\/\/pornuestrolaredo.com\/index.php?rest_route=\/wp\/v2\/posts"}],"about":[{"href":"https:\/\/pornuestrolaredo.com\/index.php?rest_route=\/wp\/v2\/types\/post"}],"author":[{"embeddable":true,"href":"https:\/\/pornuestrolaredo.com\/index.php?rest_route=\/wp\/v2\/users\/1"}],"replies":[{"embeddable":true,"href":"https:\/\/pornuestrolaredo.com\/index.php?rest_route=%2Fwp%2Fv2%2Fcomments&post=3398"}],"version-history":[{"count":1,"href":"https:\/\/pornuestrolaredo.com\/index.php?rest_route=\/wp\/v2\/posts\/3398\/revisions"}],"predecessor-version":[{"id":3400,"href":"https:\/\/pornuestrolaredo.com\/index.php?rest_route=\/wp\/v2\/posts\/3398\/revisions\/3400"}],"wp:featuredmedia":[{"embeddable":true,"href":"https:\/\/pornuestrolaredo.com\/index.php?rest_route=\/wp\/v2\/media\/3399"}],"wp:attachment":[{"href":"https:\/\/pornuestrolaredo.com\/index.php?rest_route=%2Fwp%2Fv2%2Fmedia&parent=3398"}],"wp:term":[{"taxonomy":"category","embeddable":true,"href":"https:\/\/pornuestrolaredo.com\/index.php?rest_route=%2Fwp%2Fv2%2Fcategories&post=3398"},{"taxonomy":"post_tag","embeddable":true,"href":"https:\/\/pornuestrolaredo.com\/index.php?rest_route=%2Fwp%2Fv2%2Ftags&post=3398"}],"curies":[{"name":"wp","href":"https:\/\/api.w.org\/{rel}","templated":true}]}}