{"id":341,"date":"2022-09-18T18:45:32","date_gmt":"2022-09-18T18:45:32","guid":{"rendered":"https:\/\/pornuestrolaredo.com\/?p=341"},"modified":"2022-09-18T18:45:32","modified_gmt":"2022-09-18T18:45:32","slug":"%ef%bf%bctormenta-tropical-lester-mata-a-pescador-en-guerrero","status":"publish","type":"post","link":"https:\/\/pornuestrolaredo.com\/?p=341","title":{"rendered":"\ufffcTormenta tropical Lester mata a pescador en Guerrero"},"content":{"rendered":"\n<p class=\"wp-block-paragraph\"><strong><em>ACAPULCO.- <\/em><\/strong>&nbsp;La Secretar\u00eda de Protecci\u00f3n Civil (PC) de Guerrero confirm\u00f3 el fallecimiento de una persona a causa de la tormenta tropical Lester, el s\u00e1bado por la ma\u00f1ana en el municipio de Marquelia, en la regi\u00f3n de Costa Chica.<\/p>\n\n\n\n<p class=\"wp-block-paragraph\">Se trata de un pescador de 50 a\u00f1os, de nombre Vicente Luna Ocampo, originario de la playa La Bocana, quien de acuerdo a protecci\u00f3n civil municipal, perdi\u00f3 la vida ahogado al tratar de ingresar al mar para sacar una red de pesca, el s\u00e1bado a las 7:00 de la ma\u00f1ana.<\/p>\n\n\n\n<p class=\"wp-block-paragraph\">En el \u00faltimo corte, efectuado el domingo a las 7:00 de la ma\u00f1ana, Protecci\u00f3n Civil report\u00f3 da\u00f1os diversos en 17 municipios del estado de Guerrero por el paso de Lester.<\/p>\n\n\n\n<p class=\"wp-block-paragraph\">Tambi\u00e9n fueron rescatadas 15 personas, 12 de ellas en Chilpancingo y tres en Petatl\u00e1n, de acuerdo con Protecci\u00f3n Civil, que reporta derrumbes carreteros en los municipios de Leonardo Bravo, Tlacoachistlahuaca, Chilpancingo, Jos\u00e9 Joaqu\u00edn de Herrera, Ayutla y Ometepec.<\/p>\n\n\n\n<p class=\"wp-block-paragraph\">Los municipios m\u00e1s afectados por inundaci\u00f3n de viviendas, fueron Tixtla, Chilpancingo, Iguala, Coyuca de Ben\u00edtez y Tlacoachistlahuaca.<\/p>\n\n\n\n<p class=\"wp-block-paragraph\">Tambi\u00e9n se reportaron 17 derrumbes en diferentes carreteras de la entidad, y tres comunidades incomunicadas, en los municipios de Juchit\u00e1n, Copala y Jos\u00e9 Joaqu\u00edn de Herrera. Se habilitaron refugios temporales, uno en Chilpancingo, que fue utilizado por 45 personas, y en Tixtla, que fue ocupado por ocho personas.<\/p>\n","protected":false},"excerpt":{"rendered":"<p>ACAPULCO.- &nbsp;La Secretar\u00eda de Protecci\u00f3n Civil (PC) de Guerrero confirm\u00f3 el fallecimiento de una persona a causa de<\/p>\n","protected":false},"author":1,"featured_media":342,"comment_status":"open","ping_status":"open","sticky":false,"template":"","format":"standard","meta":{"_crdt_document":"","_jetpack_memberships_contains_paid_content":false,"footnotes":"","jetpack_publicize_message":"Hay da\u00f1os en viviendas, rescate de 15 personas y 17 derrumbes en las carreteras","jetpack_publicize_feature_enabled":true,"jetpack_social_post_already_shared":true,"jetpack_social_options":{"image_generator_settings":{"template":"highway","default_image_id":0,"font":"","enabled":false},"version":2},"_wpas_customize_per_network":false},"categories":[9],"tags":[],"class_list":["post-341","post","type-post","status-publish","format-standard","has-post-thumbnail","hentry","category-el-mundo"],"magazineBlocksPostFeaturedMedia":{"thumbnail":"https:\/\/pornuestrolaredo.com\/wp-content\/uploads\/2022\/09\/PNL-20220918-4-150x150.jpeg","medium":"https:\/\/pornuestrolaredo.com\/wp-content\/uploads\/2022\/09\/PNL-20220918-4-300x225.jpeg","medium_large":"https:\/\/pornuestrolaredo.com\/wp-content\/uploads\/2022\/09\/PNL-20220918-4-768x576.jpeg","large":"https:\/\/pornuestrolaredo.com\/wp-content\/uploads\/2022\/09\/PNL-20220918-4-1024x768.jpeg","1536x1536":"https:\/\/pornuestrolaredo.com\/wp-content\/uploads\/2022\/09\/PNL-20220918-4.jpeg","2048x2048":"https:\/\/pornuestrolaredo.com\/wp-content\/uploads\/2022\/09\/PNL-20220918-4.jpeg","morenews-large":"https:\/\/pornuestrolaredo.com\/wp-content\/uploads\/2022\/09\/PNL-20220918-4.jpeg","morenews-medium":"https:\/\/pornuestrolaredo.com\/wp-content\/uploads\/2022\/09\/PNL-20220918-4.jpeg"},"magazineBlocksPostAuthor":{"name":"Redactor","avatar":"https:\/\/pornuestrolaredo.com\/wp-content\/litespeed\/avatar\/dca1d7ec750c399f025f23b0b314f4cf.jpg?ver=1777612120"},"magazineBlocksPostCommentsNumber":false,"magazineBlocksPostExcerpt":"ACAPULCO.- &nbsp;La Secretar\u00eda de Protecci\u00f3n Civil (PC) de Guerrero confirm\u00f3 el fallecimiento de una persona a causa de","magazineBlocksPostCategories":["El Mundo"],"magazineBlocksPostViewCount":127,"magazineBlocksPostReadTime":2,"magazine_blocks_featured_image_url":{"full":["https:\/\/pornuestrolaredo.com\/wp-content\/uploads\/2022\/09\/PNL-20220918-4.jpeg",1280,960,false],"medium":["https:\/\/pornuestrolaredo.com\/wp-content\/uploads\/2022\/09\/PNL-20220918-4-300x225.jpeg",300,225,true],"thumbnail":["https:\/\/pornuestrolaredo.com\/wp-content\/uploads\/2022\/09\/PNL-20220918-4-150x150.jpeg",150,150,true]},"magazine_blocks_author":{"display_name":"Redactor","author_link":"https:\/\/pornuestrolaredo.com\/?author=1"},"magazine_blocks_comment":0,"magazine_blocks_author_image":"https:\/\/pornuestrolaredo.com\/wp-content\/litespeed\/avatar\/dca1d7ec750c399f025f23b0b314f4cf.jpg?ver=1777612120","magazine_blocks_category":"<a href=\"#\" class=\"category-link category-link-9\">El Mundo<\/a>","jetpack_publicize_connections":[],"featured_image_urls":{"full":["https:\/\/pornuestrolaredo.com\/wp-content\/uploads\/2022\/09\/PNL-20220918-4.jpeg",1280,960,false],"thumbnail":["https:\/\/pornuestrolaredo.com\/wp-content\/uploads\/2022\/09\/PNL-20220918-4-150x150.jpeg",150,150,true],"medium":["https:\/\/pornuestrolaredo.com\/wp-content\/uploads\/2022\/09\/PNL-20220918-4-300x225.jpeg",300,225,true],"medium_large":["https:\/\/pornuestrolaredo.com\/wp-content\/uploads\/2022\/09\/PNL-20220918-4-768x576.jpeg",640,480,true],"large":["https:\/\/pornuestrolaredo.com\/wp-content\/uploads\/2022\/09\/PNL-20220918-4-1024x768.jpeg",640,480,true],"1536x1536":["https:\/\/pornuestrolaredo.com\/wp-content\/uploads\/2022\/09\/PNL-20220918-4.jpeg",1280,960,false],"2048x2048":["https:\/\/pornuestrolaredo.com\/wp-content\/uploads\/2022\/09\/PNL-20220918-4.jpeg",1280,960,false],"morenews-large":["https:\/\/pornuestrolaredo.com\/wp-content\/uploads\/2022\/09\/PNL-20220918-4.jpeg",767,575,false],"morenews-medium":["https:\/\/pornuestrolaredo.com\/wp-content\/uploads\/2022\/09\/PNL-20220918-4.jpeg",547,410,false]},"author_info":{"info":["Redactor"]},"category_info":"<a href=\"https:\/\/pornuestrolaredo.com\/?cat=9\" rel=\"category\">El Mundo<\/a>","tag_info":"El Mundo","comment_count":"0","jetpack_featured_media_url":"https:\/\/pornuestrolaredo.com\/wp-content\/uploads\/2022\/09\/PNL-20220918-4.jpeg","jetpack_sharing_enabled":true,"_links":{"self":[{"href":"https:\/\/pornuestrolaredo.com\/index.php?rest_route=\/wp\/v2\/posts\/341","targetHints":{"allow":["GET"]}}],"collection":[{"href":"https:\/\/pornuestrolaredo.com\/index.php?rest_route=\/wp\/v2\/posts"}],"about":[{"href":"https:\/\/pornuestrolaredo.com\/index.php?rest_route=\/wp\/v2\/types\/post"}],"author":[{"embeddable":true,"href":"https:\/\/pornuestrolaredo.com\/index.php?rest_route=\/wp\/v2\/users\/1"}],"replies":[{"embeddable":true,"href":"https:\/\/pornuestrolaredo.com\/index.php?rest_route=%2Fwp%2Fv2%2Fcomments&post=341"}],"version-history":[{"count":1,"href":"https:\/\/pornuestrolaredo.com\/index.php?rest_route=\/wp\/v2\/posts\/341\/revisions"}],"predecessor-version":[{"id":343,"href":"https:\/\/pornuestrolaredo.com\/index.php?rest_route=\/wp\/v2\/posts\/341\/revisions\/343"}],"wp:featuredmedia":[{"embeddable":true,"href":"https:\/\/pornuestrolaredo.com\/index.php?rest_route=\/wp\/v2\/media\/342"}],"wp:attachment":[{"href":"https:\/\/pornuestrolaredo.com\/index.php?rest_route=%2Fwp%2Fv2%2Fmedia&parent=341"}],"wp:term":[{"taxonomy":"category","embeddable":true,"href":"https:\/\/pornuestrolaredo.com\/index.php?rest_route=%2Fwp%2Fv2%2Fcategories&post=341"},{"taxonomy":"post_tag","embeddable":true,"href":"https:\/\/pornuestrolaredo.com\/index.php?rest_route=%2Fwp%2Fv2%2Ftags&post=341"}],"curies":[{"name":"wp","href":"https:\/\/api.w.org\/{rel}","templated":true}]}}