{"id":3414,"date":"2023-11-15T07:54:27","date_gmt":"2023-11-15T07:54:27","guid":{"rendered":"https:\/\/pornuestrolaredo.com\/?p=3414"},"modified":"2023-11-15T07:54:27","modified_gmt":"2023-11-15T07:54:27","slug":"este-domingo-el-sorteo-del-servicio-militar","status":"publish","type":"post","link":"https:\/\/pornuestrolaredo.com\/?p=3414","title":{"rendered":"Este domingo, el sorteo del Servicio Militar"},"content":{"rendered":"<p><strong>NUEVO LAREDO.- <\/strong>Para cumplir con sus obligaciones como mexicanos, el Gobierno Municipal a trav\u00e9s de la Junta Municipal de Reclutamiento, hace un llamado a los 927 neolaredenses inscritos al Servicio Militar Nacional (SMN) a acudir al sorteo de conscriptos clase 2005 y remisos.<\/p>\n<p>Fernando Gayt\u00e1n Vela, coordinador de la Oficina Municipal de Reclutamiento, dio a conocer que en el sorteo, donde participar\u00e1n 702 j\u00f3venes de la clase 2005 y 225 remisos, se llevar\u00e1 a cabo  el domingo 26 de noviembre en el Polyf\u00f3rum La Fe \u201cRodolfo Torre Cant\u00fa\u201d a partir de las 8:00 de la ma\u00f1ana<\/p>\n<blockquote><p>Invitamos a todos los j\u00f3venes para que acudan al sorteo y cumplan con este deber c\u00edvico, hay que recordar que adem\u00e1s de ser un tr\u00e1mite muy importante durante su servicio aprender\u00e1n y desarrollar\u00e1n nuevas habilidades, adem\u00e1s que dar\u00e1n apoyo a la comunidad\u201d, coment\u00f3 Gayt\u00e1n Vela.<\/p><\/blockquote>\n<p>Los participantes que cumplir\u00e1n con el SMN se determinar\u00e1n mediante una t\u00f3mbola que contiene bolas blancas y negras; la primera significa que el candidato realizar\u00e1 el servicio de forma obligatoria, y quienes resulten  sorteados con la otra, se salvan de acudir a las actividades semanales.<\/p>\n<p>Al finalizar el SMN, los conscriptos y remisos que concluyeron con sus obligaciones, se les entregar\u00e1 la cartilla militar, un documento que cuenta como identificaci\u00f3n oficial y necesario para la realizaci\u00f3n de diversos tr\u00e1mites.<\/p>\n","protected":false},"excerpt":{"rendered":"<p>Se hace llamado a los 927 neolaredenses inscritos en el Servicio Militar Nacional a que acudan al Polyf\u00f3rum La Fe<\/p>\n","protected":false},"author":1,"featured_media":3415,"comment_status":"closed","ping_status":"closed","sticky":false,"template":"","format":"standard","meta":{"_crdt_document":"","_jetpack_memberships_contains_paid_content":false,"footnotes":"","jetpack_publicize_message":"","jetpack_publicize_feature_enabled":true,"jetpack_social_post_already_shared":true,"jetpack_social_options":{"image_generator_settings":{"template":"highway","default_image_id":0,"font":"","enabled":false},"version":2},"_wpas_customize_per_network":false},"categories":[4],"tags":[],"class_list":["post-3414","post","type-post","status-publish","format-standard","has-post-thumbnail","hentry","category-los-dos-laredos"],"magazineBlocksPostFeaturedMedia":{"thumbnail":"https:\/\/pornuestrolaredo.com\/wp-content\/uploads\/2023\/11\/PNL-20231115-4-150x150.jpg","medium":"https:\/\/pornuestrolaredo.com\/wp-content\/uploads\/2023\/11\/PNL-20231115-4-300x200.jpg","medium_large":"https:\/\/pornuestrolaredo.com\/wp-content\/uploads\/2023\/11\/PNL-20231115-4-768x512.jpg","large":"https:\/\/pornuestrolaredo.com\/wp-content\/uploads\/2023\/11\/PNL-20231115-4.jpg","1536x1536":"https:\/\/pornuestrolaredo.com\/wp-content\/uploads\/2023\/11\/PNL-20231115-4.jpg","2048x2048":"https:\/\/pornuestrolaredo.com\/wp-content\/uploads\/2023\/11\/PNL-20231115-4.jpg","morenews-large":"https:\/\/pornuestrolaredo.com\/wp-content\/uploads\/2023\/11\/PNL-20231115-4.jpg","morenews-medium":"https:\/\/pornuestrolaredo.com\/wp-content\/uploads\/2023\/11\/PNL-20231115-4.jpg"},"magazineBlocksPostAuthor":{"name":"Redactor","avatar":"https:\/\/pornuestrolaredo.com\/wp-content\/litespeed\/avatar\/dca1d7ec750c399f025f23b0b314f4cf.jpg?ver=1777612120"},"magazineBlocksPostCommentsNumber":false,"magazineBlocksPostExcerpt":"Se hace llamado a los 927 neolaredenses inscritos en el Servicio Militar Nacional a que acudan al Polyf\u00f3rum La Fe","magazineBlocksPostCategories":["Los dos Laredos"],"magazineBlocksPostViewCount":134,"magazineBlocksPostReadTime":2,"magazine_blocks_featured_image_url":{"full":["https:\/\/pornuestrolaredo.com\/wp-content\/uploads\/2023\/11\/PNL-20231115-4.jpg",850,567,false],"medium":["https:\/\/pornuestrolaredo.com\/wp-content\/uploads\/2023\/11\/PNL-20231115-4-300x200.jpg",300,200,true],"thumbnail":["https:\/\/pornuestrolaredo.com\/wp-content\/uploads\/2023\/11\/PNL-20231115-4-150x150.jpg",150,150,true]},"magazine_blocks_author":{"display_name":"Redactor","author_link":"https:\/\/pornuestrolaredo.com\/?author=1"},"magazine_blocks_comment":0,"magazine_blocks_author_image":"https:\/\/pornuestrolaredo.com\/wp-content\/litespeed\/avatar\/dca1d7ec750c399f025f23b0b314f4cf.jpg?ver=1777612120","magazine_blocks_category":"<a href=\"#\" class=\"category-link category-link-4\">Los dos Laredos<\/a>","jetpack_publicize_connections":[],"featured_image_urls":{"full":["https:\/\/pornuestrolaredo.com\/wp-content\/uploads\/2023\/11\/PNL-20231115-4.jpg",850,567,false],"thumbnail":["https:\/\/pornuestrolaredo.com\/wp-content\/uploads\/2023\/11\/PNL-20231115-4-150x150.jpg",150,150,true],"medium":["https:\/\/pornuestrolaredo.com\/wp-content\/uploads\/2023\/11\/PNL-20231115-4-300x200.jpg",300,200,true],"medium_large":["https:\/\/pornuestrolaredo.com\/wp-content\/uploads\/2023\/11\/PNL-20231115-4-768x512.jpg",640,427,true],"large":["https:\/\/pornuestrolaredo.com\/wp-content\/uploads\/2023\/11\/PNL-20231115-4.jpg",640,427,false],"1536x1536":["https:\/\/pornuestrolaredo.com\/wp-content\/uploads\/2023\/11\/PNL-20231115-4.jpg",850,567,false],"2048x2048":["https:\/\/pornuestrolaredo.com\/wp-content\/uploads\/2023\/11\/PNL-20231115-4.jpg",850,567,false],"morenews-large":["https:\/\/pornuestrolaredo.com\/wp-content\/uploads\/2023\/11\/PNL-20231115-4.jpg",825,550,false],"morenews-medium":["https:\/\/pornuestrolaredo.com\/wp-content\/uploads\/2023\/11\/PNL-20231115-4.jpg",590,394,false]},"author_info":{"info":["Redactor"]},"category_info":"<a href=\"https:\/\/pornuestrolaredo.com\/?cat=4\" rel=\"category\">Los dos Laredos<\/a>","tag_info":"Los dos Laredos","comment_count":"0","jetpack_featured_media_url":"https:\/\/pornuestrolaredo.com\/wp-content\/uploads\/2023\/11\/PNL-20231115-4.jpg","jetpack_sharing_enabled":true,"_links":{"self":[{"href":"https:\/\/pornuestrolaredo.com\/index.php?rest_route=\/wp\/v2\/posts\/3414","targetHints":{"allow":["GET"]}}],"collection":[{"href":"https:\/\/pornuestrolaredo.com\/index.php?rest_route=\/wp\/v2\/posts"}],"about":[{"href":"https:\/\/pornuestrolaredo.com\/index.php?rest_route=\/wp\/v2\/types\/post"}],"author":[{"embeddable":true,"href":"https:\/\/pornuestrolaredo.com\/index.php?rest_route=\/wp\/v2\/users\/1"}],"replies":[{"embeddable":true,"href":"https:\/\/pornuestrolaredo.com\/index.php?rest_route=%2Fwp%2Fv2%2Fcomments&post=3414"}],"version-history":[{"count":1,"href":"https:\/\/pornuestrolaredo.com\/index.php?rest_route=\/wp\/v2\/posts\/3414\/revisions"}],"predecessor-version":[{"id":3416,"href":"https:\/\/pornuestrolaredo.com\/index.php?rest_route=\/wp\/v2\/posts\/3414\/revisions\/3416"}],"wp:featuredmedia":[{"embeddable":true,"href":"https:\/\/pornuestrolaredo.com\/index.php?rest_route=\/wp\/v2\/media\/3415"}],"wp:attachment":[{"href":"https:\/\/pornuestrolaredo.com\/index.php?rest_route=%2Fwp%2Fv2%2Fmedia&parent=3414"}],"wp:term":[{"taxonomy":"category","embeddable":true,"href":"https:\/\/pornuestrolaredo.com\/index.php?rest_route=%2Fwp%2Fv2%2Fcategories&post=3414"},{"taxonomy":"post_tag","embeddable":true,"href":"https:\/\/pornuestrolaredo.com\/index.php?rest_route=%2Fwp%2Fv2%2Ftags&post=3414"}],"curies":[{"name":"wp","href":"https:\/\/api.w.org\/{rel}","templated":true}]}}