{"id":3417,"date":"2023-11-15T07:59:29","date_gmt":"2023-11-15T07:59:29","guid":{"rendered":"https:\/\/pornuestrolaredo.com\/?p=3417"},"modified":"2023-11-15T07:59:29","modified_gmt":"2023-11-15T07:59:29","slug":"rehabilitan-la-unidad-deportiva-benito-juarez","status":"publish","type":"post","link":"https:\/\/pornuestrolaredo.com\/?p=3417","title":{"rendered":"Rehabilitan la Unidad Deportiva Benito Ju\u00e1rez"},"content":{"rendered":"<p><strong><em>NUEVO LAREDO.- <\/em><\/strong>Para brindar a las familias y atletas neolaredenses espacios deportivos dignos y de calidad, el Gobierno Municipal efect\u00faa una inversi\u00f3n de 9 millones 545 mil 694 pesos para la remodelaci\u00f3n y rehabilitaci\u00f3n de diversas \u00e1reas en la Unidad Deportiva \u201cBenito Ju\u00e1rez\u201d.<\/p>\n<p>En el lugar se llevan a cabo cinco obras, de las cuales la remodelaci\u00f3n de canchas externas de baloncesto y voleibol, as\u00ed como la sustituci\u00f3n del alumbrado general se encuentran al 100%; mientras que la rehabilitaci\u00f3n de la cancha de voleibol playero se encuentra con 99% de avance.<\/p>\n<p>La remodelaci\u00f3n de ba\u00f1os de las gradas y reparaci\u00f3n de firmes lleva un 65% de progreso y la obra m\u00e1s reciente que corresponde a la remodelaci\u00f3n del nuevo gimnasio de baloncesto se encuentra con 30% de avance.<\/p>\n<p>La alcaldesa, Carmen Lilia Canturosas Villarreal, se\u00f1al\u00f3 que tan s\u00f3lo en el 2023 en la Unidad Deportiva se han invertido m\u00e1s de 9 millones y medio de pesos para transformar los gimnasios, diferentes canchas, dotar de equipamiento e iluminar todo el complejo deportivo.<\/p>\n<blockquote><p>Tenemos claro que a trav\u00e9s del deporte podemos elevar la calidad de vida de miles de ni\u00f1as, ni\u00f1os y j\u00f3venes, que a trav\u00e9s del deporte mejoramos el entorno social de nuestra ciudad y que a trav\u00e9s del deporte sentamos las bases para consolidar la transformaci\u00f3n de Nuevo Laredo\u201d, reiter\u00f3.<\/p><\/blockquote>\n<p>La presidenta municipal dio a conocer que los trabajos pendientes son la finalizaci\u00f3n de la cancha de voleibol de playa, as\u00ed como la remodelaci\u00f3n de los  ba\u00f1os ubicados en las gradas y la reparaci\u00f3n de firmes.<\/p>\n<p>Destac\u00f3 que desde el inicio de la administraci\u00f3n se han destinado importantes recursos para el rescate de espacios deportivos a lo largo y ancho de la ciudad, adem\u00e1s de la inversi\u00f3n en equipamiento para los diferentes gimnasios municipales.<\/p>\n<p>Estas inversiones son parte del compromiso que tiene el Gobierno Municipal para mejorar la calidad de vida de los neolaredenses, impulsar las actividades sanas y fomentar el desarrollo de futuros deportistas.<\/p>\n","protected":false},"excerpt":{"rendered":"<p>Invierte el Gobierno Municipal 9 millones 545 mil 694 pesos para transformar y dignificar este espacio de esparcimiento<\/p>\n","protected":false},"author":1,"featured_media":3418,"comment_status":"closed","ping_status":"closed","sticky":false,"template":"","format":"standard","meta":{"_crdt_document":"","_jetpack_memberships_contains_paid_content":false,"footnotes":"","jetpack_publicize_message":"","jetpack_publicize_feature_enabled":true,"jetpack_social_post_already_shared":true,"jetpack_social_options":{"image_generator_settings":{"template":"highway","default_image_id":0,"font":"","enabled":false},"version":2},"_wpas_customize_per_network":false},"categories":[4],"tags":[],"class_list":["post-3417","post","type-post","status-publish","format-standard","has-post-thumbnail","hentry","category-los-dos-laredos"],"magazineBlocksPostFeaturedMedia":{"thumbnail":"https:\/\/pornuestrolaredo.com\/wp-content\/uploads\/2023\/11\/PNL-20231115-3-150x150.jpg","medium":"https:\/\/pornuestrolaredo.com\/wp-content\/uploads\/2023\/11\/PNL-20231115-3-300x183.jpg","medium_large":"https:\/\/pornuestrolaredo.com\/wp-content\/uploads\/2023\/11\/PNL-20231115-3-768x469.jpg","large":"https:\/\/pornuestrolaredo.com\/wp-content\/uploads\/2023\/11\/PNL-20231115-3-1000x611.jpg","1536x1536":"https:\/\/pornuestrolaredo.com\/wp-content\/uploads\/2023\/11\/PNL-20231115-3-1536x939.jpg","2048x2048":"https:\/\/pornuestrolaredo.com\/wp-content\/uploads\/2023\/11\/PNL-20231115-3.jpg","morenews-large":"https:\/\/pornuestrolaredo.com\/wp-content\/uploads\/2023\/11\/PNL-20231115-3.jpg","morenews-medium":"https:\/\/pornuestrolaredo.com\/wp-content\/uploads\/2023\/11\/PNL-20231115-3.jpg"},"magazineBlocksPostAuthor":{"name":"Redactor","avatar":"https:\/\/pornuestrolaredo.com\/wp-content\/litespeed\/avatar\/dca1d7ec750c399f025f23b0b314f4cf.jpg?ver=1777612120"},"magazineBlocksPostCommentsNumber":false,"magazineBlocksPostExcerpt":"Invierte el Gobierno Municipal 9 millones 545 mil 694 pesos para transformar y dignificar este espacio de esparcimiento","magazineBlocksPostCategories":["Los dos Laredos"],"magazineBlocksPostViewCount":145,"magazineBlocksPostReadTime":2,"magazine_blocks_featured_image_url":{"full":["https:\/\/pornuestrolaredo.com\/wp-content\/uploads\/2023\/11\/PNL-20231115-3.jpg",1600,978,false],"medium":["https:\/\/pornuestrolaredo.com\/wp-content\/uploads\/2023\/11\/PNL-20231115-3-300x183.jpg",300,183,true],"thumbnail":["https:\/\/pornuestrolaredo.com\/wp-content\/uploads\/2023\/11\/PNL-20231115-3-150x150.jpg",150,150,true]},"magazine_blocks_author":{"display_name":"Redactor","author_link":"https:\/\/pornuestrolaredo.com\/?author=1"},"magazine_blocks_comment":0,"magazine_blocks_author_image":"https:\/\/pornuestrolaredo.com\/wp-content\/litespeed\/avatar\/dca1d7ec750c399f025f23b0b314f4cf.jpg?ver=1777612120","magazine_blocks_category":"<a href=\"#\" class=\"category-link category-link-4\">Los dos Laredos<\/a>","jetpack_publicize_connections":[],"featured_image_urls":{"full":["https:\/\/pornuestrolaredo.com\/wp-content\/uploads\/2023\/11\/PNL-20231115-3.jpg",1600,978,false],"thumbnail":["https:\/\/pornuestrolaredo.com\/wp-content\/uploads\/2023\/11\/PNL-20231115-3-150x150.jpg",150,150,true],"medium":["https:\/\/pornuestrolaredo.com\/wp-content\/uploads\/2023\/11\/PNL-20231115-3-300x183.jpg",300,183,true],"medium_large":["https:\/\/pornuestrolaredo.com\/wp-content\/uploads\/2023\/11\/PNL-20231115-3-768x469.jpg",640,391,true],"large":["https:\/\/pornuestrolaredo.com\/wp-content\/uploads\/2023\/11\/PNL-20231115-3-1000x611.jpg",640,391,true],"1536x1536":["https:\/\/pornuestrolaredo.com\/wp-content\/uploads\/2023\/11\/PNL-20231115-3-1536x939.jpg",1536,939,true],"2048x2048":["https:\/\/pornuestrolaredo.com\/wp-content\/uploads\/2023\/11\/PNL-20231115-3.jpg",1600,978,false],"morenews-large":["https:\/\/pornuestrolaredo.com\/wp-content\/uploads\/2023\/11\/PNL-20231115-3.jpg",825,504,false],"morenews-medium":["https:\/\/pornuestrolaredo.com\/wp-content\/uploads\/2023\/11\/PNL-20231115-3.jpg",590,361,false]},"author_info":{"info":["Redactor"]},"category_info":"<a href=\"https:\/\/pornuestrolaredo.com\/?cat=4\" rel=\"category\">Los dos Laredos<\/a>","tag_info":"Los dos Laredos","comment_count":"0","jetpack_featured_media_url":"https:\/\/pornuestrolaredo.com\/wp-content\/uploads\/2023\/11\/PNL-20231115-3.jpg","jetpack_sharing_enabled":true,"_links":{"self":[{"href":"https:\/\/pornuestrolaredo.com\/index.php?rest_route=\/wp\/v2\/posts\/3417","targetHints":{"allow":["GET"]}}],"collection":[{"href":"https:\/\/pornuestrolaredo.com\/index.php?rest_route=\/wp\/v2\/posts"}],"about":[{"href":"https:\/\/pornuestrolaredo.com\/index.php?rest_route=\/wp\/v2\/types\/post"}],"author":[{"embeddable":true,"href":"https:\/\/pornuestrolaredo.com\/index.php?rest_route=\/wp\/v2\/users\/1"}],"replies":[{"embeddable":true,"href":"https:\/\/pornuestrolaredo.com\/index.php?rest_route=%2Fwp%2Fv2%2Fcomments&post=3417"}],"version-history":[{"count":1,"href":"https:\/\/pornuestrolaredo.com\/index.php?rest_route=\/wp\/v2\/posts\/3417\/revisions"}],"predecessor-version":[{"id":3419,"href":"https:\/\/pornuestrolaredo.com\/index.php?rest_route=\/wp\/v2\/posts\/3417\/revisions\/3419"}],"wp:featuredmedia":[{"embeddable":true,"href":"https:\/\/pornuestrolaredo.com\/index.php?rest_route=\/wp\/v2\/media\/3418"}],"wp:attachment":[{"href":"https:\/\/pornuestrolaredo.com\/index.php?rest_route=%2Fwp%2Fv2%2Fmedia&parent=3417"}],"wp:term":[{"taxonomy":"category","embeddable":true,"href":"https:\/\/pornuestrolaredo.com\/index.php?rest_route=%2Fwp%2Fv2%2Fcategories&post=3417"},{"taxonomy":"post_tag","embeddable":true,"href":"https:\/\/pornuestrolaredo.com\/index.php?rest_route=%2Fwp%2Fv2%2Ftags&post=3417"}],"curies":[{"name":"wp","href":"https:\/\/api.w.org\/{rel}","templated":true}]}}