{"id":3420,"date":"2023-11-15T08:06:55","date_gmt":"2023-11-15T08:06:55","guid":{"rendered":"https:\/\/pornuestrolaredo.com\/?p=3420"},"modified":"2023-11-15T08:06:55","modified_gmt":"2023-11-15T08:06:55","slug":"dan-autoridades-mensajes-contradictorios-sobre-magistrade","status":"publish","type":"post","link":"https:\/\/pornuestrolaredo.com\/?p=3420","title":{"rendered":"Dan autoridades mensajes contradictorios sobre magistrade"},"content":{"rendered":"<p><strong><em>CIUDAD DE M\u00c9XICO.- <\/em><\/strong>Las autoridades mexicanas enviaron el martes mensajes contradictorios sobre la muerte violenta de una destacada figura LGBTQ+ despu\u00e9s de que miles de mexicanos marcharan el lunes por la noche para exigir justicia.<\/p>\n<p>El cuerpo de Ociel Baena presentaba una veintena de heridas y se encontr\u00f3 junto al de su pareja, en un domicilio de la ciudad de Aguascalientes, en el centro de M\u00e9xico, seg\u00fan la fiscal\u00eda estatal.<\/p>\n<p>Baena fue la primera persona abiertamente no binaria en asumir un cargo judicial en M\u00e9xico, en el Tribunal Electoral estatal de Aguascalientes, y rompi\u00f3 otras barreras en un pa\u00eds donde los miembros de la comunidad LGBTQ+ son a menudo objeto de violencia.<\/p>\n<p>Ya hab\u00eda recibido amenazas de muerte y mensajes de odio y contaba con un equipo de seguridad del Estado, lo que llev\u00f3 el lunes a muchos en el pa\u00eds a calificar su muerte como un crimen de odio debido a que las autoridades proporcionaron detalles m\u00ednimos sobre el asesinato y los fiscales locales insinuaron que la muerte podr\u00eda haber sido un suicidio.<\/p>\n<p>Al dar a conocer nuevos detalles del caso, la Fiscal\u00eda de estado de Aguascalientes plante\u00f3 como hip\u00f3tesis que la pareja del activista, Dorian Herrera, asesin\u00f3 a Baena con navajas de afeitar antes de quitarse la vida.<\/p>\n<blockquote><p>Puede parecer una hip\u00f3tesis, para muchas personas, poco cre\u00edble, pero estamos siendo cuidadosos, sobre todo para dejar el registro y conservaci\u00f3n de todos estos indicios. Y eso sin mencionarte toda la inspecci\u00f3n que se realiz\u00f3 sobre el lugar\u201d, indic\u00f3 el fiscal estatal Jes\u00fas Figueroa Ortega a medios locales. Figueroa Ortega agreg\u00f3 que Baena present\u00f3 una herida mortal en la yugular y que se encontraron manchas de sangre en la cama y huellas de pisadas ensangrentadas en la casa.<\/p><\/blockquote>\n<p>Horas despu\u00e9s, la Fiscal\u00eda de Aguascalientes inform\u00f3 a The Associated Press que Herrera hab\u00eda dado positivo a metanfetamina.<\/p>\n<p>Sin embargo, las autoridades federales pidieron el martes cautela en la investigaci\u00f3n. F\u00e9lix Arturo Medina, subsecretario de Derechos Humanos de M\u00e9xico, dijo a la prensa que \u201ces un caso relevante para nosotros no solamente por el activismo que llevaba a cabo le magistrade\u201d, sino tambi\u00e9n porque el gobierno quiere que todos los delitos se investiguen.<\/p>\n<p>La impunidad campa a sus anchas en M\u00e9xico. S\u00f3lo 1% de todos los delitos cometidos fueron denunciados, investigados y resueltos en 2022, seg\u00fan una encuesta del Instituto Nacional de Estad\u00edstica y Geograf\u00eda.<\/p>\n<p>La hip\u00f3tesis de la fiscal\u00eda estatal fue inmediatamente rechazada por la familia y los amigos de Baena y Herrera, quienes aseguraron que esta versi\u00f3n de los hechos era \u201ccompletamente impensable.\u201d<\/p>\n<p>M\u00e1ximo Carrasco, amigo de ambos desde hace m\u00e1s de cinco a\u00f1os y quien habla en nombre de las familias de la pareja, dijo que sus seres queridos exig\u00edan que la investigaci\u00f3n pase a manos de investigadores federales.<\/p>\n<blockquote><p>Yo sab\u00eda cu\u00e1l era su din\u00e1mica de pareja\u201d, dijo Carrasco. \u201cEra un crimen de odio&#8230; La Fiscal\u00eda no est\u00e1 haciendo su trabajo, porque en lugar de investigar, quiere dar carpetazo\u201d.<\/p><\/blockquote>\n<p>Carrasco mencion\u00f3 que a menudo invitaba a Baena y a Herrera a quedarse en su casa de Ciudad de M\u00e9xico y que ni \u00e9l, ni nadie cercano, vio otra cosa que una relaci\u00f3n cari\u00f1osa y respetuosa. Carrasco, que los vio apenas una semana antes de morir, se hizo eco de otros relatos que describen al magistrado y a Herrera como personas animadas y que hablaban apasionadamente sobre el activismo futuro.<\/p>\n<p>Alejandro Brito, director del grupo Letra S, que defiende los derechos de la comunidad LGBTQ+, dijo que la presencia de Baena en redes sociales le convirti\u00f3 en un blanco e hizo un llamado a las autoridades para que tomen en consideraci\u00f3n ese contexto durante su investigaci\u00f3n.<\/p>\n<blockquote><p>Fue una persona que recibi\u00f3 muchos mensajes de odio, de amenazas de violencia, hasta de muerte. Entonces, es imposible investigar estos hechos violentos sin tomar en cuenta el contexto\u201d, dijo Brito. \u201cElle, magistrade, estaba rompiendo ese c\u00edrculo de invisibilidad en que estaba encerrada esta comunidad\u201d.<\/p><\/blockquote>\n<p>Brito se hizo eco de miles de personas que se reunieron en el coraz\u00f3n de Ciudad de M\u00e9xico encendiendo velas sobre las fotos de Baena y otras v\u00edctimas de la violencia el lunes por la noche. Gritaron \u201cJusticia\u201d y \u201cNo nos quedaremos callades\u201d y exigieron una investigaci\u00f3n exhaustiva de las muertes.<\/p>\n<blockquote><p>Ociel es y fue el actor m\u00e1s relevante en la lucha de los derechos humanos de la comunidad\u201d, dijo Humberto Dena, un joven de 24 a\u00f1os que portaba una vela junto a miles de personas en la marcha. \u201cQueremos que autoridades investiguen el caso y no simplemente decir que era un \u2018crimen de pasional\u2019\u201d.<\/p><\/blockquote>\n<p>Baena hizo historia en octubre de 2022 al asumir el cargo de magistrado del tribunal electoral del estado de Aguascalientes. Se cree que fue la primera persona no binaria en Latinoam\u00e9rica en asumir un cargo judicial. Baena rompi\u00f3 otra barrera en junio pasado cuando form\u00f3 parte de un peque\u00f1o grupo de personas en recibir los primeros pasaportes no binarios emitidos en M\u00e9xico.<\/p>\n<p>Baena publicaba con cierta regularidad fotograf\u00edas en las que aparec\u00eda con falda, zapatos de tac\u00f3n alto o con un abanico con los colores del arco\u00edris dentro de las oficinas del tribunal, adem\u00e1s de realizar labores de activismo en redes sociales, donde ten\u00eda cientos de miles de seguidores.<\/p>\n<blockquote><p>Soy persona no binaria, no me interesa verme mujer ni tampoco hombre, esa es una identidad, es m\u00eda y para m\u00ed, para nadie m\u00e1s\u201d, escribi\u00f3 Baena en la plataforma X, anteriormente conocida como Twitter, en junio. \u201cSoporten\u201d.<\/p><\/blockquote>\n<p>El mes pasado Baena recibi\u00f3 un certificado del tribunal electoral en el que se le reconoc\u00eda con el pronombre de g\u00e9nero neutro \u201cmaestre\u201d, un importante paso en el idioma espa\u00f1ol, que tradicionalmente tiene pronombres masculinos y femeninos.<\/p>\n<p>Aunque Brito dijo que M\u00e9xico hab\u00eda dado pasos importantes para reducir los niveles de violencia contra la comunidad LGBTQ+ en las \u00faltimas d\u00e9cadas, su grupo registr\u00f3 un repunte de actos violentos en 2019, documentando al menos 117 asesinatos de lesbianas, homosexuales, bisexuales o personas transg\u00e9nero en el pa\u00eds. Muchos de ellos fueron homicidios grotescos, incluidos apu\u00f1alamientos y asesinatos en p\u00fablico.<\/p>\n<p>El Observatorio Nacional de Cr\u00edmenes de Odio contra personas LGBT registr\u00f3 305 cr\u00edmenes violentos de odio contra minor\u00edas sexuales entre 2019 y 2022, incluyendo asesinatos y desapariciones, entre otros.<\/p>\n<p>Carrasco dijo que Baena fue una parte integral de la presi\u00f3n para reducir esas cifras y permitir a las personas no binarias ocupar espacios que nunca habr\u00edan imaginado.<\/p>\n<blockquote><p>El legado que dej\u00f3 es muy fuerte. Nos ense\u00f1\u00f3 que debemos de alzar la voz\u201d, agreg\u00f3.<\/p><\/blockquote>\n","protected":false},"excerpt":{"rendered":"<p>La comunidad LGBTQ+ rechaza la versi\u00f3n de un crimen y suicidio pasional; hab\u00eda numerosas amenazas previas<\/p>\n","protected":false},"author":1,"featured_media":3421,"comment_status":"closed","ping_status":"closed","sticky":false,"template":"","format":"standard","meta":{"_crdt_document":"","_jetpack_memberships_contains_paid_content":false,"footnotes":"","jetpack_publicize_message":"","jetpack_publicize_feature_enabled":true,"jetpack_social_post_already_shared":true,"jetpack_social_options":{"image_generator_settings":{"template":"highway","default_image_id":0,"font":"","enabled":false},"version":2},"_wpas_customize_per_network":false},"categories":[33],"tags":[],"class_list":["post-3420","post","type-post","status-publish","format-standard","has-post-thumbnail","hentry","category-mexico"],"magazineBlocksPostFeaturedMedia":{"thumbnail":"https:\/\/pornuestrolaredo.com\/wp-content\/uploads\/2023\/11\/Stereo91-20231115-5-150x150.jpg","medium":"https:\/\/pornuestrolaredo.com\/wp-content\/uploads\/2023\/11\/Stereo91-20231115-5-300x176.jpg","medium_large":"https:\/\/pornuestrolaredo.com\/wp-content\/uploads\/2023\/11\/Stereo91-20231115-5-768x450.jpg","large":"https:\/\/pornuestrolaredo.com\/wp-content\/uploads\/2023\/11\/Stereo91-20231115-5-1000x586.jpg","1536x1536":"https:\/\/pornuestrolaredo.com\/wp-content\/uploads\/2023\/11\/Stereo91-20231115-5.jpg","2048x2048":"https:\/\/pornuestrolaredo.com\/wp-content\/uploads\/2023\/11\/Stereo91-20231115-5.jpg","morenews-large":"https:\/\/pornuestrolaredo.com\/wp-content\/uploads\/2023\/11\/Stereo91-20231115-5.jpg","morenews-medium":"https:\/\/pornuestrolaredo.com\/wp-content\/uploads\/2023\/11\/Stereo91-20231115-5.jpg"},"magazineBlocksPostAuthor":{"name":"Redactor","avatar":"https:\/\/pornuestrolaredo.com\/wp-content\/litespeed\/avatar\/dca1d7ec750c399f025f23b0b314f4cf.jpg?ver=1777612120"},"magazineBlocksPostCommentsNumber":false,"magazineBlocksPostExcerpt":"La comunidad LGBTQ+ rechaza la versi\u00f3n de un crimen y suicidio pasional; hab\u00eda numerosas amenazas previas","magazineBlocksPostCategories":["Mexico"],"magazineBlocksPostViewCount":137,"magazineBlocksPostReadTime":6,"magazine_blocks_featured_image_url":{"full":["https:\/\/pornuestrolaredo.com\/wp-content\/uploads\/2023\/11\/Stereo91-20231115-5.jpg",1440,844,false],"medium":["https:\/\/pornuestrolaredo.com\/wp-content\/uploads\/2023\/11\/Stereo91-20231115-5-300x176.jpg",300,176,true],"thumbnail":["https:\/\/pornuestrolaredo.com\/wp-content\/uploads\/2023\/11\/Stereo91-20231115-5-150x150.jpg",150,150,true]},"magazine_blocks_author":{"display_name":"Redactor","author_link":"https:\/\/pornuestrolaredo.com\/?author=1"},"magazine_blocks_comment":0,"magazine_blocks_author_image":"https:\/\/pornuestrolaredo.com\/wp-content\/litespeed\/avatar\/dca1d7ec750c399f025f23b0b314f4cf.jpg?ver=1777612120","magazine_blocks_category":"<a href=\"#\" class=\"category-link category-link-33\">Mexico<\/a>","jetpack_publicize_connections":[],"featured_image_urls":{"full":["https:\/\/pornuestrolaredo.com\/wp-content\/uploads\/2023\/11\/Stereo91-20231115-5.jpg",1440,844,false],"thumbnail":["https:\/\/pornuestrolaredo.com\/wp-content\/uploads\/2023\/11\/Stereo91-20231115-5-150x150.jpg",150,150,true],"medium":["https:\/\/pornuestrolaredo.com\/wp-content\/uploads\/2023\/11\/Stereo91-20231115-5-300x176.jpg",300,176,true],"medium_large":["https:\/\/pornuestrolaredo.com\/wp-content\/uploads\/2023\/11\/Stereo91-20231115-5-768x450.jpg",640,375,true],"large":["https:\/\/pornuestrolaredo.com\/wp-content\/uploads\/2023\/11\/Stereo91-20231115-5-1000x586.jpg",640,375,true],"1536x1536":["https:\/\/pornuestrolaredo.com\/wp-content\/uploads\/2023\/11\/Stereo91-20231115-5.jpg",1440,844,false],"2048x2048":["https:\/\/pornuestrolaredo.com\/wp-content\/uploads\/2023\/11\/Stereo91-20231115-5.jpg",1440,844,false],"morenews-large":["https:\/\/pornuestrolaredo.com\/wp-content\/uploads\/2023\/11\/Stereo91-20231115-5.jpg",825,484,false],"morenews-medium":["https:\/\/pornuestrolaredo.com\/wp-content\/uploads\/2023\/11\/Stereo91-20231115-5.jpg",590,346,false]},"author_info":{"info":["Redactor"]},"category_info":"<a href=\"https:\/\/pornuestrolaredo.com\/?cat=33\" rel=\"category\">Mexico<\/a>","tag_info":"Mexico","comment_count":"0","jetpack_featured_media_url":"https:\/\/pornuestrolaredo.com\/wp-content\/uploads\/2023\/11\/Stereo91-20231115-5.jpg","jetpack_sharing_enabled":true,"_links":{"self":[{"href":"https:\/\/pornuestrolaredo.com\/index.php?rest_route=\/wp\/v2\/posts\/3420","targetHints":{"allow":["GET"]}}],"collection":[{"href":"https:\/\/pornuestrolaredo.com\/index.php?rest_route=\/wp\/v2\/posts"}],"about":[{"href":"https:\/\/pornuestrolaredo.com\/index.php?rest_route=\/wp\/v2\/types\/post"}],"author":[{"embeddable":true,"href":"https:\/\/pornuestrolaredo.com\/index.php?rest_route=\/wp\/v2\/users\/1"}],"replies":[{"embeddable":true,"href":"https:\/\/pornuestrolaredo.com\/index.php?rest_route=%2Fwp%2Fv2%2Fcomments&post=3420"}],"version-history":[{"count":1,"href":"https:\/\/pornuestrolaredo.com\/index.php?rest_route=\/wp\/v2\/posts\/3420\/revisions"}],"predecessor-version":[{"id":3422,"href":"https:\/\/pornuestrolaredo.com\/index.php?rest_route=\/wp\/v2\/posts\/3420\/revisions\/3422"}],"wp:featuredmedia":[{"embeddable":true,"href":"https:\/\/pornuestrolaredo.com\/index.php?rest_route=\/wp\/v2\/media\/3421"}],"wp:attachment":[{"href":"https:\/\/pornuestrolaredo.com\/index.php?rest_route=%2Fwp%2Fv2%2Fmedia&parent=3420"}],"wp:term":[{"taxonomy":"category","embeddable":true,"href":"https:\/\/pornuestrolaredo.com\/index.php?rest_route=%2Fwp%2Fv2%2Fcategories&post=3420"},{"taxonomy":"post_tag","embeddable":true,"href":"https:\/\/pornuestrolaredo.com\/index.php?rest_route=%2Fwp%2Fv2%2Ftags&post=3420"}],"curies":[{"name":"wp","href":"https:\/\/api.w.org\/{rel}","templated":true}]}}