{"id":3433,"date":"2023-11-20T02:09:55","date_gmt":"2023-11-20T02:09:55","guid":{"rendered":"https:\/\/pornuestrolaredo.com\/?p=3433"},"modified":"2023-11-20T02:09:55","modified_gmt":"2023-11-20T02:09:55","slug":"fallece-la-exprimera-dama-rosalynn-carter","status":"publish","type":"post","link":"https:\/\/pornuestrolaredo.com\/?p=3433","title":{"rendered":"Fallece la exprimera dama Rosalynn Carter"},"content":{"rendered":"<p><strong><em>ATLANTA.-<\/em> <\/strong>La exprimera dama Rosalynn Carter, la consejera m\u00e1s cercana de Jimmy Carter durante su \u00fanico mandato como presidente de Estados Unidos y sus cuatro d\u00e9cadas subsiguientes como humanitarios mundiales, falleci\u00f3 el domingo. Ten\u00eda 96 a\u00f1os.<\/p>\n<p>El Centro Carter inform\u00f3 en un comunicado que Rosalynn Carter muri\u00f3 despu\u00e9s de varios meses de sufrir quebrantos de salud. El comunicado agreg\u00f3 que \u201cmuri\u00f3 pac\u00edficamente, con familia a su lado\u201d a las 2:10 de la tarde en su hogar en la comunidad rural Plains, en el sur de Georgia.<\/p>\n<blockquote><p>Rosalynn fue mi socia igualitaria en todo lo que logr\u00e9\u201d, afirm\u00f3 Jimmy Carter en el comunicado. \u201cMe dio consejos sabios y aliento cuando lo necesitaba. Mientras Rosalynn estuvo en el mundo, siempre supe que alguien me amaba y me apoyaba\u201d.<\/p><\/blockquote>\n<p>Jill Biden, en un evento en la Estaci\u00f3n A\u00e9rea Naval en Norfolk, Virginia, dijo que ten\u00eda que \u201ccomenzar esto con el triste anuncio\u201d de la muerte de Rosalynn Carter.<\/p>\n<blockquote><p>Ella era conocida por sus esfuerzos en materia de salud mental, cuidados y derechos de las mujeres. As\u00ed que espero que durante las vacaciones incluyan a la familia Carter en sus oraciones\u201d, dijo.<\/p><\/blockquote>\n<p>Habl\u00f3 en un hangar donde ella y el presidente Joe Biden planean asistir a una cena anticipada de Acci\u00f3n de Gracias con miembros de las fuerzas militares y sus familias.<\/p>\n<p>Los Carter estuvieron casados m\u00e1s de 77 a\u00f1os, forjando lo que ambos describieron como una \u201csociedad completa\u201d. A diferencia de muchas primeras damas previas, Rosalynn estaba presente en las reuniones de gabinete, expresaba su opini\u00f3n sobre temas pol\u00e9micos y representaba a su esposo en viajes en el extranjero. Asistentes del presidente Carter con frecuencia se refer\u00edan a ella en privado como la \u201ccopresidenta\u201d.<\/p>\n<p>\u201cRosalynn es mi mejor amiga\u2026 una extensi\u00f3n perfecta de m\u00ed, probablemente la persona m\u00e1s influyente en mi vida\u201d, dijo Jimmy Carter a sus asistentes durante sus a\u00f1os en la Casa Blanca, de 1977 a 1981.<\/p>\n<p>Extremadamente leal y compasiva, as\u00ed como pol\u00edticamente astuta, Rosalynn Carter se enorgullec\u00eda de ser una primera dama activista, y nadie dudaba de su influencia tras bambalinas. Cuando se dio a conocer su participaci\u00f3n en una muy publicitada reestructuraci\u00f3n del gabinete, se vio obligada a declarar p\u00fablicamente: \u201cYo no dirijo el gobierno\u201d.<\/p>\n<p>Muchos asistentes presidenciales insist\u00edan que ten\u00eda mejores instintos pol\u00edticos que su esposo. Con frecuencia ped\u00edan su apoyo para un proyecto antes de discutirlo con el presidente. Su voluntad de hierro contrastaba con su comportamiento aparentemente t\u00edmido y su suave acento sure\u00f1o, inspirando a los reporteros de Washington a llamarla \u201cla Magnolia de Acero\u201d.<\/p>\n<p>Los dos Carter reconocieron a\u00f1os despu\u00e9s que Rosalynn siempre fue la m\u00e1s pol\u00edtica de los dos. Tras la aplastante derrota de Jimmy Carter en 1980, fue ella, y no el expresidente, quien contempl\u00f3 un regreso inveros\u00edmil y, a\u00f1os despu\u00e9s, confes\u00f3 que extra\u00f1aba su vida en Washington.<\/p>\n<p>A lo largo de la carrera pol\u00edtica de su esposo, ella eligi\u00f3 la salud mental y los problemas que enfrentan los adultos mayores como su \u00e9nfasis pol\u00edtico caracter\u00edstico. Cuando los medios no cubrieron esos esfuerzos tanto como ella cre\u00eda que era necesario, critic\u00f3 a los periodistas por escribir s\u00f3lo sobre \u201ctemas sexys\u201d.<\/p>\n<p>Como presidenta honoraria de la Comisi\u00f3n Presidencial sobre Salud Mental, testific\u00f3 una vez ante un subcomit\u00e9 del Senado, convirti\u00e9ndose en la primera primera dama desde Eleanor Roosevelt en dirigirse a un panel del Congreso. Regres\u00f3 a Washington en 2007 para presionar al Congreso para que mejorara la cobertura de salud mental y dijo: \u201cHemos estado trabajando en esto durante tanto tiempo que finalmente parece estar a nuestro alcance\u201d.<\/p>\n<p>Despu\u00e9s de dejar Washington, Jimmy y Rosalynn cofundaron el Centro Carter en Atlanta para continuar su trabajo. Presidi\u00f3 el simposio anual del centro sobre problemas de salud mental y recaud\u00f3 fondos para ayudar a los enfermos mentales y a las personas sin hogar. <\/p>\n<p>Tambi\u00e9n escribi\u00f3 \u201cAyudarse a ayudar a otros\u201d, sobre los desaf\u00edos de cuidar a familiares ancianos o enfermos, y una secuela, \u201cAyudar a alguien con una enfermedad mental\u201d.<\/p>\n","protected":false},"excerpt":{"rendered":"<p>La esposa del expresidente Jimmy Carter ten\u00eda 96 a\u00f1os y pas\u00f3 meses luchando con problemas de salud<\/p>\n","protected":false},"author":1,"featured_media":3434,"comment_status":"closed","ping_status":"closed","sticky":false,"template":"","format":"standard","meta":{"_crdt_document":"","_jetpack_memberships_contains_paid_content":false,"footnotes":"","jetpack_publicize_message":"","jetpack_publicize_feature_enabled":true,"jetpack_social_post_already_shared":true,"jetpack_social_options":{"image_generator_settings":{"template":"highway","default_image_id":0,"font":"","enabled":false},"version":2},"_wpas_customize_per_network":false},"categories":[9],"tags":[],"class_list":["post-3433","post","type-post","status-publish","format-standard","has-post-thumbnail","hentry","category-el-mundo"],"magazineBlocksPostFeaturedMedia":{"thumbnail":"https:\/\/pornuestrolaredo.com\/wp-content\/uploads\/2023\/11\/Stereo91-20231120-3-150x150.jpg","medium":"https:\/\/pornuestrolaredo.com\/wp-content\/uploads\/2023\/11\/Stereo91-20231120-3-300x169.jpg","medium_large":"https:\/\/pornuestrolaredo.com\/wp-content\/uploads\/2023\/11\/Stereo91-20231120-3-768x432.jpg","large":"https:\/\/pornuestrolaredo.com\/wp-content\/uploads\/2023\/11\/Stereo91-20231120-3-1000x563.jpg","1536x1536":"https:\/\/pornuestrolaredo.com\/wp-content\/uploads\/2023\/11\/Stereo91-20231120-3-1536x864.jpg","2048x2048":"https:\/\/pornuestrolaredo.com\/wp-content\/uploads\/2023\/11\/Stereo91-20231120-3.jpg","morenews-large":"https:\/\/pornuestrolaredo.com\/wp-content\/uploads\/2023\/11\/Stereo91-20231120-3.jpg","morenews-medium":"https:\/\/pornuestrolaredo.com\/wp-content\/uploads\/2023\/11\/Stereo91-20231120-3.jpg"},"magazineBlocksPostAuthor":{"name":"Redactor","avatar":"https:\/\/pornuestrolaredo.com\/wp-content\/litespeed\/avatar\/dca1d7ec750c399f025f23b0b314f4cf.jpg?ver=1777612120"},"magazineBlocksPostCommentsNumber":false,"magazineBlocksPostExcerpt":"La esposa del expresidente Jimmy Carter ten\u00eda 96 a\u00f1os y pas\u00f3 meses luchando con problemas de salud","magazineBlocksPostCategories":["El Mundo"],"magazineBlocksPostViewCount":127,"magazineBlocksPostReadTime":4,"magazine_blocks_featured_image_url":{"full":["https:\/\/pornuestrolaredo.com\/wp-content\/uploads\/2023\/11\/Stereo91-20231120-3.jpg",1600,900,false],"medium":["https:\/\/pornuestrolaredo.com\/wp-content\/uploads\/2023\/11\/Stereo91-20231120-3-300x169.jpg",300,169,true],"thumbnail":["https:\/\/pornuestrolaredo.com\/wp-content\/uploads\/2023\/11\/Stereo91-20231120-3-150x150.jpg",150,150,true]},"magazine_blocks_author":{"display_name":"Redactor","author_link":"https:\/\/pornuestrolaredo.com\/?author=1"},"magazine_blocks_comment":0,"magazine_blocks_author_image":"https:\/\/pornuestrolaredo.com\/wp-content\/litespeed\/avatar\/dca1d7ec750c399f025f23b0b314f4cf.jpg?ver=1777612120","magazine_blocks_category":"<a href=\"#\" class=\"category-link category-link-9\">El Mundo<\/a>","jetpack_publicize_connections":[],"featured_image_urls":{"full":["https:\/\/pornuestrolaredo.com\/wp-content\/uploads\/2023\/11\/Stereo91-20231120-3.jpg",1600,900,false],"thumbnail":["https:\/\/pornuestrolaredo.com\/wp-content\/uploads\/2023\/11\/Stereo91-20231120-3-150x150.jpg",150,150,true],"medium":["https:\/\/pornuestrolaredo.com\/wp-content\/uploads\/2023\/11\/Stereo91-20231120-3-300x169.jpg",300,169,true],"medium_large":["https:\/\/pornuestrolaredo.com\/wp-content\/uploads\/2023\/11\/Stereo91-20231120-3-768x432.jpg",640,360,true],"large":["https:\/\/pornuestrolaredo.com\/wp-content\/uploads\/2023\/11\/Stereo91-20231120-3-1000x563.jpg",640,360,true],"1536x1536":["https:\/\/pornuestrolaredo.com\/wp-content\/uploads\/2023\/11\/Stereo91-20231120-3-1536x864.jpg",1536,864,true],"2048x2048":["https:\/\/pornuestrolaredo.com\/wp-content\/uploads\/2023\/11\/Stereo91-20231120-3.jpg",1600,900,false],"morenews-large":["https:\/\/pornuestrolaredo.com\/wp-content\/uploads\/2023\/11\/Stereo91-20231120-3.jpg",825,464,false],"morenews-medium":["https:\/\/pornuestrolaredo.com\/wp-content\/uploads\/2023\/11\/Stereo91-20231120-3.jpg",590,332,false]},"author_info":{"info":["Redactor"]},"category_info":"<a href=\"https:\/\/pornuestrolaredo.com\/?cat=9\" rel=\"category\">El Mundo<\/a>","tag_info":"El Mundo","comment_count":"0","jetpack_featured_media_url":"https:\/\/pornuestrolaredo.com\/wp-content\/uploads\/2023\/11\/Stereo91-20231120-3.jpg","jetpack_sharing_enabled":true,"_links":{"self":[{"href":"https:\/\/pornuestrolaredo.com\/index.php?rest_route=\/wp\/v2\/posts\/3433","targetHints":{"allow":["GET"]}}],"collection":[{"href":"https:\/\/pornuestrolaredo.com\/index.php?rest_route=\/wp\/v2\/posts"}],"about":[{"href":"https:\/\/pornuestrolaredo.com\/index.php?rest_route=\/wp\/v2\/types\/post"}],"author":[{"embeddable":true,"href":"https:\/\/pornuestrolaredo.com\/index.php?rest_route=\/wp\/v2\/users\/1"}],"replies":[{"embeddable":true,"href":"https:\/\/pornuestrolaredo.com\/index.php?rest_route=%2Fwp%2Fv2%2Fcomments&post=3433"}],"version-history":[{"count":1,"href":"https:\/\/pornuestrolaredo.com\/index.php?rest_route=\/wp\/v2\/posts\/3433\/revisions"}],"predecessor-version":[{"id":3435,"href":"https:\/\/pornuestrolaredo.com\/index.php?rest_route=\/wp\/v2\/posts\/3433\/revisions\/3435"}],"wp:featuredmedia":[{"embeddable":true,"href":"https:\/\/pornuestrolaredo.com\/index.php?rest_route=\/wp\/v2\/media\/3434"}],"wp:attachment":[{"href":"https:\/\/pornuestrolaredo.com\/index.php?rest_route=%2Fwp%2Fv2%2Fmedia&parent=3433"}],"wp:term":[{"taxonomy":"category","embeddable":true,"href":"https:\/\/pornuestrolaredo.com\/index.php?rest_route=%2Fwp%2Fv2%2Fcategories&post=3433"},{"taxonomy":"post_tag","embeddable":true,"href":"https:\/\/pornuestrolaredo.com\/index.php?rest_route=%2Fwp%2Fv2%2Ftags&post=3433"}],"curies":[{"name":"wp","href":"https:\/\/api.w.org\/{rel}","templated":true}]}}