{"id":3436,"date":"2023-11-19T22:30:35","date_gmt":"2023-11-19T22:30:35","guid":{"rendered":"https:\/\/pornuestrolaredo.com\/?p=3436"},"modified":"2023-11-20T02:57:40","modified_gmt":"2023-11-20T02:57:40","slug":"vuelve-trump-a-la-frontera-recibe-respaldo-de-abbott","status":"publish","type":"post","link":"https:\/\/pornuestrolaredo.com\/?p=3436","title":{"rendered":"Vuelve Trump a la frontera; recibe respaldo de Abbott"},"content":{"rendered":"<p><strong><em>EDINBURG, Texas.-<\/em> <\/strong> Donald Trump recibi\u00f3 el respaldo del gobernador de Texas durante una visita a una comunidad ubicada en la frontera entre Estados Unidos y M\u00e9xico y prometi\u00f3 que, durante su segundo periodo presidencial, su dura agenda migratoria le har\u00e1 \u201cel trabajo mucho m\u00e1s sencillo\u201d a Greg Abbott.<\/p>\n<blockquote><p>Podr\u00e1n concentrarse en otras cosas en Texas\u201d, le dijo Trump a Abbott frente a unos 150 asistentes reunidos en el hangar de un aeropuerto de Edinburg.<\/p><\/blockquote>\n<p>Abbott, un viejo aliado con quien comparte su estricta postura migratoria, dijo que estaba orgulloso de respaldar al exmandatario, quien es el favorito para obtener la nominaci\u00f3n presidencial por el Partido Republicano para 2024.<\/p>\n<blockquote><p>Necesitamos un presidente que refuerce la frontera\u201d, dijo Abbott en la localidad ubicada a unos 48 kil\u00f3metros (30 millas) del cruce fronterizo Hidalgo. \u201cNecesitamos a Donald J. Trump de regreso como nuestro presidente de Estados Unidos\u201d.<\/p><\/blockquote>\n<p>Previamente, Trump sirvi\u00f3 comidas a los soldados de la Guardia Nacional de Texas y elementos de la polic\u00eda estatal estacionados en la frontera: \u201cNo deber\u00edan estar aqu\u00ed en esta \u00e9poca. Deber\u00edan estar en casa\u201d. A\u00f1adi\u00f3 que \u201cel \u00fanico motivo por el que est\u00e1n aqu\u00ed es porque tenemos un presidente de Estados Unidos que no refuerza nuestra frontera\u201d.<\/p>\n<p>Trump ha estado presentando propuestas de inmigraci\u00f3n que marcan una dr\u00e1stica escalada respecto al enfoque que utiliz\u00f3 durante su presidencia y que provocaron alarma entre activistas de derechos civiles y numerosas apelaciones judiciales<\/p>\n<p>Aunque el expresidente ha incluido sus planes sobre inmigraci\u00f3n en sus discursos de campa\u00f1a, s\u00f3lo realiz\u00f3 algunas breves menciones sobre el domingo. Habl\u00f3 durante apenas unos 10 minutos con helic\u00f3pteros de la polic\u00eda estatal, un avi\u00f3n y una embarcaci\u00f3n de patrullaje de fondo, todos estos veh\u00edculos que utiliza Texas en la frontera.<\/p>\n<p>Trump no detall\u00f3 las pol\u00edticas que buscar\u00e1 en caso de volver a la presidencia. Aunque s\u00ed se quej\u00f3 sobre la inflaci\u00f3n, el retiro de Estados Unidos de Afganist\u00e1n en 2021 y la cobertura de los medios de comunicaci\u00f3n. Se\u00f1al\u00f3 que la mayor parte de las tecnolog\u00edas que no sean muros o veh\u00edculos, eventualmente se vuelve obsoleta.<\/p>\n<blockquote><p>Lo \u00fanico que necesitamos son muros. Y funcionaron\u201d, asegur\u00f3.<\/p><\/blockquote>\n<p>Su plan incluye levantar m\u00e1s muros a lo largo de la frontera.<\/p>\n<p>Trump ha realizado varios viajes a la frontera como candidato y presidente. Durante su campa\u00f1a de 2016, visit\u00f3 Laredo, Texas, en julio de 2015 para una gira en la que destac\u00f3 como su postura migratoria le ayud\u00f3 a atraer la atenci\u00f3n de la prensa y el apoyo de la base republicana.<\/p>\n<p>La frontera tambi\u00e9n se ha convertido en parte central de la agenda de Abbott y el tema de una creciente disputa con el gobierno federal en materia de inmigraci\u00f3n. El gobernador durante tres periodos ha aprobado miles de millones de d\u00f3lares para la construcci\u00f3n de nuevos muros fronterizos, autoriz\u00f3 la colocaci\u00f3n de alambre de p\u00faas a las orillas del r\u00edo Bravo \u2014 tambi\u00e9n conocido como Grande \u2014 y ha enviado a miles de migrantes en autob\u00fas hacia ciudades con gobiernos dem\u00f3cratas en distintos puntos del pa\u00eds.<\/p>\n","protected":false},"excerpt":{"rendered":"<p>El expresidente de Estados Unidos asegura que \u2018durante su segundo periodo\u2019 aplicar\u00e1 una dura agenda migratoria<\/p>\n","protected":false},"author":1,"featured_media":3437,"comment_status":"closed","ping_status":"closed","sticky":false,"template":"","format":"standard","meta":{"_crdt_document":"","_jetpack_memberships_contains_paid_content":false,"footnotes":"","jetpack_publicize_message":"","jetpack_publicize_feature_enabled":true,"jetpack_social_post_already_shared":true,"jetpack_social_options":{"image_generator_settings":{"template":"highway","default_image_id":0,"font":"","enabled":false},"version":2},"_wpas_customize_per_network":false},"categories":[9],"tags":[],"class_list":["post-3436","post","type-post","status-publish","format-standard","has-post-thumbnail","hentry","category-el-mundo"],"magazineBlocksPostFeaturedMedia":{"thumbnail":"https:\/\/pornuestrolaredo.com\/wp-content\/uploads\/2023\/11\/Stereo91-20231120-6-150x150.jpg","medium":"https:\/\/pornuestrolaredo.com\/wp-content\/uploads\/2023\/11\/Stereo91-20231120-6-300x171.jpg","medium_large":"https:\/\/pornuestrolaredo.com\/wp-content\/uploads\/2023\/11\/Stereo91-20231120-6-768x438.jpg","large":"https:\/\/pornuestrolaredo.com\/wp-content\/uploads\/2023\/11\/Stereo91-20231120-6.jpg","1536x1536":"https:\/\/pornuestrolaredo.com\/wp-content\/uploads\/2023\/11\/Stereo91-20231120-6.jpg","2048x2048":"https:\/\/pornuestrolaredo.com\/wp-content\/uploads\/2023\/11\/Stereo91-20231120-6.jpg","morenews-large":"https:\/\/pornuestrolaredo.com\/wp-content\/uploads\/2023\/11\/Stereo91-20231120-6.jpg","morenews-medium":"https:\/\/pornuestrolaredo.com\/wp-content\/uploads\/2023\/11\/Stereo91-20231120-6.jpg"},"magazineBlocksPostAuthor":{"name":"Redactor","avatar":"https:\/\/pornuestrolaredo.com\/wp-content\/litespeed\/avatar\/dca1d7ec750c399f025f23b0b314f4cf.jpg?ver=1777612120"},"magazineBlocksPostCommentsNumber":false,"magazineBlocksPostExcerpt":"El expresidente de Estados Unidos asegura que \u2018durante su segundo periodo\u2019 aplicar\u00e1 una dura agenda migratoria","magazineBlocksPostCategories":["El Mundo"],"magazineBlocksPostViewCount":135,"magazineBlocksPostReadTime":3,"magazine_blocks_featured_image_url":{"full":["https:\/\/pornuestrolaredo.com\/wp-content\/uploads\/2023\/11\/Stereo91-20231120-6.jpg",850,485,false],"medium":["https:\/\/pornuestrolaredo.com\/wp-content\/uploads\/2023\/11\/Stereo91-20231120-6-300x171.jpg",300,171,true],"thumbnail":["https:\/\/pornuestrolaredo.com\/wp-content\/uploads\/2023\/11\/Stereo91-20231120-6-150x150.jpg",150,150,true]},"magazine_blocks_author":{"display_name":"Redactor","author_link":"https:\/\/pornuestrolaredo.com\/?author=1"},"magazine_blocks_comment":0,"magazine_blocks_author_image":"https:\/\/pornuestrolaredo.com\/wp-content\/litespeed\/avatar\/dca1d7ec750c399f025f23b0b314f4cf.jpg?ver=1777612120","magazine_blocks_category":"<a href=\"#\" class=\"category-link category-link-9\">El Mundo<\/a>","jetpack_publicize_connections":[],"featured_image_urls":{"full":["https:\/\/pornuestrolaredo.com\/wp-content\/uploads\/2023\/11\/Stereo91-20231120-6.jpg",850,485,false],"thumbnail":["https:\/\/pornuestrolaredo.com\/wp-content\/uploads\/2023\/11\/Stereo91-20231120-6-150x150.jpg",150,150,true],"medium":["https:\/\/pornuestrolaredo.com\/wp-content\/uploads\/2023\/11\/Stereo91-20231120-6-300x171.jpg",300,171,true],"medium_large":["https:\/\/pornuestrolaredo.com\/wp-content\/uploads\/2023\/11\/Stereo91-20231120-6-768x438.jpg",640,365,true],"large":["https:\/\/pornuestrolaredo.com\/wp-content\/uploads\/2023\/11\/Stereo91-20231120-6.jpg",640,365,false],"1536x1536":["https:\/\/pornuestrolaredo.com\/wp-content\/uploads\/2023\/11\/Stereo91-20231120-6.jpg",850,485,false],"2048x2048":["https:\/\/pornuestrolaredo.com\/wp-content\/uploads\/2023\/11\/Stereo91-20231120-6.jpg",850,485,false],"morenews-large":["https:\/\/pornuestrolaredo.com\/wp-content\/uploads\/2023\/11\/Stereo91-20231120-6.jpg",825,471,false],"morenews-medium":["https:\/\/pornuestrolaredo.com\/wp-content\/uploads\/2023\/11\/Stereo91-20231120-6.jpg",590,337,false]},"author_info":{"info":["Redactor"]},"category_info":"<a href=\"https:\/\/pornuestrolaredo.com\/?cat=9\" rel=\"category\">El Mundo<\/a>","tag_info":"El Mundo","comment_count":"0","jetpack_featured_media_url":"https:\/\/pornuestrolaredo.com\/wp-content\/uploads\/2023\/11\/Stereo91-20231120-6.jpg","jetpack_sharing_enabled":true,"_links":{"self":[{"href":"https:\/\/pornuestrolaredo.com\/index.php?rest_route=\/wp\/v2\/posts\/3436","targetHints":{"allow":["GET"]}}],"collection":[{"href":"https:\/\/pornuestrolaredo.com\/index.php?rest_route=\/wp\/v2\/posts"}],"about":[{"href":"https:\/\/pornuestrolaredo.com\/index.php?rest_route=\/wp\/v2\/types\/post"}],"author":[{"embeddable":true,"href":"https:\/\/pornuestrolaredo.com\/index.php?rest_route=\/wp\/v2\/users\/1"}],"replies":[{"embeddable":true,"href":"https:\/\/pornuestrolaredo.com\/index.php?rest_route=%2Fwp%2Fv2%2Fcomments&post=3436"}],"version-history":[{"count":1,"href":"https:\/\/pornuestrolaredo.com\/index.php?rest_route=\/wp\/v2\/posts\/3436\/revisions"}],"predecessor-version":[{"id":3438,"href":"https:\/\/pornuestrolaredo.com\/index.php?rest_route=\/wp\/v2\/posts\/3436\/revisions\/3438"}],"wp:featuredmedia":[{"embeddable":true,"href":"https:\/\/pornuestrolaredo.com\/index.php?rest_route=\/wp\/v2\/media\/3437"}],"wp:attachment":[{"href":"https:\/\/pornuestrolaredo.com\/index.php?rest_route=%2Fwp%2Fv2%2Fmedia&parent=3436"}],"wp:term":[{"taxonomy":"category","embeddable":true,"href":"https:\/\/pornuestrolaredo.com\/index.php?rest_route=%2Fwp%2Fv2%2Fcategories&post=3436"},{"taxonomy":"post_tag","embeddable":true,"href":"https:\/\/pornuestrolaredo.com\/index.php?rest_route=%2Fwp%2Fv2%2Ftags&post=3436"}],"curies":[{"name":"wp","href":"https:\/\/api.w.org\/{rel}","templated":true}]}}