{"id":3439,"date":"2023-11-20T04:43:11","date_gmt":"2023-11-20T04:43:11","guid":{"rendered":"https:\/\/pornuestrolaredo.com\/?p=3439"},"modified":"2023-11-20T04:43:11","modified_gmt":"2023-11-20T04:43:11","slug":"es-claudia-sheinbaum-precandidata-de-morena","status":"publish","type":"post","link":"https:\/\/pornuestrolaredo.com\/?p=3439","title":{"rendered":"Es Claudia Sheinbaum precandidata de Morena"},"content":{"rendered":"<p><strong><em>CIUDAD DE M\u00c9XICO.-<\/em><\/strong> Al asumir como precandidata \u00fanica de Morena, PT y PVEM, Claudia Sheinbaum ofreci\u00f3 dar continuidad al modelo iniciado por el Presidente Andr\u00e9s Manuel L\u00f3pez Obrador y no &#8220;zigzaguear&#8221; en la ruta iniciada en 2018.<\/p>\n<p>Acompa\u00f1ada por dirigentes de Morena, PT y PVEM, gobernadoras y gobernadores emanados de esos partidos, la aspirante presidencial Claudia Sheinbaum esboz\u00f3, a manera de ideas o sue\u00f1os, 17 promesas de campa\u00f1a.<\/p>\n<p>Sheinbaum present\u00f3 17 propuestas de continuidad del gobierno.<\/p>\n<blockquote><p>Asumo la precandidatura a la Presidencia de la Rep\u00fablica por Morena, el Partido del Trabajo y el Partido Verde con orgullo y compromiso, con humildad pero con la plena responsabilidad de continuar el rumbo trazado por nuestro pueblo, sin zigzagueos, el rumbo de la transformaci\u00f3n que ha iniciado el Presidente Andr\u00e9s Manuel L\u00f3pez Obrador&#8221;, dijo en un auditorio del World Trade Center, ante un millar de asistentes, Gobernadores, aspirantes, funcionarios e integrantes de Morena.<\/p><\/blockquote>\n<p>Ah\u00ed estaban quienes fueron sus contendientes en la interna morenista, salvo Marcelo Ebrard, quien envi\u00f3 a un representante, el diputado federal Emmanuel Reyes.<\/p>\n<blockquote><p>Prometo que voy a estar a la altura de las circunstancias, que vamos a caminar juntos y juntas, en unidad y que jam\u00e1s jam\u00e1s traicionar\u00e9 el anhelo del pueblo de M\u00e9xico de seguir construyendo una naci\u00f3n a\u00fan m\u00e1s justa, fraterna, soberana, libre y democr\u00e1tica&#8221;, a\u00f1adi\u00f3 Sheinbaum.<\/p><\/blockquote>\n<p>El a\u00f1o pasado, al conmemorar la expropiaci\u00f3n petrolera y comparar la selecci\u00f3n del candidato entre Manuel \u00c1vila Camacho y no la del General Francisco J. M\u00fagica que hizo L\u00e1zaro C\u00e1rdenas al final de su sexenio, L\u00f3pez Obrador plante\u00f3 con ese ejemplo que el General zigzague\u00f3 y que, al menos \u00e9l, no dejar\u00eda un &#8220;qu\u00e9 hubiera pasado&#8221; como legado.<\/p>\n<blockquote><p>Por eso, hoy de nuevo manifestamos, exclamamos a los cuatro vientos: \u00a1Nada de zigzaguear! Sigamos anclados en nuestros principios, reafirmemos la decisi\u00f3n y el rumbo que hemos tomado desde que inici\u00f3 el Gobierno. No a las medias tintas&#8221;, sostuvo, un discurso que retom\u00f3 Sheinbaum ante los que compitieron con ella por la candidatura como Ricardo Monreal, Ad\u00e1n Augusto L\u00f3pez y Gerardo Fern\u00e1ndez Noro\u00f1a, excepto Marcelo Ebrard.<\/p><\/blockquote>\n<p>Sheinbaum elogi\u00f3 a L\u00f3pez Obrador y describi\u00f3 un Pa\u00eds de avances hasta detenerse en que algo hace falta y ah\u00ed meti\u00f3 sus promesas de continuidad, disfrazadas de &#8220;sue\u00f1os, ideas o anhelos&#8221;, y consciente de las restricciones establecidas en los ordenamientos electoral. &#8220;S\u00ed, falta mucho por hacer, pero compa\u00f1eras y compa\u00f1eros, de hecho much\u00edsimo&#8221;, admiti\u00f3.<\/p>\n<p>Vestida de color guinda, la ex Jefa de Gobierno plante\u00f3 17 &#8220;apuntes, visiones&#8221;, para torear ley electoral que proh\u00edbe esas promesas antes del inicio de precampa\u00f1as, que ser\u00e1 ma\u00f1ana; propuestas todas de continuidad.<\/p>\n<p>Sus propuestas son mantener la austeridad republicana, la disciplina fiscal y financiera, que no va a regresar el Estado Mayor Presidencial ni el avi\u00f3n presidencial. Tambi\u00e9n dijo que se deber\u00e1n mantener y fortalecer programas sociales, el sistema de salud, \u00e9nfasis a la educaci\u00f3n y ampliar las inversiones estrat\u00e9gicas.<\/p>\n<blockquote><p>En particular daremos continuidad al proyecto presentado recientemente por el presidente Andr\u00e9s Manuel L\u00f3pez Obrador de los trenes de pasajeros&#8221;, dijo, e incluso cit\u00f3 los nombres de las rutas de trenes de pasajeros planteadas por la administraci\u00f3n federal.<\/p><\/blockquote>\n<p>Tambi\u00e9n propuso gobernabilidad, paz y seguridad, hasta llegar a la 17, una de las propuestas que ha hecho L\u00f3pez Obrador en sus ataques a la Suprema Corte de Justicia de la Naci\u00f3n. &#8220;Y 17, no crean que se me olvid\u00f3, el Plan C, la reforma judicial y las reformas pendientes&#8221;, sostuvo.<\/p>\n<p>Sheinbaum tambi\u00e9n lanz\u00f3 una diatriba contra la Oposici\u00f3n, si bien entre el presidium hab\u00eda varios ex priistas que ahora ostentan o buscan cargos en Morena, al tiempo que pidi\u00f3 esforzarse para ganar todos los puestos el pr\u00f3ximo a\u00f1o, principalmente la mayor\u00eda absoluta en el Congreso que le permitan reformarla Constituci\u00f3n.<\/p>\n<blockquote><p>Ellos que pretenden regresar, pero no los vamos a dejar, ellos nunca cumplieron sus promesas y jam\u00e1s las van a cumplir porque no les asiste la raz\u00f3n, sino a la avaricia&#8221;, dijo Sheinbaum.<\/p><\/blockquote>\n","protected":false},"excerpt":{"rendered":"<p>Ofrece dar continuidad al modelo iniciado por el Presidente Andr\u00e9s Manuel L\u00f3pez Obrador<\/p>\n","protected":false},"author":1,"featured_media":3440,"comment_status":"closed","ping_status":"closed","sticky":false,"template":"","format":"standard","meta":{"_crdt_document":"","_jetpack_memberships_contains_paid_content":false,"footnotes":"","jetpack_publicize_message":"","jetpack_publicize_feature_enabled":true,"jetpack_social_post_already_shared":true,"jetpack_social_options":{"image_generator_settings":{"template":"highway","default_image_id":0,"font":"","enabled":false},"version":2},"_wpas_customize_per_network":false},"categories":[33],"tags":[],"class_list":["post-3439","post","type-post","status-publish","format-standard","has-post-thumbnail","hentry","category-mexico"],"magazineBlocksPostFeaturedMedia":{"thumbnail":"https:\/\/pornuestrolaredo.com\/wp-content\/uploads\/2023\/11\/Stereo91-20231120-8-150x150.jpg","medium":"https:\/\/pornuestrolaredo.com\/wp-content\/uploads\/2023\/11\/Stereo91-20231120-8-300x200.jpg","medium_large":"https:\/\/pornuestrolaredo.com\/wp-content\/uploads\/2023\/11\/Stereo91-20231120-8-768x512.jpg","large":"https:\/\/pornuestrolaredo.com\/wp-content\/uploads\/2023\/11\/Stereo91-20231120-8.jpg","1536x1536":"https:\/\/pornuestrolaredo.com\/wp-content\/uploads\/2023\/11\/Stereo91-20231120-8.jpg","2048x2048":"https:\/\/pornuestrolaredo.com\/wp-content\/uploads\/2023\/11\/Stereo91-20231120-8.jpg","morenews-large":"https:\/\/pornuestrolaredo.com\/wp-content\/uploads\/2023\/11\/Stereo91-20231120-8.jpg","morenews-medium":"https:\/\/pornuestrolaredo.com\/wp-content\/uploads\/2023\/11\/Stereo91-20231120-8.jpg"},"magazineBlocksPostAuthor":{"name":"Redactor","avatar":"https:\/\/pornuestrolaredo.com\/wp-content\/litespeed\/avatar\/dca1d7ec750c399f025f23b0b314f4cf.jpg?ver=1777612120"},"magazineBlocksPostCommentsNumber":false,"magazineBlocksPostExcerpt":"Ofrece dar continuidad al modelo iniciado por el Presidente Andr\u00e9s Manuel L\u00f3pez Obrador","magazineBlocksPostCategories":["Mexico"],"magazineBlocksPostViewCount":146,"magazineBlocksPostReadTime":4,"magazine_blocks_featured_image_url":{"full":["https:\/\/pornuestrolaredo.com\/wp-content\/uploads\/2023\/11\/Stereo91-20231120-8.jpg",850,567,false],"medium":["https:\/\/pornuestrolaredo.com\/wp-content\/uploads\/2023\/11\/Stereo91-20231120-8-300x200.jpg",300,200,true],"thumbnail":["https:\/\/pornuestrolaredo.com\/wp-content\/uploads\/2023\/11\/Stereo91-20231120-8-150x150.jpg",150,150,true]},"magazine_blocks_author":{"display_name":"Redactor","author_link":"https:\/\/pornuestrolaredo.com\/?author=1"},"magazine_blocks_comment":0,"magazine_blocks_author_image":"https:\/\/pornuestrolaredo.com\/wp-content\/litespeed\/avatar\/dca1d7ec750c399f025f23b0b314f4cf.jpg?ver=1777612120","magazine_blocks_category":"<a href=\"#\" class=\"category-link category-link-33\">Mexico<\/a>","jetpack_publicize_connections":[],"featured_image_urls":{"full":["https:\/\/pornuestrolaredo.com\/wp-content\/uploads\/2023\/11\/Stereo91-20231120-8.jpg",850,567,false],"thumbnail":["https:\/\/pornuestrolaredo.com\/wp-content\/uploads\/2023\/11\/Stereo91-20231120-8-150x150.jpg",150,150,true],"medium":["https:\/\/pornuestrolaredo.com\/wp-content\/uploads\/2023\/11\/Stereo91-20231120-8-300x200.jpg",300,200,true],"medium_large":["https:\/\/pornuestrolaredo.com\/wp-content\/uploads\/2023\/11\/Stereo91-20231120-8-768x512.jpg",640,427,true],"large":["https:\/\/pornuestrolaredo.com\/wp-content\/uploads\/2023\/11\/Stereo91-20231120-8.jpg",640,427,false],"1536x1536":["https:\/\/pornuestrolaredo.com\/wp-content\/uploads\/2023\/11\/Stereo91-20231120-8.jpg",850,567,false],"2048x2048":["https:\/\/pornuestrolaredo.com\/wp-content\/uploads\/2023\/11\/Stereo91-20231120-8.jpg",850,567,false],"morenews-large":["https:\/\/pornuestrolaredo.com\/wp-content\/uploads\/2023\/11\/Stereo91-20231120-8.jpg",825,550,false],"morenews-medium":["https:\/\/pornuestrolaredo.com\/wp-content\/uploads\/2023\/11\/Stereo91-20231120-8.jpg",590,394,false]},"author_info":{"info":["Redactor"]},"category_info":"<a href=\"https:\/\/pornuestrolaredo.com\/?cat=33\" rel=\"category\">Mexico<\/a>","tag_info":"Mexico","comment_count":"0","jetpack_featured_media_url":"https:\/\/pornuestrolaredo.com\/wp-content\/uploads\/2023\/11\/Stereo91-20231120-8.jpg","jetpack_sharing_enabled":true,"_links":{"self":[{"href":"https:\/\/pornuestrolaredo.com\/index.php?rest_route=\/wp\/v2\/posts\/3439","targetHints":{"allow":["GET"]}}],"collection":[{"href":"https:\/\/pornuestrolaredo.com\/index.php?rest_route=\/wp\/v2\/posts"}],"about":[{"href":"https:\/\/pornuestrolaredo.com\/index.php?rest_route=\/wp\/v2\/types\/post"}],"author":[{"embeddable":true,"href":"https:\/\/pornuestrolaredo.com\/index.php?rest_route=\/wp\/v2\/users\/1"}],"replies":[{"embeddable":true,"href":"https:\/\/pornuestrolaredo.com\/index.php?rest_route=%2Fwp%2Fv2%2Fcomments&post=3439"}],"version-history":[{"count":1,"href":"https:\/\/pornuestrolaredo.com\/index.php?rest_route=\/wp\/v2\/posts\/3439\/revisions"}],"predecessor-version":[{"id":3441,"href":"https:\/\/pornuestrolaredo.com\/index.php?rest_route=\/wp\/v2\/posts\/3439\/revisions\/3441"}],"wp:featuredmedia":[{"embeddable":true,"href":"https:\/\/pornuestrolaredo.com\/index.php?rest_route=\/wp\/v2\/media\/3440"}],"wp:attachment":[{"href":"https:\/\/pornuestrolaredo.com\/index.php?rest_route=%2Fwp%2Fv2%2Fmedia&parent=3439"}],"wp:term":[{"taxonomy":"category","embeddable":true,"href":"https:\/\/pornuestrolaredo.com\/index.php?rest_route=%2Fwp%2Fv2%2Fcategories&post=3439"},{"taxonomy":"post_tag","embeddable":true,"href":"https:\/\/pornuestrolaredo.com\/index.php?rest_route=%2Fwp%2Fv2%2Ftags&post=3439"}],"curies":[{"name":"wp","href":"https:\/\/api.w.org\/{rel}","templated":true}]}}