{"id":3442,"date":"2023-11-23T06:19:01","date_gmt":"2023-11-23T06:19:01","guid":{"rendered":"https:\/\/pornuestrolaredo.com\/?p=3442"},"modified":"2023-11-23T06:19:01","modified_gmt":"2023-11-23T06:19:01","slug":"anuncia-carmen-lilia-evento-vive-la-navidad-2023","status":"publish","type":"post","link":"https:\/\/pornuestrolaredo.com\/?p=3442","title":{"rendered":"Anuncia Carmen Lilia evento &#8216;Vive la Navidad 2023&#8217;"},"content":{"rendered":"<p><strong>NUEVO LAREDO.- <\/strong> Una m\u00e1gica \u00e9poca brindar\u00e1 el gobierno municipal con el evento \u201cVive la Navidad\u201d, en el que se encender\u00e1 el Pino Navide\u00f1o el cual marca el inicio de las festividades decembrinas. <\/p>\n<p>La alcaldesa, Carmen Lilia Canturosas Villarreal, hizo una invitaci\u00f3n para que toda la ciudadan\u00eda se re\u00fana a disfrutar de este espectacular evento con el que se fomenta la integraci\u00f3n familiar y se promueve el esp\u00edritu navide\u00f1o.<\/p>\n<blockquote><p>Como gobierno municipal tenemos el compromiso de ofrecer a los ciudadanos espacios de esparcimiento y recreaci\u00f3n. Hoy Nuevo Laredo vive una nueva era de bienestar, prosperidad y paz social, que nos dan la oportunidad de ofrecerles algo diferente a las familias\u201d, se\u00f1al\u00f3 Canturosas Villarreal.<\/p><\/blockquote>\n<p>Indic\u00f3 que tambi\u00e9n ser\u00e1n instalados una pista y un resbaladero de hielo durante todo diciembre para que ni\u00f1os, j\u00f3venes y adultos se diviertan con est\u00e1s atracciones que ser\u00e1n gratuitas. <\/p>\n<blockquote><p>Ya tenemos todo listo para que durante las fiestas decembrinas disfruten del evento Vive la Navidad 2023; a partir del 3 de diciembre, en la Explanada de la Independencia, frente a Palacio Federal, podr\u00e1n disfrutar del tradicional encendido del Pino Navide\u00f1o, pero adem\u00e1s, instalaremos una pista de hielo y un resbaladero de hielo para que vayan y se diviertan durante todo el mes de diciembre\u201d, a\u00f1adi\u00f3.<\/p><\/blockquote>\n<p>La alcaldesa dio a conocer que las atracciones ser\u00e1n completamente gratuitas, abrir\u00e1n de lunes a domingo de 11 de la ma\u00f1ana a 8:00 de la noche y estar\u00e1n disponibles hasta el 6 de enero. <\/p>\n<p>La presidenta municipal inform\u00f3 que en esta semana iniciar\u00e1 la instalaci\u00f3n de la pista y del resbaladero de hielo en el cual se tardan aproximadamente 10 d\u00edas.<\/p>\n","protected":false},"excerpt":{"rendered":"<p>La alcaldesa da a conocer que llegar\u00e1n a Nuevo Laredo pista y resbaladero de hielo; el 3 de diciembre ser\u00e1 el encendio del \u00e1rbol<\/p>\n","protected":false},"author":1,"featured_media":3443,"comment_status":"closed","ping_status":"closed","sticky":false,"template":"","format":"standard","meta":{"_crdt_document":"","_jetpack_memberships_contains_paid_content":false,"footnotes":"","jetpack_publicize_message":"","jetpack_publicize_feature_enabled":true,"jetpack_social_post_already_shared":true,"jetpack_social_options":{"image_generator_settings":{"template":"highway","default_image_id":0,"font":"","enabled":false},"version":2},"_wpas_customize_per_network":false},"categories":[4],"tags":[],"class_list":["post-3442","post","type-post","status-publish","format-standard","has-post-thumbnail","hentry","category-los-dos-laredos"],"magazineBlocksPostFeaturedMedia":{"thumbnail":"https:\/\/pornuestrolaredo.com\/wp-content\/uploads\/2023\/11\/Stereo91-20231122-4--150x150.jpg","medium":"https:\/\/pornuestrolaredo.com\/wp-content\/uploads\/2023\/11\/Stereo91-20231122-4--300x200.jpg","medium_large":"https:\/\/pornuestrolaredo.com\/wp-content\/uploads\/2023\/11\/Stereo91-20231122-4--768x512.jpg","large":"https:\/\/pornuestrolaredo.com\/wp-content\/uploads\/2023\/11\/Stereo91-20231122-4-.jpg","1536x1536":"https:\/\/pornuestrolaredo.com\/wp-content\/uploads\/2023\/11\/Stereo91-20231122-4-.jpg","2048x2048":"https:\/\/pornuestrolaredo.com\/wp-content\/uploads\/2023\/11\/Stereo91-20231122-4-.jpg","morenews-large":"https:\/\/pornuestrolaredo.com\/wp-content\/uploads\/2023\/11\/Stereo91-20231122-4-.jpg","morenews-medium":"https:\/\/pornuestrolaredo.com\/wp-content\/uploads\/2023\/11\/Stereo91-20231122-4-.jpg"},"magazineBlocksPostAuthor":{"name":"Redactor","avatar":"https:\/\/pornuestrolaredo.com\/wp-content\/litespeed\/avatar\/dca1d7ec750c399f025f23b0b314f4cf.jpg?ver=1777612120"},"magazineBlocksPostCommentsNumber":false,"magazineBlocksPostExcerpt":"La alcaldesa da a conocer que llegar\u00e1n a Nuevo Laredo pista y resbaladero de hielo; el 3 de diciembre ser\u00e1 el encendio del \u00e1rbol","magazineBlocksPostCategories":["Los dos Laredos"],"magazineBlocksPostViewCount":155,"magazineBlocksPostReadTime":2,"magazine_blocks_featured_image_url":{"full":["https:\/\/pornuestrolaredo.com\/wp-content\/uploads\/2023\/11\/Stereo91-20231122-4-.jpg",850,567,false],"medium":["https:\/\/pornuestrolaredo.com\/wp-content\/uploads\/2023\/11\/Stereo91-20231122-4--300x200.jpg",300,200,true],"thumbnail":["https:\/\/pornuestrolaredo.com\/wp-content\/uploads\/2023\/11\/Stereo91-20231122-4--150x150.jpg",150,150,true]},"magazine_blocks_author":{"display_name":"Redactor","author_link":"https:\/\/pornuestrolaredo.com\/?author=1"},"magazine_blocks_comment":0,"magazine_blocks_author_image":"https:\/\/pornuestrolaredo.com\/wp-content\/litespeed\/avatar\/dca1d7ec750c399f025f23b0b314f4cf.jpg?ver=1777612120","magazine_blocks_category":"<a href=\"#\" class=\"category-link category-link-4\">Los dos Laredos<\/a>","jetpack_publicize_connections":[],"featured_image_urls":{"full":["https:\/\/pornuestrolaredo.com\/wp-content\/uploads\/2023\/11\/Stereo91-20231122-4-.jpg",850,567,false],"thumbnail":["https:\/\/pornuestrolaredo.com\/wp-content\/uploads\/2023\/11\/Stereo91-20231122-4--150x150.jpg",150,150,true],"medium":["https:\/\/pornuestrolaredo.com\/wp-content\/uploads\/2023\/11\/Stereo91-20231122-4--300x200.jpg",300,200,true],"medium_large":["https:\/\/pornuestrolaredo.com\/wp-content\/uploads\/2023\/11\/Stereo91-20231122-4--768x512.jpg",640,427,true],"large":["https:\/\/pornuestrolaredo.com\/wp-content\/uploads\/2023\/11\/Stereo91-20231122-4-.jpg",640,427,false],"1536x1536":["https:\/\/pornuestrolaredo.com\/wp-content\/uploads\/2023\/11\/Stereo91-20231122-4-.jpg",850,567,false],"2048x2048":["https:\/\/pornuestrolaredo.com\/wp-content\/uploads\/2023\/11\/Stereo91-20231122-4-.jpg",850,567,false],"morenews-large":["https:\/\/pornuestrolaredo.com\/wp-content\/uploads\/2023\/11\/Stereo91-20231122-4-.jpg",825,550,false],"morenews-medium":["https:\/\/pornuestrolaredo.com\/wp-content\/uploads\/2023\/11\/Stereo91-20231122-4-.jpg",590,394,false]},"author_info":{"info":["Redactor"]},"category_info":"<a href=\"https:\/\/pornuestrolaredo.com\/?cat=4\" rel=\"category\">Los dos Laredos<\/a>","tag_info":"Los dos Laredos","comment_count":"0","jetpack_featured_media_url":"https:\/\/pornuestrolaredo.com\/wp-content\/uploads\/2023\/11\/Stereo91-20231122-4-.jpg","jetpack_sharing_enabled":true,"_links":{"self":[{"href":"https:\/\/pornuestrolaredo.com\/index.php?rest_route=\/wp\/v2\/posts\/3442","targetHints":{"allow":["GET"]}}],"collection":[{"href":"https:\/\/pornuestrolaredo.com\/index.php?rest_route=\/wp\/v2\/posts"}],"about":[{"href":"https:\/\/pornuestrolaredo.com\/index.php?rest_route=\/wp\/v2\/types\/post"}],"author":[{"embeddable":true,"href":"https:\/\/pornuestrolaredo.com\/index.php?rest_route=\/wp\/v2\/users\/1"}],"replies":[{"embeddable":true,"href":"https:\/\/pornuestrolaredo.com\/index.php?rest_route=%2Fwp%2Fv2%2Fcomments&post=3442"}],"version-history":[{"count":1,"href":"https:\/\/pornuestrolaredo.com\/index.php?rest_route=\/wp\/v2\/posts\/3442\/revisions"}],"predecessor-version":[{"id":3444,"href":"https:\/\/pornuestrolaredo.com\/index.php?rest_route=\/wp\/v2\/posts\/3442\/revisions\/3444"}],"wp:featuredmedia":[{"embeddable":true,"href":"https:\/\/pornuestrolaredo.com\/index.php?rest_route=\/wp\/v2\/media\/3443"}],"wp:attachment":[{"href":"https:\/\/pornuestrolaredo.com\/index.php?rest_route=%2Fwp%2Fv2%2Fmedia&parent=3442"}],"wp:term":[{"taxonomy":"category","embeddable":true,"href":"https:\/\/pornuestrolaredo.com\/index.php?rest_route=%2Fwp%2Fv2%2Fcategories&post=3442"},{"taxonomy":"post_tag","embeddable":true,"href":"https:\/\/pornuestrolaredo.com\/index.php?rest_route=%2Fwp%2Fv2%2Ftags&post=3442"}],"curies":[{"name":"wp","href":"https:\/\/api.w.org\/{rel}","templated":true}]}}