{"id":3449,"date":"2023-11-24T07:18:03","date_gmt":"2023-11-24T07:18:03","guid":{"rendered":"https:\/\/pornuestrolaredo.com\/?p=3449"},"modified":"2023-11-24T07:18:03","modified_gmt":"2023-11-24T07:18:03","slug":"ataque-a-cuchilladas-desata-disturbios-en-irlanda","status":"publish","type":"post","link":"https:\/\/pornuestrolaredo.com\/?p=3449","title":{"rendered":"Ataque a cuchilladas desata disturbios en Irlanda"},"content":{"rendered":"<p><strong>DUBL\u00cdN.- <\/strong>Enfrentamientos imputados a la ultraderecha sacudieron Dubl\u00edn este jueves por la noche despu\u00e9s de que cinco personas, tres de ellas ni\u00f1os, resultaran heridas en un ataque que, seg\u00fan la Polic\u00eda irlandesa, no ten\u00eda m\u00f3vil &#8220;terrorista&#8221;.<\/p>\n<p>Los incidentes derivaron de una concentraci\u00f3n en la que cientos de participantes portaban pancartas que rezaban &#8220;Irish Lives Matter&#8221; (Las vidas de los irlandeses importan) y banderas nacionales. El acto tuvo lugar en un barrio en el que vive mucha poblaci\u00f3n migrante, observ\u00f3 un periodista de la AFP.<\/p>\n<p>Un auto de la Polic\u00eda fue incendiado y las fuerzas de seguridad fueron blanco de proyectiles por parte de la multitud, que se mostr\u00f3 hostil hacia los &#8220;medios &#8216;mainstream&#8217; (de tendencia mayoritaria)&#8221;.<\/p>\n<blockquote><p>No toleraremos que un peque\u00f1o n\u00famero de personas utilicen unos hechos atroces para sembrar la divisi\u00f3n&#8221;, declar\u00f3 en un comunicado la Ministra de Justicia, Helen McEntee, llamando a la &#8220;calma&#8221;.<\/p><\/blockquote>\n<blockquote><p>Los ataques contra la Polic\u00eda deber\u00e1n ser condenados y ser\u00e1n tratados severamente&#8221;.<\/p><\/blockquote>\n<p>Un responsable de la Polic\u00eda, el comisario Drew Harris, aludi\u00f3 a una &#8220;facci\u00f3n de ultras locos movidos por una ideolog\u00eda de extrema derecha&#8221;.<\/p>\n<blockquote><p>Los hechos todav\u00eda no est\u00e1n claros&#8221;, subray\u00f3, lamentando los &#8220;rumores&#8221; e &#8220;insinuaciones&#8221; que se han propagado &#8220;malintencionadamente&#8221;.<\/p><\/blockquote>\n<blockquote><p>Irlandeses han sido atacados por esa escoria&#8221;, lanz\u00f3 un individuo implicado en los altercados. En medio de la muchedumbre, algunos mencionaron el asesinato de una joven profesora cometido por un eslovaco que fue condenado recientemente a cadena perpetua.<\/p><\/blockquote>\n<p>Escenas de saqueos tuvieron lugar en una calle comercial de la ciudad, despu\u00e9s de que grupos de j\u00f3venes se aprovecharan de la ausencia de la polic\u00eda.<\/p>\n<p>Seg\u00fan los primeros elementos de la investigaci\u00f3n, un hombre agredi\u00f3 a varias personas a primera hora de la tarde, declar\u00f3 en una conferencia de prensa Liam Geraghty, jefe de la Polic\u00eda local.<\/p>\n<p>El Primer Ministro irland\u00e9s, Leo Varadkar, anunci\u00f3 que se detuvo a un sospechoso.<\/p>\n<p>Seg\u00fan la Polic\u00eda, se trata de un hombre de unos 50 a\u00f1os que fue hospitalizado.<\/p>\n<p>La Polic\u00eda no busca a &#8220;nadie m\u00e1s&#8221;, subray\u00f3 Geraghty, destacando que los investigadores descartan cualquier motivo &#8220;terrorista&#8221; a la luz de los primeros elementos de la investigaci\u00f3n.<\/p>\n<blockquote><p>Parece ser un ataque aislado&#8221; y debemos &#8220;determinar sus razones&#8221;, dijo, refiri\u00e9ndose al uso de un cuchillo.<\/p><\/blockquote>\n<blockquote><p>Sin embargo, no podemos proporcionar m\u00e1s informaci\u00f3n sobre la naturaleza de las lesiones&#8221;, a\u00f1adi\u00f3. Los hechos ocurrieron cerca de una escuela, seg\u00fan los medios irlandeses.<\/p><\/blockquote>\n<p>Las cinco v\u00edctimas fueron trasladadas a varios hospitales de la zona de la capital irlandesa, indic\u00f3 la polic\u00eda.<\/p>\n","protected":false},"excerpt":{"rendered":"<p>Cinco personas fueron heridas, de ellas tres son ni\u00f1os, en un incidente que la Polic\u00eda asegura no se trata de terrorismo<\/p>\n","protected":false},"author":1,"featured_media":3450,"comment_status":"closed","ping_status":"closed","sticky":false,"template":"","format":"standard","meta":{"_crdt_document":"","_jetpack_memberships_contains_paid_content":false,"footnotes":"","jetpack_publicize_message":"","jetpack_publicize_feature_enabled":true,"jetpack_social_post_already_shared":true,"jetpack_social_options":{"image_generator_settings":{"template":"highway","default_image_id":0,"font":"","enabled":false},"version":2},"_wpas_customize_per_network":false},"categories":[9],"tags":[],"class_list":["post-3449","post","type-post","status-publish","format-standard","has-post-thumbnail","hentry","category-el-mundo"],"magazineBlocksPostFeaturedMedia":{"thumbnail":"https:\/\/pornuestrolaredo.com\/wp-content\/uploads\/2023\/11\/Stereo91-20231124-4-150x150.jpg","medium":"https:\/\/pornuestrolaredo.com\/wp-content\/uploads\/2023\/11\/Stereo91-20231124-4-300x200.jpg","medium_large":"https:\/\/pornuestrolaredo.com\/wp-content\/uploads\/2023\/11\/Stereo91-20231124-4-768x512.jpg","large":"https:\/\/pornuestrolaredo.com\/wp-content\/uploads\/2023\/11\/Stereo91-20231124-4.jpg","1536x1536":"https:\/\/pornuestrolaredo.com\/wp-content\/uploads\/2023\/11\/Stereo91-20231124-4.jpg","2048x2048":"https:\/\/pornuestrolaredo.com\/wp-content\/uploads\/2023\/11\/Stereo91-20231124-4.jpg","morenews-large":"https:\/\/pornuestrolaredo.com\/wp-content\/uploads\/2023\/11\/Stereo91-20231124-4.jpg","morenews-medium":"https:\/\/pornuestrolaredo.com\/wp-content\/uploads\/2023\/11\/Stereo91-20231124-4.jpg"},"magazineBlocksPostAuthor":{"name":"Redactor","avatar":"https:\/\/pornuestrolaredo.com\/wp-content\/litespeed\/avatar\/dca1d7ec750c399f025f23b0b314f4cf.jpg?ver=1777612120"},"magazineBlocksPostCommentsNumber":false,"magazineBlocksPostExcerpt":"Cinco personas fueron heridas, de ellas tres son ni\u00f1os, en un incidente que la Polic\u00eda asegura no se trata de terrorismo","magazineBlocksPostCategories":["El Mundo"],"magazineBlocksPostViewCount":129,"magazineBlocksPostReadTime":3,"magazine_blocks_featured_image_url":{"full":["https:\/\/pornuestrolaredo.com\/wp-content\/uploads\/2023\/11\/Stereo91-20231124-4.jpg",960,640,false],"medium":["https:\/\/pornuestrolaredo.com\/wp-content\/uploads\/2023\/11\/Stereo91-20231124-4-300x200.jpg",300,200,true],"thumbnail":["https:\/\/pornuestrolaredo.com\/wp-content\/uploads\/2023\/11\/Stereo91-20231124-4-150x150.jpg",150,150,true]},"magazine_blocks_author":{"display_name":"Redactor","author_link":"https:\/\/pornuestrolaredo.com\/?author=1"},"magazine_blocks_comment":0,"magazine_blocks_author_image":"https:\/\/pornuestrolaredo.com\/wp-content\/litespeed\/avatar\/dca1d7ec750c399f025f23b0b314f4cf.jpg?ver=1777612120","magazine_blocks_category":"<a href=\"#\" class=\"category-link category-link-9\">El Mundo<\/a>","jetpack_publicize_connections":[],"featured_image_urls":{"full":["https:\/\/pornuestrolaredo.com\/wp-content\/uploads\/2023\/11\/Stereo91-20231124-4.jpg",960,640,false],"thumbnail":["https:\/\/pornuestrolaredo.com\/wp-content\/uploads\/2023\/11\/Stereo91-20231124-4-150x150.jpg",150,150,true],"medium":["https:\/\/pornuestrolaredo.com\/wp-content\/uploads\/2023\/11\/Stereo91-20231124-4-300x200.jpg",300,200,true],"medium_large":["https:\/\/pornuestrolaredo.com\/wp-content\/uploads\/2023\/11\/Stereo91-20231124-4-768x512.jpg",640,427,true],"large":["https:\/\/pornuestrolaredo.com\/wp-content\/uploads\/2023\/11\/Stereo91-20231124-4.jpg",640,427,false],"1536x1536":["https:\/\/pornuestrolaredo.com\/wp-content\/uploads\/2023\/11\/Stereo91-20231124-4.jpg",960,640,false],"2048x2048":["https:\/\/pornuestrolaredo.com\/wp-content\/uploads\/2023\/11\/Stereo91-20231124-4.jpg",960,640,false],"morenews-large":["https:\/\/pornuestrolaredo.com\/wp-content\/uploads\/2023\/11\/Stereo91-20231124-4.jpg",825,550,false],"morenews-medium":["https:\/\/pornuestrolaredo.com\/wp-content\/uploads\/2023\/11\/Stereo91-20231124-4.jpg",590,393,false]},"author_info":{"info":["Redactor"]},"category_info":"<a href=\"https:\/\/pornuestrolaredo.com\/?cat=9\" rel=\"category\">El Mundo<\/a>","tag_info":"El Mundo","comment_count":"0","jetpack_featured_media_url":"https:\/\/pornuestrolaredo.com\/wp-content\/uploads\/2023\/11\/Stereo91-20231124-4.jpg","jetpack_sharing_enabled":true,"_links":{"self":[{"href":"https:\/\/pornuestrolaredo.com\/index.php?rest_route=\/wp\/v2\/posts\/3449","targetHints":{"allow":["GET"]}}],"collection":[{"href":"https:\/\/pornuestrolaredo.com\/index.php?rest_route=\/wp\/v2\/posts"}],"about":[{"href":"https:\/\/pornuestrolaredo.com\/index.php?rest_route=\/wp\/v2\/types\/post"}],"author":[{"embeddable":true,"href":"https:\/\/pornuestrolaredo.com\/index.php?rest_route=\/wp\/v2\/users\/1"}],"replies":[{"embeddable":true,"href":"https:\/\/pornuestrolaredo.com\/index.php?rest_route=%2Fwp%2Fv2%2Fcomments&post=3449"}],"version-history":[{"count":1,"href":"https:\/\/pornuestrolaredo.com\/index.php?rest_route=\/wp\/v2\/posts\/3449\/revisions"}],"predecessor-version":[{"id":3451,"href":"https:\/\/pornuestrolaredo.com\/index.php?rest_route=\/wp\/v2\/posts\/3449\/revisions\/3451"}],"wp:featuredmedia":[{"embeddable":true,"href":"https:\/\/pornuestrolaredo.com\/index.php?rest_route=\/wp\/v2\/media\/3450"}],"wp:attachment":[{"href":"https:\/\/pornuestrolaredo.com\/index.php?rest_route=%2Fwp%2Fv2%2Fmedia&parent=3449"}],"wp:term":[{"taxonomy":"category","embeddable":true,"href":"https:\/\/pornuestrolaredo.com\/index.php?rest_route=%2Fwp%2Fv2%2Fcategories&post=3449"},{"taxonomy":"post_tag","embeddable":true,"href":"https:\/\/pornuestrolaredo.com\/index.php?rest_route=%2Fwp%2Fv2%2Ftags&post=3449"}],"curies":[{"name":"wp","href":"https:\/\/api.w.org\/{rel}","templated":true}]}}