{"id":3452,"date":"2023-11-24T07:26:13","date_gmt":"2023-11-24T07:26:13","guid":{"rendered":"https:\/\/pornuestrolaredo.com\/?p=3452"},"modified":"2023-11-24T07:26:13","modified_gmt":"2023-11-24T07:26:13","slug":"inicia-en-gaza-tregua-de-cuatro-dias","status":"publish","type":"post","link":"https:\/\/pornuestrolaredo.com\/?p=3452","title":{"rendered":"Inicia en Gaza tregua de cuatro d\u00edas"},"content":{"rendered":"<p><strong>TEL AVIV.- <\/strong>La tregua entre Israel y Hamas en la Franja de Gaza comenz\u00f3 por la ma\u00f1ana de este viernes, hora local, y ser\u00e1 seguida por la liberaci\u00f3n de 13 rehenes tomados por el movimiento islamista palestino, en los primeros signos de distensi\u00f3n tras semanas de guerra.<\/p>\n<p>Catar, mediador clave junto a Egipto y Estados Unidos, consigui\u00f3 el mi\u00e9rcoles un acuerdo para una tregua de cuatro d\u00edas prolongable y el intercambio de 50 rehenes cautivos en Gaza por 150 presos palestinos en Israel.<\/p>\n<p>La entrada en vigor del pacto estaba prevista inicialmente para el jueves, pero fue retrasada.<\/p>\n<p>Unas dos horas antes de la hora de inicio, el director general del Ministerio de Salud del Gobierno de Hamas en Gaza, Mounir al Barsh, declar\u00f3 a la AFP que soldados israel\u00edes &#8220;realizaron un asalto al Hospital Indonesio&#8221;, donde hay unos 200 pacientes.<\/p>\n<p>Interrogado por la AFP, el ej\u00e9rcito israel\u00ed no coment\u00f3 esta acci\u00f3n, pero se\u00f1al\u00f3 que se activaron alarmas anticohetes en un kibutz cercano a Gaza.<\/p>\n<p>Hamas confirm\u00f3 &#8220;un paro completo de las actividades militares&#8221; por cuatro d\u00edas, durante el que los 50 rehenes ser\u00e1n liberados. Por cada uno de ellos, &#8220;tres presos palestinos&#8221; ser\u00e1n excarcelados, indic\u00f3.<\/p>\n<p>El viernes temprano, una fuente de seguridad egipcia dijo a la AFP que una delegaci\u00f3n de seguridad de su pa\u00eds estar\u00e1 en Jerusal\u00e9n y Ramala para garantizar el &#8220;respeto de la lista&#8221; de presos palestinos liberados.<\/p>\n<p>Responsables de seguridad israel\u00edes, acompa\u00f1ados de personal de Cruz Roja y agentes egipcios, se desplegar\u00e1n en el lado egipcio del paso fronterizo de Rafah para recibir a los rehenes liberados en Gaza, a\u00f1adi\u00f3.<\/p>\n<p>Maayan Zin supo el jueves que sus dos hijas no formaban parte de los rehenes que ser\u00e1n liberados el viernes.<\/p>\n<blockquote><p>Es incre\u00edblemente dif\u00edcil para m\u00ed&#8221;, dijo en la red social X, aunque se mostr\u00f3 aliviada por las otras familias.<\/p>\n","protected":false},"excerpt":{"rendered":"<p>Acuerdan Israel y Hamas detener los combates e intercambiar rehenes <\/p>\n","protected":false},"author":1,"featured_media":3453,"comment_status":"closed","ping_status":"closed","sticky":false,"template":"","format":"standard","meta":{"_crdt_document":"","_jetpack_memberships_contains_paid_content":false,"footnotes":"","jetpack_publicize_message":"","jetpack_publicize_feature_enabled":true,"jetpack_social_post_already_shared":true,"jetpack_social_options":{"image_generator_settings":{"template":"highway","default_image_id":0,"font":"","enabled":false},"version":2},"_wpas_customize_per_network":false},"categories":[9],"tags":[],"class_list":["post-3452","post","type-post","status-publish","format-standard","has-post-thumbnail","hentry","category-el-mundo"],"magazineBlocksPostFeaturedMedia":{"thumbnail":"https:\/\/pornuestrolaredo.com\/wp-content\/uploads\/2023\/11\/Stereo91-20231124-5-150x150.jpg","medium":"https:\/\/pornuestrolaredo.com\/wp-content\/uploads\/2023\/11\/Stereo91-20231124-5-300x200.jpg","medium_large":"https:\/\/pornuestrolaredo.com\/wp-content\/uploads\/2023\/11\/Stereo91-20231124-5-768x512.jpg","large":"https:\/\/pornuestrolaredo.com\/wp-content\/uploads\/2023\/11\/Stereo91-20231124-5.jpg","1536x1536":"https:\/\/pornuestrolaredo.com\/wp-content\/uploads\/2023\/11\/Stereo91-20231124-5.jpg","2048x2048":"https:\/\/pornuestrolaredo.com\/wp-content\/uploads\/2023\/11\/Stereo91-20231124-5.jpg","morenews-large":"https:\/\/pornuestrolaredo.com\/wp-content\/uploads\/2023\/11\/Stereo91-20231124-5.jpg","morenews-medium":"https:\/\/pornuestrolaredo.com\/wp-content\/uploads\/2023\/11\/Stereo91-20231124-5.jpg"},"magazineBlocksPostAuthor":{"name":"Redactor","avatar":"https:\/\/pornuestrolaredo.com\/wp-content\/litespeed\/avatar\/dca1d7ec750c399f025f23b0b314f4cf.jpg?ver=1777612120"},"magazineBlocksPostCommentsNumber":false,"magazineBlocksPostExcerpt":"Acuerdan Israel y Hamas detener los combates e intercambiar rehenes ","magazineBlocksPostCategories":["El Mundo"],"magazineBlocksPostViewCount":153,"magazineBlocksPostReadTime":2,"magazine_blocks_featured_image_url":{"full":["https:\/\/pornuestrolaredo.com\/wp-content\/uploads\/2023\/11\/Stereo91-20231124-5.jpg",960,640,false],"medium":["https:\/\/pornuestrolaredo.com\/wp-content\/uploads\/2023\/11\/Stereo91-20231124-5-300x200.jpg",300,200,true],"thumbnail":["https:\/\/pornuestrolaredo.com\/wp-content\/uploads\/2023\/11\/Stereo91-20231124-5-150x150.jpg",150,150,true]},"magazine_blocks_author":{"display_name":"Redactor","author_link":"https:\/\/pornuestrolaredo.com\/?author=1"},"magazine_blocks_comment":0,"magazine_blocks_author_image":"https:\/\/pornuestrolaredo.com\/wp-content\/litespeed\/avatar\/dca1d7ec750c399f025f23b0b314f4cf.jpg?ver=1777612120","magazine_blocks_category":"<a href=\"#\" class=\"category-link category-link-9\">El Mundo<\/a>","jetpack_publicize_connections":[],"featured_image_urls":{"full":["https:\/\/pornuestrolaredo.com\/wp-content\/uploads\/2023\/11\/Stereo91-20231124-5.jpg",960,640,false],"thumbnail":["https:\/\/pornuestrolaredo.com\/wp-content\/uploads\/2023\/11\/Stereo91-20231124-5-150x150.jpg",150,150,true],"medium":["https:\/\/pornuestrolaredo.com\/wp-content\/uploads\/2023\/11\/Stereo91-20231124-5-300x200.jpg",300,200,true],"medium_large":["https:\/\/pornuestrolaredo.com\/wp-content\/uploads\/2023\/11\/Stereo91-20231124-5-768x512.jpg",640,427,true],"large":["https:\/\/pornuestrolaredo.com\/wp-content\/uploads\/2023\/11\/Stereo91-20231124-5.jpg",640,427,false],"1536x1536":["https:\/\/pornuestrolaredo.com\/wp-content\/uploads\/2023\/11\/Stereo91-20231124-5.jpg",960,640,false],"2048x2048":["https:\/\/pornuestrolaredo.com\/wp-content\/uploads\/2023\/11\/Stereo91-20231124-5.jpg",960,640,false],"morenews-large":["https:\/\/pornuestrolaredo.com\/wp-content\/uploads\/2023\/11\/Stereo91-20231124-5.jpg",825,550,false],"morenews-medium":["https:\/\/pornuestrolaredo.com\/wp-content\/uploads\/2023\/11\/Stereo91-20231124-5.jpg",590,393,false]},"author_info":{"info":["Redactor"]},"category_info":"<a href=\"https:\/\/pornuestrolaredo.com\/?cat=9\" rel=\"category\">El Mundo<\/a>","tag_info":"El Mundo","comment_count":"0","jetpack_featured_media_url":"https:\/\/pornuestrolaredo.com\/wp-content\/uploads\/2023\/11\/Stereo91-20231124-5.jpg","jetpack_sharing_enabled":true,"_links":{"self":[{"href":"https:\/\/pornuestrolaredo.com\/index.php?rest_route=\/wp\/v2\/posts\/3452","targetHints":{"allow":["GET"]}}],"collection":[{"href":"https:\/\/pornuestrolaredo.com\/index.php?rest_route=\/wp\/v2\/posts"}],"about":[{"href":"https:\/\/pornuestrolaredo.com\/index.php?rest_route=\/wp\/v2\/types\/post"}],"author":[{"embeddable":true,"href":"https:\/\/pornuestrolaredo.com\/index.php?rest_route=\/wp\/v2\/users\/1"}],"replies":[{"embeddable":true,"href":"https:\/\/pornuestrolaredo.com\/index.php?rest_route=%2Fwp%2Fv2%2Fcomments&post=3452"}],"version-history":[{"count":1,"href":"https:\/\/pornuestrolaredo.com\/index.php?rest_route=\/wp\/v2\/posts\/3452\/revisions"}],"predecessor-version":[{"id":3454,"href":"https:\/\/pornuestrolaredo.com\/index.php?rest_route=\/wp\/v2\/posts\/3452\/revisions\/3454"}],"wp:featuredmedia":[{"embeddable":true,"href":"https:\/\/pornuestrolaredo.com\/index.php?rest_route=\/wp\/v2\/media\/3453"}],"wp:attachment":[{"href":"https:\/\/pornuestrolaredo.com\/index.php?rest_route=%2Fwp%2Fv2%2Fmedia&parent=3452"}],"wp:term":[{"taxonomy":"category","embeddable":true,"href":"https:\/\/pornuestrolaredo.com\/index.php?rest_route=%2Fwp%2Fv2%2Fcategories&post=3452"},{"taxonomy":"post_tag","embeddable":true,"href":"https:\/\/pornuestrolaredo.com\/index.php?rest_route=%2Fwp%2Fv2%2Ftags&post=3452"}],"curies":[{"name":"wp","href":"https:\/\/api.w.org\/{rel}","templated":true}]}}