{"id":347,"date":"2022-09-19T16:46:58","date_gmt":"2022-09-19T16:46:58","guid":{"rendered":"https:\/\/pornuestrolaredo.com\/?p=347"},"modified":"2022-09-19T16:48:32","modified_gmt":"2022-09-19T16:48:32","slug":"347","status":"publish","type":"post","link":"https:\/\/pornuestrolaredo.com\/?p=347","title":{"rendered":"Cierran hoy diversos cruceros para reparar tuber\u00edas en NLD"},"content":{"rendered":"\n<p class=\"wp-block-paragraph\"><strong><em>NUEVO LAREDO.-<\/em><\/strong> Hoy est\u00e1 previsto el cierre de varias vialidades del Sector Centro y la colonia Guerrero, entre ellas la avenida Guerrero, para reparar viejas tuber\u00edas de drenaje sanitario y agua potable que ya no son \u00fatiles o est\u00e1n colapsadas.<\/p>\n\n\n\n<p class=\"wp-block-paragraph\">El Gobierno Municipal recuerda a los automovilistas tomar\nv\u00edas alternas. <\/p>\n\n\n\n<p class=\"wp-block-paragraph\">En la avenida Guerrero, entre Guatemala y Venezuela, se\ntrabajar\u00e1 en la rehabilitaci\u00f3n de tuber\u00eda de PVC para agua potable de cuatro\npulgadas de di\u00e1metro.<\/p>\n\n\n\n<p class=\"wp-block-paragraph\">Mientras que en la avenida Santos Degollado, entre Arteaga y\nPino Su\u00e1rez, se realizar\u00e1 la rehabilitaci\u00f3n de tuber\u00eda de agua potable de 4\npulgadas de di\u00e1metro.<\/p>\n\n\n\n<p class=\"wp-block-paragraph\">En Santos Degollado entre Pino Su\u00e1rez e Hidalgo, se har\u00e1 la\nrehabilitaci\u00f3n de tuber\u00eda de agua potable de cuatro pulgadas de di\u00e1metro.<\/p>\n\n\n\n<p class=\"wp-block-paragraph\">En la avenida Aquiles Serd\u00e1n, entre Per\u00fa y Venezuela, se\nhar\u00e1 la rehabilitaci\u00f3n de drenaje sanitario de 200 mil\u00edmetros PVC.<\/p>\n\n\n\n<p class=\"wp-block-paragraph\">Tambi\u00e9n por Aquiles Serd\u00e1n, entre Guatemala y Venezuela, se\ntrabajar\u00e1 en la rehabilitaci\u00f3n de tuber\u00eda de PVC para agua potable de cuatro\npulgadas de di\u00e1metro.<\/p>\n\n\n\n<p class=\"wp-block-paragraph\">Igualmente en Aquiles Serd\u00e1n&nbsp;\nentre Venezuela y Lincoln, se llevar\u00e1 a cabo la rehabilitaci\u00f3n de\ntuber\u00eda de PVC para agua potable de cuatro pulgadas de di\u00e1metro.<\/p>\n\n\n\n<p class=\"wp-block-paragraph\">Adem\u00e1s en Aquiles Serd\u00e1n, entre la calle Venezuela y Abraham\nLincoln, se trabajar\u00e1 en la rehabilitaci\u00f3n de tuber\u00eda de agua potable de cuatro\npulgadas de di\u00e1metro.<\/p>\n\n\n\n<p class=\"wp-block-paragraph\">Sobre la avenida Lerdo de Tejada, entre Venezuela y\nGuatemala, se trabajar\u00e1 en la rehabilitaci\u00f3n de tuber\u00eda PVC para agua potable\nde cuatro pulgadas de di\u00e1metro.<\/p>\n\n\n\n<p class=\"wp-block-paragraph\">Adem\u00e1s, en Lerdo de Tejada, entre Venezuela y Zaragoza, se\nhar\u00e1 la rehabilitaci\u00f3n de drenaje sanitario de 200 mil\u00edmetros PVC.<\/p>\n\n\n\n<p class=\"wp-block-paragraph\">La calle Canales, entre Jes\u00fas Carranza y 20 de noviembre,\nestar\u00e1 cerrada debido a la rehabilitaci\u00f3n de tuber\u00eda de agua potable, material\nPVC de cuatro pulgadas de di\u00e1metro.<\/p>\n\n\n\n<p class=\"wp-block-paragraph\">Ah\u00ed mismo en Canales, pero entre 20 de noviembre y Leona\nVicario, se har\u00e1 otra rehabilitaci\u00f3n de tuber\u00eda de agua potable, material PVC\nde cuatro pulgadas de di\u00e1metro.<\/p>\n\n\n\n<p class=\"wp-block-paragraph\">En la calle Guanajuato, entre Antonio Medina y Salinas Puga,\nhabr\u00e1 una rehabilitaci\u00f3n de drenaje sanitario de 200 mil\u00edmetros PVC.<\/p>\n\n\n\n<p class=\"wp-block-paragraph\">Por \u00faltimo, la obra de rehabilitaci\u00f3n para drenaje sanitario\nde 200 mil\u00edmetros PVC en la calle Per\u00fa, entre Ocampo y Leandro Valle.\n\nLos trabajos para mejorar la calidad de vida de\nlos neolaredenses tardar\u00e1n de 45 a 90 d\u00edas.\n\n\n\n<\/p>\n","protected":false},"excerpt":{"rendered":"<p>NUEVO LAREDO.- Hoy est\u00e1 previsto el cierre de varias vialidades del Sector Centro y la colonia Guerrero, entre<\/p>\n","protected":false},"author":1,"featured_media":348,"comment_status":"closed","ping_status":"closed","sticky":false,"template":"","format":"standard","meta":{"_crdt_document":"","_jetpack_memberships_contains_paid_content":false,"footnotes":"","jetpack_publicize_message":"Se afectar\u00e1 la vialidad en el Sector Centro y la colonia Guerrero; una de ellas la avenida Guerrero","jetpack_publicize_feature_enabled":true,"jetpack_social_post_already_shared":true,"jetpack_social_options":{"image_generator_settings":{"template":"highway","default_image_id":0,"font":"","enabled":false},"version":2},"_wpas_customize_per_network":false},"categories":[5],"tags":[],"class_list":["post-347","post","type-post","status-publish","format-standard","has-post-thumbnail","hentry","category-dos-laredos"],"magazineBlocksPostFeaturedMedia":{"thumbnail":"https:\/\/pornuestrolaredo.com\/wp-content\/uploads\/2022\/09\/PNL-20220919-4-150x150.jpeg","medium":"https:\/\/pornuestrolaredo.com\/wp-content\/uploads\/2022\/09\/PNL-20220919-4-300x150.jpeg","medium_large":"https:\/\/pornuestrolaredo.com\/wp-content\/uploads\/2022\/09\/PNL-20220919-4-768x384.jpeg","large":"https:\/\/pornuestrolaredo.com\/wp-content\/uploads\/2022\/09\/PNL-20220919-4.jpeg","1536x1536":"https:\/\/pornuestrolaredo.com\/wp-content\/uploads\/2022\/09\/PNL-20220919-4.jpeg","2048x2048":"https:\/\/pornuestrolaredo.com\/wp-content\/uploads\/2022\/09\/PNL-20220919-4.jpeg","morenews-large":"https:\/\/pornuestrolaredo.com\/wp-content\/uploads\/2022\/09\/PNL-20220919-4.jpeg","morenews-medium":"https:\/\/pornuestrolaredo.com\/wp-content\/uploads\/2022\/09\/PNL-20220919-4.jpeg"},"magazineBlocksPostAuthor":{"name":"Redactor","avatar":"https:\/\/pornuestrolaredo.com\/wp-content\/litespeed\/avatar\/dca1d7ec750c399f025f23b0b314f4cf.jpg?ver=1777612120"},"magazineBlocksPostCommentsNumber":false,"magazineBlocksPostExcerpt":"NUEVO LAREDO.- Hoy est\u00e1 previsto el cierre de varias vialidades del Sector Centro y la colonia Guerrero, entre","magazineBlocksPostCategories":["Dos Laredos"],"magazineBlocksPostViewCount":134,"magazineBlocksPostReadTime":3,"magazine_blocks_featured_image_url":{"full":["https:\/\/pornuestrolaredo.com\/wp-content\/uploads\/2022\/09\/PNL-20220919-4.jpeg",1024,512,false],"medium":["https:\/\/pornuestrolaredo.com\/wp-content\/uploads\/2022\/09\/PNL-20220919-4-300x150.jpeg",300,150,true],"thumbnail":["https:\/\/pornuestrolaredo.com\/wp-content\/uploads\/2022\/09\/PNL-20220919-4-150x150.jpeg",150,150,true]},"magazine_blocks_author":{"display_name":"Redactor","author_link":"https:\/\/pornuestrolaredo.com\/?author=1"},"magazine_blocks_comment":0,"magazine_blocks_author_image":"https:\/\/pornuestrolaredo.com\/wp-content\/litespeed\/avatar\/dca1d7ec750c399f025f23b0b314f4cf.jpg?ver=1777612120","magazine_blocks_category":"<a href=\"#\" class=\"category-link category-link-5\">Dos Laredos<\/a>","jetpack_publicize_connections":[],"featured_image_urls":{"full":["https:\/\/pornuestrolaredo.com\/wp-content\/uploads\/2022\/09\/PNL-20220919-4.jpeg",1024,512,false],"thumbnail":["https:\/\/pornuestrolaredo.com\/wp-content\/uploads\/2022\/09\/PNL-20220919-4-150x150.jpeg",150,150,true],"medium":["https:\/\/pornuestrolaredo.com\/wp-content\/uploads\/2022\/09\/PNL-20220919-4-300x150.jpeg",300,150,true],"medium_large":["https:\/\/pornuestrolaredo.com\/wp-content\/uploads\/2022\/09\/PNL-20220919-4-768x384.jpeg",640,320,true],"large":["https:\/\/pornuestrolaredo.com\/wp-content\/uploads\/2022\/09\/PNL-20220919-4.jpeg",640,320,false],"1536x1536":["https:\/\/pornuestrolaredo.com\/wp-content\/uploads\/2022\/09\/PNL-20220919-4.jpeg",1024,512,false],"2048x2048":["https:\/\/pornuestrolaredo.com\/wp-content\/uploads\/2022\/09\/PNL-20220919-4.jpeg",1024,512,false],"morenews-large":["https:\/\/pornuestrolaredo.com\/wp-content\/uploads\/2022\/09\/PNL-20220919-4.jpeg",825,413,false],"morenews-medium":["https:\/\/pornuestrolaredo.com\/wp-content\/uploads\/2022\/09\/PNL-20220919-4.jpeg",590,295,false]},"author_info":{"info":["Redactor"]},"category_info":"<a href=\"https:\/\/pornuestrolaredo.com\/?cat=5\" rel=\"category\">Dos Laredos<\/a>","tag_info":"Dos Laredos","comment_count":"0","jetpack_featured_media_url":"https:\/\/pornuestrolaredo.com\/wp-content\/uploads\/2022\/09\/PNL-20220919-4.jpeg","jetpack_sharing_enabled":true,"_links":{"self":[{"href":"https:\/\/pornuestrolaredo.com\/index.php?rest_route=\/wp\/v2\/posts\/347","targetHints":{"allow":["GET"]}}],"collection":[{"href":"https:\/\/pornuestrolaredo.com\/index.php?rest_route=\/wp\/v2\/posts"}],"about":[{"href":"https:\/\/pornuestrolaredo.com\/index.php?rest_route=\/wp\/v2\/types\/post"}],"author":[{"embeddable":true,"href":"https:\/\/pornuestrolaredo.com\/index.php?rest_route=\/wp\/v2\/users\/1"}],"replies":[{"embeddable":true,"href":"https:\/\/pornuestrolaredo.com\/index.php?rest_route=%2Fwp%2Fv2%2Fcomments&post=347"}],"version-history":[{"count":3,"href":"https:\/\/pornuestrolaredo.com\/index.php?rest_route=\/wp\/v2\/posts\/347\/revisions"}],"predecessor-version":[{"id":351,"href":"https:\/\/pornuestrolaredo.com\/index.php?rest_route=\/wp\/v2\/posts\/347\/revisions\/351"}],"wp:featuredmedia":[{"embeddable":true,"href":"https:\/\/pornuestrolaredo.com\/index.php?rest_route=\/wp\/v2\/media\/348"}],"wp:attachment":[{"href":"https:\/\/pornuestrolaredo.com\/index.php?rest_route=%2Fwp%2Fv2%2Fmedia&parent=347"}],"wp:term":[{"taxonomy":"category","embeddable":true,"href":"https:\/\/pornuestrolaredo.com\/index.php?rest_route=%2Fwp%2Fv2%2Fcategories&post=347"},{"taxonomy":"post_tag","embeddable":true,"href":"https:\/\/pornuestrolaredo.com\/index.php?rest_route=%2Fwp%2Fv2%2Ftags&post=347"}],"curies":[{"name":"wp","href":"https:\/\/api.w.org\/{rel}","templated":true}]}}