{"id":3481,"date":"2023-11-30T22:26:07","date_gmt":"2023-11-30T22:26:07","guid":{"rendered":"https:\/\/pornuestrolaredo.com\/?p=3481"},"modified":"2023-11-30T22:26:07","modified_gmt":"2023-11-30T22:26:07","slug":"el-2023-el-ano-mas-caliente-de-la-historia","status":"publish","type":"post","link":"https:\/\/pornuestrolaredo.com\/?p=3481","title":{"rendered":"El 2023, el a\u00f1o m\u00e1s caliente de la historia"},"content":{"rendered":"<p><strong><em>NUEVA YORK.-<\/em><\/strong> Casi con certeza, 2023 fue el a\u00f1o m\u00e1s caluroso jam\u00e1s registrado, dijo este jueves la agencia meteorol\u00f3gica de Naciones Unidas, que advirti\u00f3 que la tendencia actual apunta a un incremento de inundaciones, incendios forestales, deshielo de glaciares y olas de calor en el futuro.<\/p>\n<p>a Organizaci\u00f3n Meteorol\u00f3gica Mundial tambi\u00e9n alert\u00f3 que la temperatura media del a\u00f1o est\u00e1 unos 1.4 grados Celsius (2.5 grados Fahrenheit) por encima de la era preindustrial, apenas una d\u00e9cima de grado por debajo del objetivo para final de siglo fijado en el Acuerdo de Par\u00eds de 2015.<\/p>\n<p>El Secretario General de la OMM dijo que el inicio este a\u00f1o de El Ni\u00f1o, un fen\u00f3meno clim\u00e1tico marcado por el calentamiento del Oc\u00e9ano Pac\u00edfico, podr\u00eda llevar la temperatura del pr\u00f3ximo a\u00f1o por encima del objetivo de 1.5 grados C (2,7 grados F) establecido en Par\u00eds.<\/p>\n<blockquote><p>Es pr\u00e1cticamente seguro que durante los pr\u00f3ximos cuatro a\u00f1os alcanzaremos este 1.5, al menos de forma temporal&#8221;, dijo Petteri Taalas en una entrevista, &#8220;y en la pr\u00f3xima d\u00e9cada m\u00e1s o menos vamos a estar ah\u00ed de forma permanente&#8221;.<\/p><\/blockquote>\n<p>La OMM public\u00f3 sus hallazgos para el inicio el jueves de la conferencia clim\u00e1tica anual de Naciones Unidas, que este a\u00f1o se celebra en la ciudad de Dub\u00e1i, en el estado petrolero de Emiratos \u00c1rabes Unidos.<\/p>\n<p>La agencia de la ONU dijo que el criterio para determinar si se incumple el objetivo del Acuerdo de Par\u00eds es si el incremento de 1.5 grados se mantiene durante 30 a\u00f1os, no en un solo a\u00f1o, pero otras personas dijeron que el mundo necesita m\u00e1s aclaraciones al respecto.<\/p>\n<blockquote><p>La claridad sobre el incumplimiento de las salvaguardas del Acuerdo de Par\u00eds ser\u00e1 crucial&#8221;, se\u00f1al\u00f3 Richard Betts, de la Oficina Meteorol\u00f3gica brit\u00e1nica y autor principal de un nuevo reporte sobre el tema con la Universidad de Exeter, publicado en la revista Nature.<\/p><\/blockquote>\n<blockquote><p>Sin un acuerdo sobre qu\u00e9 cuenta realmente como superar los 1.5 grados Celsius, nos arriesgamos a que haya distracci\u00f3n y confusi\u00f3n precisamente en el momento en el que las acciones para evitar los peores efectos del cambio clim\u00e1tico se vuelven a\u00fan m\u00e1s urgentes&#8221;.<\/p><\/blockquote>\n<p>Taalas, de la OMM, dijo que en cualquier caso el mundo parece encaminado a superar de lejos esa cifra.<\/p>\n<blockquote><p>Nos dirigimos a un calentamiento de 2.5 o 3 grados, y eso supondr\u00eda que ver\u00edamos impactos del cambio clim\u00e1tico tremendamente m\u00e1s negativos&#8221;, dijo Taalas que puso como ejemplo el deshielo de los glaciares y la subida del nivel del mar durante &#8220;los siguientes miles de a\u00f1os&#8221;.<\/p><\/blockquote>\n<p>Los nueve a\u00f1os entre 2015 y 2023 fueron los m\u00e1s calurosos registrados, seg\u00fan la OMM. Sus datos para este a\u00f1o llegan a octubre, pero la organizaci\u00f3n se\u00f1al\u00f3 que es improbable que los dos \u00faltimos meses basten para evitar que 2023 bata el r\u00e9cord de calor.<\/p>\n<p>Aun as\u00ed, se\u00f1al\u00f3, hay &#8220;algunos indicios de esperanza&#8221;, como un giro hacia las energ\u00edas renovables y m\u00e1s autos el\u00e9ctricos, que ayudan a reducir la cantidad de di\u00f3xido de carbono que se emite a la atm\u00f3sfera y atrapa el calor dentro, apunt\u00f3 Taalas.<\/p>\n<p>Su mensaje para los delegados en la cumbre clim\u00e1tica, conocida como COP28, es que &#8220;debemos reducir de forma dr\u00e1stica nuestro consumo de carb\u00f3n, petr\u00f3leo y gas natural para poder limitar el calentamiento a los l\u00edmites de Par\u00eds&#8221;.<\/p>\n<blockquote><p>Por suerte, est\u00e1n pasando cosas. Pero aun as\u00ed, nosotros en los pa\u00edses occidentales, en los pa\u00edses ricos, seguimos consumiendo petr\u00f3leo, un poco menos de carb\u00f3n que en el pasado y a\u00fan gas natural&#8221;, a\u00f1adi\u00f3.<\/p><\/blockquote>\n<blockquote><p>La reducci\u00f3n del consumo de combustibles f\u00f3siles, esa es la clave del \u00e9xito&#8221;.<\/p><\/blockquote>\n","protected":false},"excerpt":{"rendered":"<p>La ONU advierte que la tendencia actual apunta a un incremento de inundaciones, incendios forestales, deshielo de glaciares y olas de calor<\/p>\n","protected":false},"author":1,"featured_media":3482,"comment_status":"closed","ping_status":"closed","sticky":false,"template":"","format":"standard","meta":{"_crdt_document":"","_jetpack_memberships_contains_paid_content":false,"footnotes":"","jetpack_publicize_message":"","jetpack_publicize_feature_enabled":true,"jetpack_social_post_already_shared":true,"jetpack_social_options":{"image_generator_settings":{"template":"highway","default_image_id":0,"font":"","enabled":false},"version":2},"_wpas_customize_per_network":false},"categories":[9],"tags":[],"class_list":["post-3481","post","type-post","status-publish","format-standard","has-post-thumbnail","hentry","category-el-mundo"],"magazineBlocksPostFeaturedMedia":{"thumbnail":"https:\/\/pornuestrolaredo.com\/wp-content\/uploads\/2023\/11\/Calor-excesivo-150x150.jpg","medium":"https:\/\/pornuestrolaredo.com\/wp-content\/uploads\/2023\/11\/Calor-excesivo-300x200.jpg","medium_large":"https:\/\/pornuestrolaredo.com\/wp-content\/uploads\/2023\/11\/Calor-excesivo.jpg","large":"https:\/\/pornuestrolaredo.com\/wp-content\/uploads\/2023\/11\/Calor-excesivo.jpg","1536x1536":"https:\/\/pornuestrolaredo.com\/wp-content\/uploads\/2023\/11\/Calor-excesivo.jpg","2048x2048":"https:\/\/pornuestrolaredo.com\/wp-content\/uploads\/2023\/11\/Calor-excesivo.jpg","morenews-large":"https:\/\/pornuestrolaredo.com\/wp-content\/uploads\/2023\/11\/Calor-excesivo.jpg","morenews-medium":"https:\/\/pornuestrolaredo.com\/wp-content\/uploads\/2023\/11\/Calor-excesivo.jpg"},"magazineBlocksPostAuthor":{"name":"Redactor","avatar":"https:\/\/pornuestrolaredo.com\/wp-content\/litespeed\/avatar\/dca1d7ec750c399f025f23b0b314f4cf.jpg?ver=1777612120"},"magazineBlocksPostCommentsNumber":false,"magazineBlocksPostExcerpt":"La ONU advierte que la tendencia actual apunta a un incremento de inundaciones, incendios forestales, deshielo de glaciares y olas de calor\r\n","magazineBlocksPostCategories":["El Mundo"],"magazineBlocksPostViewCount":122,"magazineBlocksPostReadTime":4,"magazine_blocks_featured_image_url":{"full":["https:\/\/pornuestrolaredo.com\/wp-content\/uploads\/2023\/11\/Calor-excesivo.jpg",750,500,false],"medium":["https:\/\/pornuestrolaredo.com\/wp-content\/uploads\/2023\/11\/Calor-excesivo-300x200.jpg",300,200,true],"thumbnail":["https:\/\/pornuestrolaredo.com\/wp-content\/uploads\/2023\/11\/Calor-excesivo-150x150.jpg",150,150,true]},"magazine_blocks_author":{"display_name":"Redactor","author_link":"https:\/\/pornuestrolaredo.com\/?author=1"},"magazine_blocks_comment":0,"magazine_blocks_author_image":"https:\/\/pornuestrolaredo.com\/wp-content\/litespeed\/avatar\/dca1d7ec750c399f025f23b0b314f4cf.jpg?ver=1777612120","magazine_blocks_category":"<a href=\"#\" class=\"category-link category-link-9\">El Mundo<\/a>","jetpack_publicize_connections":[],"featured_image_urls":{"full":["https:\/\/pornuestrolaredo.com\/wp-content\/uploads\/2023\/11\/Calor-excesivo.jpg",750,500,false],"thumbnail":["https:\/\/pornuestrolaredo.com\/wp-content\/uploads\/2023\/11\/Calor-excesivo-150x150.jpg",150,150,true],"medium":["https:\/\/pornuestrolaredo.com\/wp-content\/uploads\/2023\/11\/Calor-excesivo-300x200.jpg",300,200,true],"medium_large":["https:\/\/pornuestrolaredo.com\/wp-content\/uploads\/2023\/11\/Calor-excesivo.jpg",640,427,false],"large":["https:\/\/pornuestrolaredo.com\/wp-content\/uploads\/2023\/11\/Calor-excesivo.jpg",640,427,false],"1536x1536":["https:\/\/pornuestrolaredo.com\/wp-content\/uploads\/2023\/11\/Calor-excesivo.jpg",750,500,false],"2048x2048":["https:\/\/pornuestrolaredo.com\/wp-content\/uploads\/2023\/11\/Calor-excesivo.jpg",750,500,false],"morenews-large":["https:\/\/pornuestrolaredo.com\/wp-content\/uploads\/2023\/11\/Calor-excesivo.jpg",750,500,false],"morenews-medium":["https:\/\/pornuestrolaredo.com\/wp-content\/uploads\/2023\/11\/Calor-excesivo.jpg",590,393,false]},"author_info":{"info":["Redactor"]},"category_info":"<a href=\"https:\/\/pornuestrolaredo.com\/?cat=9\" rel=\"category\">El Mundo<\/a>","tag_info":"El Mundo","comment_count":"0","jetpack_featured_media_url":"https:\/\/pornuestrolaredo.com\/wp-content\/uploads\/2023\/11\/Calor-excesivo.jpg","jetpack_sharing_enabled":true,"_links":{"self":[{"href":"https:\/\/pornuestrolaredo.com\/index.php?rest_route=\/wp\/v2\/posts\/3481","targetHints":{"allow":["GET"]}}],"collection":[{"href":"https:\/\/pornuestrolaredo.com\/index.php?rest_route=\/wp\/v2\/posts"}],"about":[{"href":"https:\/\/pornuestrolaredo.com\/index.php?rest_route=\/wp\/v2\/types\/post"}],"author":[{"embeddable":true,"href":"https:\/\/pornuestrolaredo.com\/index.php?rest_route=\/wp\/v2\/users\/1"}],"replies":[{"embeddable":true,"href":"https:\/\/pornuestrolaredo.com\/index.php?rest_route=%2Fwp%2Fv2%2Fcomments&post=3481"}],"version-history":[{"count":1,"href":"https:\/\/pornuestrolaredo.com\/index.php?rest_route=\/wp\/v2\/posts\/3481\/revisions"}],"predecessor-version":[{"id":3483,"href":"https:\/\/pornuestrolaredo.com\/index.php?rest_route=\/wp\/v2\/posts\/3481\/revisions\/3483"}],"wp:featuredmedia":[{"embeddable":true,"href":"https:\/\/pornuestrolaredo.com\/index.php?rest_route=\/wp\/v2\/media\/3482"}],"wp:attachment":[{"href":"https:\/\/pornuestrolaredo.com\/index.php?rest_route=%2Fwp%2Fv2%2Fmedia&parent=3481"}],"wp:term":[{"taxonomy":"category","embeddable":true,"href":"https:\/\/pornuestrolaredo.com\/index.php?rest_route=%2Fwp%2Fv2%2Fcategories&post=3481"},{"taxonomy":"post_tag","embeddable":true,"href":"https:\/\/pornuestrolaredo.com\/index.php?rest_route=%2Fwp%2Fv2%2Ftags&post=3481"}],"curies":[{"name":"wp","href":"https:\/\/api.w.org\/{rel}","templated":true}]}}