{"id":3487,"date":"2023-12-02T07:22:22","date_gmt":"2023-12-02T07:22:22","guid":{"rendered":"https:\/\/pornuestrolaredo.com\/?p=3487"},"modified":"2023-12-02T07:22:22","modified_gmt":"2023-12-02T07:22:22","slug":"aumentara-el-salario-minimo-20-en-2024","status":"publish","type":"post","link":"https:\/\/pornuestrolaredo.com\/?p=3487","title":{"rendered":"Aumentar\u00e1 el salario m\u00ednimo 20% en 2024"},"content":{"rendered":"<p><strong><em>CIUDAD DE M\u00c9XICO.-<\/em><\/strong> Desde el 1 de enero del 2024, los trabajadores con salario m\u00ednimo ganar\u00e1n 20 por ciento m\u00e1s, anunci\u00f3 la ma\u00f1ana del viernes el presidente Andr\u00e9s Manuel L\u00f3pez Obrador. <\/p>\n<p>Explic\u00f3 que se lleg\u00f3 a un acuerdo entre los sectores obrero, patronal y el Gobierno Federal.<\/p>\n<p>L\u00f3pez Obrador inform\u00f3 que el m\u00ednimo en el interior del pa\u00eds pasar\u00e1 de 207.4 pesos a 248.93 pesos diarios, es decir, de 6 mil 255 a 7 mil 508 pesos mensuales.<\/p>\n<p>Seg\u00fan el Mandatario, con el incremento se cumple el ofrecimiento que realiz\u00f3 al inicio de su Gobierno para duplicar el salario m\u00ednimo en t\u00e9rminos reales.<\/p>\n<blockquote><p>Cuando llegamos, el salario m\u00ednimo era de 88 pesos diarios, 2 mil 687 pesos mensuales, y a partir del primero de enero, el salario m\u00ednimo va a ser de 249 pesos diarios, 7 mil 508 pesos mensuales&#8221;, dijo.<\/p><\/blockquote>\n<blockquote><p>Y esto es todav\u00eda m\u00e1s satisfactorio si se toma en cuenta que, en la Zona Libre de la Frontera Norte, el salario pasa de 88 pesos en 2018 a 375 pesos diarios a partir del d\u00eda primero de enero, es decir, de 2 mil 687 pesos mensuales a 11 mil 403 pesos mensuales. Esto no suced\u00eda desde hace 50 a\u00f1os cuando menos, por eso digo que es hist\u00f3rico&#8221;, afirm\u00f3.<\/p><\/blockquote>\n<p>L\u00f3pez Obrador agradeci\u00f3 al sector obrero y, en especial, al sector empresarial, tras recordar que de seis negociaciones salariales realizadas en este sexenio, en cinco se ha alcanzado el consenso de todos los sectores.<\/p>\n<blockquote><p>Es necesario agradecer el apoyo del sector obrero y del sector empresarial, sobre todo de este \u00faltimo, porque ellos aceptan este incremento. Es decir, hubo un acuerdo, el incremento se lleva a cabo por consenso&#8221;, refiri\u00f3.<\/p><\/blockquote>\n<blockquote><p>Y ya para el pr\u00f3ximo acuerdo va a corresponder a quien me sustituya en la Presidencia, pero me tocaron seis acuerdos para aumento en el salario, y en cinco ocasiones, ya considerando lo de hoy, se logr\u00f3 por consenso, s\u00f3lo en un a\u00f1o no particip\u00f3 el sector empresarial. Pero es un buen fin de nuestro Gobierno el haber logrado este consenso&#8221;.<\/p><\/blockquote>\n<p>Al hablar sobre el poder adquisitivo, el Presidente explic\u00f3 que, en 2018, el salario m\u00ednimo permit\u00eda comprar 5.5 kilos de tortilla, pero la idea es que, al cerrar el Gobierno, llegue a 12 kilogramos.<\/p>\n<p>L\u00f3pez Obrador aprovech\u00f3 el tema para criticar a los Gobiernos anteriores y fustigar a quienes pretenden que regresen en las elecciones presidenciales de 2024.<\/p>\n<blockquote><p>Nada m\u00e1s para tener una idea del da\u00f1o que causaron los neoliberales a la econom\u00eda popular. Solo siendo masoquista se estar\u00eda pensando en que regresen los neoliberales, que regrese el conservadurismo corrupto que domin\u00f3 por 36 a\u00f1os en nuestro pa\u00eds en los \u00faltimos tiempos. Pero, bueno&#8221;, agreg\u00f3.<\/p><\/blockquote>\n","protected":false},"excerpt":{"rendered":"<p>Desde el 1 de enero, en la frontera se ganar\u00e1n 375 pesos diarios y en el interior del pa\u00eds ser\u00e1 de 207.4 a 248.93 pesos diarios<\/p>\n","protected":false},"author":1,"featured_media":3488,"comment_status":"open","ping_status":"open","sticky":false,"template":"","format":"standard","meta":{"_crdt_document":"","_jetpack_memberships_contains_paid_content":false,"footnotes":"","jetpack_publicize_message":"","jetpack_publicize_feature_enabled":true,"jetpack_social_post_already_shared":true,"jetpack_social_options":{"image_generator_settings":{"template":"highway","default_image_id":0,"font":"","enabled":false},"version":2},"_wpas_customize_per_network":false},"categories":[33],"tags":[],"class_list":["post-3487","post","type-post","status-publish","format-standard","has-post-thumbnail","hentry","category-mexico"],"magazineBlocksPostFeaturedMedia":{"thumbnail":"https:\/\/pornuestrolaredo.com\/wp-content\/uploads\/2023\/12\/Stereo91-20231201-1-150x150.jpg","medium":"https:\/\/pornuestrolaredo.com\/wp-content\/uploads\/2023\/12\/Stereo91-20231201-1-300x169.jpg","medium_large":"https:\/\/pornuestrolaredo.com\/wp-content\/uploads\/2023\/12\/Stereo91-20231201-1-768x432.jpg","large":"https:\/\/pornuestrolaredo.com\/wp-content\/uploads\/2023\/12\/Stereo91-20231201-1-1000x563.jpg","1536x1536":"https:\/\/pornuestrolaredo.com\/wp-content\/uploads\/2023\/12\/Stereo91-20231201-1.jpg","2048x2048":"https:\/\/pornuestrolaredo.com\/wp-content\/uploads\/2023\/12\/Stereo91-20231201-1.jpg","morenews-large":"https:\/\/pornuestrolaredo.com\/wp-content\/uploads\/2023\/12\/Stereo91-20231201-1.jpg","morenews-medium":"https:\/\/pornuestrolaredo.com\/wp-content\/uploads\/2023\/12\/Stereo91-20231201-1.jpg"},"magazineBlocksPostAuthor":{"name":"Redactor","avatar":"https:\/\/pornuestrolaredo.com\/wp-content\/litespeed\/avatar\/dca1d7ec750c399f025f23b0b314f4cf.jpg?ver=1777612120"},"magazineBlocksPostCommentsNumber":false,"magazineBlocksPostExcerpt":"Desde el 1 de enero, en la frontera se ganar\u00e1n 375 pesos diarios y en el interior del pa\u00eds ser\u00e1 de 207.4 a 248.93 pesos diarios","magazineBlocksPostCategories":["Mexico"],"magazineBlocksPostViewCount":125,"magazineBlocksPostReadTime":3,"magazine_blocks_featured_image_url":{"full":["https:\/\/pornuestrolaredo.com\/wp-content\/uploads\/2023\/12\/Stereo91-20231201-1.jpg",1440,810,false],"medium":["https:\/\/pornuestrolaredo.com\/wp-content\/uploads\/2023\/12\/Stereo91-20231201-1-300x169.jpg",300,169,true],"thumbnail":["https:\/\/pornuestrolaredo.com\/wp-content\/uploads\/2023\/12\/Stereo91-20231201-1-150x150.jpg",150,150,true]},"magazine_blocks_author":{"display_name":"Redactor","author_link":"https:\/\/pornuestrolaredo.com\/?author=1"},"magazine_blocks_comment":0,"magazine_blocks_author_image":"https:\/\/pornuestrolaredo.com\/wp-content\/litespeed\/avatar\/dca1d7ec750c399f025f23b0b314f4cf.jpg?ver=1777612120","magazine_blocks_category":"<a href=\"#\" class=\"category-link category-link-33\">Mexico<\/a>","jetpack_publicize_connections":[],"featured_image_urls":{"full":["https:\/\/pornuestrolaredo.com\/wp-content\/uploads\/2023\/12\/Stereo91-20231201-1.jpg",1440,810,false],"thumbnail":["https:\/\/pornuestrolaredo.com\/wp-content\/uploads\/2023\/12\/Stereo91-20231201-1-150x150.jpg",150,150,true],"medium":["https:\/\/pornuestrolaredo.com\/wp-content\/uploads\/2023\/12\/Stereo91-20231201-1-300x169.jpg",300,169,true],"medium_large":["https:\/\/pornuestrolaredo.com\/wp-content\/uploads\/2023\/12\/Stereo91-20231201-1-768x432.jpg",640,360,true],"large":["https:\/\/pornuestrolaredo.com\/wp-content\/uploads\/2023\/12\/Stereo91-20231201-1-1000x563.jpg",640,360,true],"1536x1536":["https:\/\/pornuestrolaredo.com\/wp-content\/uploads\/2023\/12\/Stereo91-20231201-1.jpg",1440,810,false],"2048x2048":["https:\/\/pornuestrolaredo.com\/wp-content\/uploads\/2023\/12\/Stereo91-20231201-1.jpg",1440,810,false],"morenews-large":["https:\/\/pornuestrolaredo.com\/wp-content\/uploads\/2023\/12\/Stereo91-20231201-1.jpg",825,464,false],"morenews-medium":["https:\/\/pornuestrolaredo.com\/wp-content\/uploads\/2023\/12\/Stereo91-20231201-1.jpg",590,332,false]},"author_info":{"info":["Redactor"]},"category_info":"<a href=\"https:\/\/pornuestrolaredo.com\/?cat=33\" rel=\"category\">Mexico<\/a>","tag_info":"Mexico","comment_count":"0","jetpack_featured_media_url":"https:\/\/pornuestrolaredo.com\/wp-content\/uploads\/2023\/12\/Stereo91-20231201-1.jpg","jetpack_sharing_enabled":true,"_links":{"self":[{"href":"https:\/\/pornuestrolaredo.com\/index.php?rest_route=\/wp\/v2\/posts\/3487","targetHints":{"allow":["GET"]}}],"collection":[{"href":"https:\/\/pornuestrolaredo.com\/index.php?rest_route=\/wp\/v2\/posts"}],"about":[{"href":"https:\/\/pornuestrolaredo.com\/index.php?rest_route=\/wp\/v2\/types\/post"}],"author":[{"embeddable":true,"href":"https:\/\/pornuestrolaredo.com\/index.php?rest_route=\/wp\/v2\/users\/1"}],"replies":[{"embeddable":true,"href":"https:\/\/pornuestrolaredo.com\/index.php?rest_route=%2Fwp%2Fv2%2Fcomments&post=3487"}],"version-history":[{"count":1,"href":"https:\/\/pornuestrolaredo.com\/index.php?rest_route=\/wp\/v2\/posts\/3487\/revisions"}],"predecessor-version":[{"id":3489,"href":"https:\/\/pornuestrolaredo.com\/index.php?rest_route=\/wp\/v2\/posts\/3487\/revisions\/3489"}],"wp:featuredmedia":[{"embeddable":true,"href":"https:\/\/pornuestrolaredo.com\/index.php?rest_route=\/wp\/v2\/media\/3488"}],"wp:attachment":[{"href":"https:\/\/pornuestrolaredo.com\/index.php?rest_route=%2Fwp%2Fv2%2Fmedia&parent=3487"}],"wp:term":[{"taxonomy":"category","embeddable":true,"href":"https:\/\/pornuestrolaredo.com\/index.php?rest_route=%2Fwp%2Fv2%2Fcategories&post=3487"},{"taxonomy":"post_tag","embeddable":true,"href":"https:\/\/pornuestrolaredo.com\/index.php?rest_route=%2Fwp%2Fv2%2Ftags&post=3487"}],"curies":[{"name":"wp","href":"https:\/\/api.w.org\/{rel}","templated":true}]}}