{"id":3509,"date":"2023-12-08T02:50:13","date_gmt":"2023-12-08T02:50:13","guid":{"rendered":"https:\/\/pornuestrolaredo.com\/?p=3509"},"modified":"2023-12-08T02:50:13","modified_gmt":"2023-12-08T02:50:13","slug":"pospone-morena-reforma-que-reduce-jornada-laboral","status":"publish","type":"post","link":"https:\/\/pornuestrolaredo.com\/?p=3509","title":{"rendered":"Pospone Morena reforma que reduce jornada laboral"},"content":{"rendered":"<p><strong>CIUDAD DE M\u00c9XICO.- <\/strong>Diputados de Morena decidieron posponer la discusi\u00f3n de la reforma que reducir\u00eda de 48 a 40 horas la semana de la jornada laboral, anunci\u00f3 el diputado Juan Ramiro Robledo.<\/p>\n<p>El presidente de la Comisi\u00f3n de Puntos Constitucionales se\u00f1al\u00f3 que ello es para ir de la mano con la postura del presidente Andr\u00e9s Manuel L\u00f3pez Obrador, quien pidi\u00f3 que se le diera m\u00e1s tiempo de debate a la reforma al art\u00edculo 123 constitucional.<\/p>\n<p>Mencion\u00f3 que el dictamen se discutir\u00e1 hasta el periodo de sesiones de febrero, una vez de que se hayan realizado m\u00e1s foros de consulta por parte de la Junta de Coordinaci\u00f3n Pol\u00edtica.<\/p>\n<p>&#8220;No, de este periodo s\u00ed es dif\u00edcil. Para el siguiente periodo de esta legislatura, s\u00ed desde luego. La discusi\u00f3n en el Pleno, pero puede haber en el mes de enero, o en el mes de febrero, un di\u00e1logo abierto, nuevo, complementario que organice el \u00f3rgano pol\u00edtico de la C\u00e1mara, la Jucopo&#8221;, refiri\u00f3.<\/p>\n<p>Destac\u00f3 que la Junta Directiva de esta comisi\u00f3n decidi\u00f3 regresar el dictamen a la Mesa Directiva de la C\u00e1mara, que les hab\u00eda pedido revisar el texto y determinar si era posible agregar alguna de las posturas que se manifestaron en los foros de parlamento abierto sobre dicha reforma.<\/p>\n<p>Explic\u00f3 que los diputados decidieron que no habr\u00eda cambios al dictamen y que si se propon\u00edan, ten\u00eda que ser en el marco de la discusi\u00f3n en el Pleno.<\/p>\n<p>Por lo tanto, inform\u00f3, los legisladores decidieron devolver sin cambios el dictamen a la Mesa Directiva, para que se ponga a votaci\u00f3n cuando se considere necesario.<\/p>\n<p>&#8220;La junta directiva me dijo, &#8216;no hay fundamento legal, todo lo que se diga en consulta, en participaci\u00f3n ciudadana, en foros de parlamento abierto sirve para que los diputados de todos los grupos parlamentarios informen su juicio, los pros y los contras que hay en una reforma tan importante como esta, y la puedan convertir en reservas que modifiquen el dictamen&#8221;, explic\u00f3.<\/p>\n<p>Admiti\u00f3 que la decisi\u00f3n de posponer la aprobaci\u00f3n del dictamen tiene que ver con la postura del Ejecutivo federal.<\/p>\n<p>&#8220;Desde luego que tiene que ver para el Grupo Parlamentario de Morena, lo que opina el Presidente, pues pertenecemos al mismo movimiento, al mismo proyecto de pa\u00eds. Tenemos la misma visi\u00f3n de promover mejores condiciones para los trabajadores, pero tambi\u00e9n Morena es gobierno del pa\u00eds y tiene que ser muy responsable de las decisiones&#8221;, argumento.<\/p>\n<p>Aunque son poderes diferentes, argument\u00f3 que son un s\u00f3lo proyecto de Gobierno.<\/p>\n<p>&#8220;No est\u00e1 divorciado lo que piensa y lo que hace el Presidente de lo que hace Morena y los aliados aqu\u00ed en la C\u00e1mara, desde luego que no\u201d, agreg\u00f3.<\/p>\n<p>&#8220;Y la legislatura de los Estados y los gobiernos, los Estados tambi\u00e9n est\u00e1n inmersos en un mismo proyecto pol\u00edtico; todo debe tomarse en cuenta entre nosotros&#8221;, explic\u00f3.<\/p>\n<p>Asegur\u00f3 que el acuerdo de postergar la reforma no cancela la posibilidad de considerar todas las opiniones que haya habido de los sectores patronal y de los trabajadores de los foros anteriores, y los que se presenten por delante.<\/p>\n","protected":false},"excerpt":{"rendered":"<p>Est\u00e1 en discusi\u00f3n en la C\u00e1mara de Diputados una iniciativa que permite pasar de 48 a 40 horas la semana de trabajo<\/p>\n","protected":false},"author":1,"featured_media":3510,"comment_status":"closed","ping_status":"closed","sticky":false,"template":"","format":"standard","meta":{"_crdt_document":"","_jetpack_memberships_contains_paid_content":false,"footnotes":"","jetpack_publicize_message":"","jetpack_publicize_feature_enabled":true,"jetpack_social_post_already_shared":true,"jetpack_social_options":{"image_generator_settings":{"template":"highway","default_image_id":0,"font":"","enabled":false},"version":2},"_wpas_customize_per_network":false},"categories":[33],"tags":[],"class_list":["post-3509","post","type-post","status-publish","format-standard","has-post-thumbnail","hentry","category-mexico"],"magazineBlocksPostFeaturedMedia":{"thumbnail":"https:\/\/pornuestrolaredo.com\/wp-content\/uploads\/2023\/12\/Morena-150x150.jpg","medium":"https:\/\/pornuestrolaredo.com\/wp-content\/uploads\/2023\/12\/Morena-300x161.jpg","medium_large":"https:\/\/pornuestrolaredo.com\/wp-content\/uploads\/2023\/12\/Morena-768x412.jpg","large":"https:\/\/pornuestrolaredo.com\/wp-content\/uploads\/2023\/12\/Morena.jpg","1536x1536":"https:\/\/pornuestrolaredo.com\/wp-content\/uploads\/2023\/12\/Morena.jpg","2048x2048":"https:\/\/pornuestrolaredo.com\/wp-content\/uploads\/2023\/12\/Morena.jpg","morenews-large":"https:\/\/pornuestrolaredo.com\/wp-content\/uploads\/2023\/12\/Morena.jpg","morenews-medium":"https:\/\/pornuestrolaredo.com\/wp-content\/uploads\/2023\/12\/Morena.jpg"},"magazineBlocksPostAuthor":{"name":"Redactor","avatar":"https:\/\/pornuestrolaredo.com\/wp-content\/litespeed\/avatar\/dca1d7ec750c399f025f23b0b314f4cf.jpg?ver=1777612120"},"magazineBlocksPostCommentsNumber":false,"magazineBlocksPostExcerpt":"Est\u00e1 en discusi\u00f3n en la C\u00e1mara de Diputados una iniciativa que permite pasar de 48 a 40 horas la semana de trabajo","magazineBlocksPostCategories":["Mexico"],"magazineBlocksPostViewCount":128,"magazineBlocksPostReadTime":3,"magazine_blocks_featured_image_url":{"full":["https:\/\/pornuestrolaredo.com\/wp-content\/uploads\/2023\/12\/Morena.jpg",960,515,false],"medium":["https:\/\/pornuestrolaredo.com\/wp-content\/uploads\/2023\/12\/Morena-300x161.jpg",300,161,true],"thumbnail":["https:\/\/pornuestrolaredo.com\/wp-content\/uploads\/2023\/12\/Morena-150x150.jpg",150,150,true]},"magazine_blocks_author":{"display_name":"Redactor","author_link":"https:\/\/pornuestrolaredo.com\/?author=1"},"magazine_blocks_comment":0,"magazine_blocks_author_image":"https:\/\/pornuestrolaredo.com\/wp-content\/litespeed\/avatar\/dca1d7ec750c399f025f23b0b314f4cf.jpg?ver=1777612120","magazine_blocks_category":"<a href=\"#\" class=\"category-link category-link-33\">Mexico<\/a>","jetpack_publicize_connections":[],"featured_image_urls":{"full":["https:\/\/pornuestrolaredo.com\/wp-content\/uploads\/2023\/12\/Morena.jpg",960,515,false],"thumbnail":["https:\/\/pornuestrolaredo.com\/wp-content\/uploads\/2023\/12\/Morena-150x150.jpg",150,150,true],"medium":["https:\/\/pornuestrolaredo.com\/wp-content\/uploads\/2023\/12\/Morena-300x161.jpg",300,161,true],"medium_large":["https:\/\/pornuestrolaredo.com\/wp-content\/uploads\/2023\/12\/Morena-768x412.jpg",640,343,true],"large":["https:\/\/pornuestrolaredo.com\/wp-content\/uploads\/2023\/12\/Morena.jpg",640,343,false],"1536x1536":["https:\/\/pornuestrolaredo.com\/wp-content\/uploads\/2023\/12\/Morena.jpg",960,515,false],"2048x2048":["https:\/\/pornuestrolaredo.com\/wp-content\/uploads\/2023\/12\/Morena.jpg",960,515,false],"morenews-large":["https:\/\/pornuestrolaredo.com\/wp-content\/uploads\/2023\/12\/Morena.jpg",825,443,false],"morenews-medium":["https:\/\/pornuestrolaredo.com\/wp-content\/uploads\/2023\/12\/Morena.jpg",590,317,false]},"author_info":{"info":["Redactor"]},"category_info":"<a href=\"https:\/\/pornuestrolaredo.com\/?cat=33\" rel=\"category\">Mexico<\/a>","tag_info":"Mexico","comment_count":"0","jetpack_featured_media_url":"https:\/\/pornuestrolaredo.com\/wp-content\/uploads\/2023\/12\/Morena.jpg","jetpack_sharing_enabled":true,"_links":{"self":[{"href":"https:\/\/pornuestrolaredo.com\/index.php?rest_route=\/wp\/v2\/posts\/3509","targetHints":{"allow":["GET"]}}],"collection":[{"href":"https:\/\/pornuestrolaredo.com\/index.php?rest_route=\/wp\/v2\/posts"}],"about":[{"href":"https:\/\/pornuestrolaredo.com\/index.php?rest_route=\/wp\/v2\/types\/post"}],"author":[{"embeddable":true,"href":"https:\/\/pornuestrolaredo.com\/index.php?rest_route=\/wp\/v2\/users\/1"}],"replies":[{"embeddable":true,"href":"https:\/\/pornuestrolaredo.com\/index.php?rest_route=%2Fwp%2Fv2%2Fcomments&post=3509"}],"version-history":[{"count":1,"href":"https:\/\/pornuestrolaredo.com\/index.php?rest_route=\/wp\/v2\/posts\/3509\/revisions"}],"predecessor-version":[{"id":3511,"href":"https:\/\/pornuestrolaredo.com\/index.php?rest_route=\/wp\/v2\/posts\/3509\/revisions\/3511"}],"wp:featuredmedia":[{"embeddable":true,"href":"https:\/\/pornuestrolaredo.com\/index.php?rest_route=\/wp\/v2\/media\/3510"}],"wp:attachment":[{"href":"https:\/\/pornuestrolaredo.com\/index.php?rest_route=%2Fwp%2Fv2%2Fmedia&parent=3509"}],"wp:term":[{"taxonomy":"category","embeddable":true,"href":"https:\/\/pornuestrolaredo.com\/index.php?rest_route=%2Fwp%2Fv2%2Fcategories&post=3509"},{"taxonomy":"post_tag","embeddable":true,"href":"https:\/\/pornuestrolaredo.com\/index.php?rest_route=%2Fwp%2Fv2%2Ftags&post=3509"}],"curies":[{"name":"wp","href":"https:\/\/api.w.org\/{rel}","templated":true}]}}