{"id":3513,"date":"2023-12-09T07:02:55","date_gmt":"2023-12-09T07:02:55","guid":{"rendered":"https:\/\/pornuestrolaredo.com\/?p=3513"},"modified":"2023-12-09T07:02:55","modified_gmt":"2023-12-09T07:02:55","slug":"arranca-el-operativo-navidad-blanca","status":"publish","type":"post","link":"https:\/\/pornuestrolaredo.com\/?p=3513","title":{"rendered":"Arranca el operativo \u2018Navidad Blanca\u2019"},"content":{"rendered":"<p><strong><em>NUEVO LAREDO.-<\/em><\/strong>  Este viernes inici\u00f3 el operativo \u201cNavidad Blanca\u201d, en el que participan diferentes corporaciones de seguridad para garantizar en esta \u00e9poca decembrina el bienestar de la poblaci\u00f3n y de quienes visitan la ciudad.<\/p>\n<p>El evento se desarroll\u00f3 en la Explanada Esteba Baca Calder\u00f3n, ah\u00ed funcionarios municipales, autoridades de seguridad, representantes de c\u00e1maras y asociaciones dieron el banderazo de arranque de este importante programa con el que se realizar\u00e1n recorridos de vigilancia en centros comerciales, bancos, \u00e1reas de esparcimiento y parques industriales.<\/p>\n<p>La alcaldesa Carmen Lilia Canturosas Villarreal, indic\u00f3 que \u201cNavidad Blanca\u201d es una estrategia interinstitucional en el que se unieron los tres \u00f3rdenes de gobierno para asegurar la integridad de la ciudadan\u00eda con 65 unidades operativas y 200 elementos de seguridad.<\/p>\n<blockquote><p>En esta temporada de celebraci\u00f3n y alegr\u00eda, es nuestro deber asegurarnos de que cada uno de ustedes pueda disfrutar de esta \u00e9poca especial sin preocupaciones, por eso dise\u00f1amos este operativo, este programa viene a reforzar el compromiso del Gobierno Municipal con la paz social y el desarrollo sostenible\u201d, se\u00f1al\u00f3 Canturosas Villarreal.<\/p><\/blockquote>\n<p>En este operativo participan el Ej\u00e9rcito Nacional, Guardia Nacional, Guardia Estatal, Guardia Municipal, Tr\u00e1nsito y Vialidad y Protecci\u00f3n Civil. <\/p>\n<p>As\u00ed mismo se estar\u00e1 realizando la entrega de folletos informativos en los principales cruceros de la ciudad en los que se exhorta a la poblaci\u00f3n a moderar el consumo de alcohol y las consecuencias legales en caso de ser detenidos. <\/p>\n<blockquote><p>Trabajaremos de la mano para garantizar la seguridad y el bienestar de todas las familias que llaman hogar a Nuevo Laredo y de aquellos que nos visitan en esta temporada\u201d, mencion\u00f3 el director de Gobierno, Mario Rodr\u00edguez . <\/p><\/blockquote>\n<p>Por \u00faltimo, Canturosas Villarreal invit\u00f3 a los ciudadanos a sumarse a esta campa\u00f1a respetando las indicaciones de las autoridades de seguridad para que se vivan unas festividades con plena seguridad y armon\u00eda.<\/p>\n","protected":false},"excerpt":{"rendered":"<p>Se unen los tres \u00f3rdenes de gobierno para realizar acciones de seguridad, como patrullaje y otras acciones a favor de la ciudadan\u00eda; Da @Carmen Lilia Canturosas el banderazo<\/p>\n","protected":false},"author":1,"featured_media":3514,"comment_status":"closed","ping_status":"closed","sticky":false,"template":"","format":"standard","meta":{"_crdt_document":"","_jetpack_memberships_contains_paid_content":false,"footnotes":"","jetpack_publicize_message":"","jetpack_publicize_feature_enabled":true,"jetpack_social_post_already_shared":true,"jetpack_social_options":{"image_generator_settings":{"template":"highway","default_image_id":0,"font":"","enabled":false},"version":2},"_wpas_customize_per_network":false},"categories":[4],"tags":[],"class_list":["post-3513","post","type-post","status-publish","format-standard","has-post-thumbnail","hentry","category-los-dos-laredos"],"magazineBlocksPostFeaturedMedia":{"thumbnail":"https:\/\/pornuestrolaredo.com\/wp-content\/uploads\/2023\/12\/PNL-200231209-1-150x150.jpg","medium":"https:\/\/pornuestrolaredo.com\/wp-content\/uploads\/2023\/12\/PNL-200231209-1-300x185.jpg","medium_large":"https:\/\/pornuestrolaredo.com\/wp-content\/uploads\/2023\/12\/PNL-200231209-1-768x475.jpg","large":"https:\/\/pornuestrolaredo.com\/wp-content\/uploads\/2023\/12\/PNL-200231209-1-1000x618.jpg","1536x1536":"https:\/\/pornuestrolaredo.com\/wp-content\/uploads\/2023\/12\/PNL-200231209-1.jpg","2048x2048":"https:\/\/pornuestrolaredo.com\/wp-content\/uploads\/2023\/12\/PNL-200231209-1.jpg","morenews-large":"https:\/\/pornuestrolaredo.com\/wp-content\/uploads\/2023\/12\/PNL-200231209-1.jpg","morenews-medium":"https:\/\/pornuestrolaredo.com\/wp-content\/uploads\/2023\/12\/PNL-200231209-1.jpg"},"magazineBlocksPostAuthor":{"name":"Redactor","avatar":"https:\/\/pornuestrolaredo.com\/wp-content\/litespeed\/avatar\/dca1d7ec750c399f025f23b0b314f4cf.jpg?ver=1777612120"},"magazineBlocksPostCommentsNumber":false,"magazineBlocksPostExcerpt":"Se unen los tres \u00f3rdenes de gobierno para realizar acciones de seguridad, como patrullaje y otras acciones a favor de la ciudadan\u00eda; Da @Carmen Lilia Canturosas el banderazo","magazineBlocksPostCategories":["Los dos Laredos"],"magazineBlocksPostViewCount":141,"magazineBlocksPostReadTime":2,"magazine_blocks_featured_image_url":{"full":["https:\/\/pornuestrolaredo.com\/wp-content\/uploads\/2023\/12\/PNL-200231209-1.jpg",1280,791,false],"medium":["https:\/\/pornuestrolaredo.com\/wp-content\/uploads\/2023\/12\/PNL-200231209-1-300x185.jpg",300,185,true],"thumbnail":["https:\/\/pornuestrolaredo.com\/wp-content\/uploads\/2023\/12\/PNL-200231209-1-150x150.jpg",150,150,true]},"magazine_blocks_author":{"display_name":"Redactor","author_link":"https:\/\/pornuestrolaredo.com\/?author=1"},"magazine_blocks_comment":0,"magazine_blocks_author_image":"https:\/\/pornuestrolaredo.com\/wp-content\/litespeed\/avatar\/dca1d7ec750c399f025f23b0b314f4cf.jpg?ver=1777612120","magazine_blocks_category":"<a href=\"#\" class=\"category-link category-link-4\">Los dos Laredos<\/a>","jetpack_publicize_connections":[],"featured_image_urls":{"full":["https:\/\/pornuestrolaredo.com\/wp-content\/uploads\/2023\/12\/PNL-200231209-1.jpg",1280,791,false],"thumbnail":["https:\/\/pornuestrolaredo.com\/wp-content\/uploads\/2023\/12\/PNL-200231209-1-150x150.jpg",150,150,true],"medium":["https:\/\/pornuestrolaredo.com\/wp-content\/uploads\/2023\/12\/PNL-200231209-1-300x185.jpg",300,185,true],"medium_large":["https:\/\/pornuestrolaredo.com\/wp-content\/uploads\/2023\/12\/PNL-200231209-1-768x475.jpg",640,396,true],"large":["https:\/\/pornuestrolaredo.com\/wp-content\/uploads\/2023\/12\/PNL-200231209-1-1000x618.jpg",640,396,true],"1536x1536":["https:\/\/pornuestrolaredo.com\/wp-content\/uploads\/2023\/12\/PNL-200231209-1.jpg",1280,791,false],"2048x2048":["https:\/\/pornuestrolaredo.com\/wp-content\/uploads\/2023\/12\/PNL-200231209-1.jpg",1280,791,false],"morenews-large":["https:\/\/pornuestrolaredo.com\/wp-content\/uploads\/2023\/12\/PNL-200231209-1.jpg",825,510,false],"morenews-medium":["https:\/\/pornuestrolaredo.com\/wp-content\/uploads\/2023\/12\/PNL-200231209-1.jpg",590,365,false]},"author_info":{"info":["Redactor"]},"category_info":"<a href=\"https:\/\/pornuestrolaredo.com\/?cat=4\" rel=\"category\">Los dos Laredos<\/a>","tag_info":"Los dos Laredos","comment_count":"0","jetpack_featured_media_url":"https:\/\/pornuestrolaredo.com\/wp-content\/uploads\/2023\/12\/PNL-200231209-1.jpg","jetpack_sharing_enabled":true,"_links":{"self":[{"href":"https:\/\/pornuestrolaredo.com\/index.php?rest_route=\/wp\/v2\/posts\/3513","targetHints":{"allow":["GET"]}}],"collection":[{"href":"https:\/\/pornuestrolaredo.com\/index.php?rest_route=\/wp\/v2\/posts"}],"about":[{"href":"https:\/\/pornuestrolaredo.com\/index.php?rest_route=\/wp\/v2\/types\/post"}],"author":[{"embeddable":true,"href":"https:\/\/pornuestrolaredo.com\/index.php?rest_route=\/wp\/v2\/users\/1"}],"replies":[{"embeddable":true,"href":"https:\/\/pornuestrolaredo.com\/index.php?rest_route=%2Fwp%2Fv2%2Fcomments&post=3513"}],"version-history":[{"count":1,"href":"https:\/\/pornuestrolaredo.com\/index.php?rest_route=\/wp\/v2\/posts\/3513\/revisions"}],"predecessor-version":[{"id":3515,"href":"https:\/\/pornuestrolaredo.com\/index.php?rest_route=\/wp\/v2\/posts\/3513\/revisions\/3515"}],"wp:featuredmedia":[{"embeddable":true,"href":"https:\/\/pornuestrolaredo.com\/index.php?rest_route=\/wp\/v2\/media\/3514"}],"wp:attachment":[{"href":"https:\/\/pornuestrolaredo.com\/index.php?rest_route=%2Fwp%2Fv2%2Fmedia&parent=3513"}],"wp:term":[{"taxonomy":"category","embeddable":true,"href":"https:\/\/pornuestrolaredo.com\/index.php?rest_route=%2Fwp%2Fv2%2Fcategories&post=3513"},{"taxonomy":"post_tag","embeddable":true,"href":"https:\/\/pornuestrolaredo.com\/index.php?rest_route=%2Fwp%2Fv2%2Ftags&post=3513"}],"curies":[{"name":"wp","href":"https:\/\/api.w.org\/{rel}","templated":true}]}}