{"id":3516,"date":"2023-12-09T07:15:41","date_gmt":"2023-12-09T07:15:41","guid":{"rendered":"https:\/\/pornuestrolaredo.com\/?p=3516"},"modified":"2023-12-09T07:15:41","modified_gmt":"2023-12-09T07:15:41","slug":"promueven-ventajas-competitivas-de-nld","status":"publish","type":"post","link":"https:\/\/pornuestrolaredo.com\/?p=3516","title":{"rendered":"Promueven ventajas competitivas de NLD"},"content":{"rendered":"<p><strong>NUEVO LAREDO.-<\/strong> Varias reuniones en los estados de Jalisco, Quer\u00e9taro y Nuevo Le\u00f3n se han atendido por parte del Instituto para Competitividad y el Comercio Exterior (ICCE) para promover las ventajas de invertir en Nuevo Laredo.<\/p>\n<p>Francisco Iv\u00e1n Torres Macario, director del ICCE, inform\u00f3 que se han acudido a diversas convocatorias con las principales ciudades productoras interesadas en el municipio.<\/p>\n<blockquote><p>El enfoque de nuestra alcaldesa Carmen Lilia Canturosas es que necesitamos una ciudad m\u00e1s competitiva y lo hacemos teniendo su oferta de productos, atrayendo inversi\u00f3n a la ciudad y posicion\u00e1ndola\u201d, se\u00f1al\u00f3 Torres Macario.<\/p><\/blockquote>\n<p>Indic\u00f3 que se atendi\u00f3 una invitaci\u00f3n del gobierno de Quer\u00e9taro para atender un panel de mujeres en el que se platic\u00f3 sobre los v\u00ednculos que hay que establecer  con diferentes pa\u00edses como Finlandia, adem\u00e1s de sostener reuniones con el grupo de Coparmex, de ese estado.<\/p>\n<p>Torres Macario destac\u00f3 que dentro de estas reuniones se sostuvo una con el encargado de TAR Aerol\u00ednea, con quien se busca la conectividad espec\u00edfica entre Quer\u00e9taro- Nuevo Laredo y Guadalajara- Nuevo Laredo.<\/p>\n<p>En Monterrey se sostuvo una junta con representantes de la oficina de Hong Kong en M\u00e9xico, as\u00ed como la invitaci\u00f3n para que el pr\u00f3ximo a\u00f1o acudan a eventos en este pa\u00eds.<\/p>\n<p>Cabe resaltar que Hong Kong es el principal aeropuerto de carga en el mundo y Nuevo Laredo es el principal punto de cruce terrestre, por lo que hay un inter\u00e9s mutuo para que se conecte con el municipio.<\/p>\n<p>Mientras que la semana pasada en Guadalajara acudi\u00f3 a la reuni\u00f3n mensual de la Confederaci\u00f3n de C\u00e1maras Industriales de los Estados Unidos Mexicanos (CONCAMIN).<\/p>\n<p>Adem\u00e1s se sostuvo una reuni\u00f3n privada con autoridades del Gobierno de Guadalajara para que se firme un acuerdo de hermanamiento con el Gobierno de Nuevo Laredo.<\/p>\n","protected":false},"excerpt":{"rendered":"<p>Sostiene el Instituto para Competitividad y el Comercio Exterior reuniones en las principales ciudades productores del pa\u00eds<\/p>\n","protected":false},"author":1,"featured_media":3517,"comment_status":"closed","ping_status":"closed","sticky":false,"template":"","format":"standard","meta":{"_crdt_document":"","_jetpack_memberships_contains_paid_content":false,"footnotes":"","jetpack_publicize_message":"","jetpack_publicize_feature_enabled":true,"jetpack_social_post_already_shared":true,"jetpack_social_options":{"image_generator_settings":{"template":"highway","default_image_id":0,"font":"","enabled":false},"version":2},"_wpas_customize_per_network":false},"categories":[4],"tags":[],"class_list":["post-3516","post","type-post","status-publish","format-standard","has-post-thumbnail","hentry","category-los-dos-laredos"],"magazineBlocksPostFeaturedMedia":{"thumbnail":"https:\/\/pornuestrolaredo.com\/wp-content\/uploads\/2023\/12\/PNL-200231209-7-150x150.jpg","medium":"https:\/\/pornuestrolaredo.com\/wp-content\/uploads\/2023\/12\/PNL-200231209-7-300x169.jpg","medium_large":"https:\/\/pornuestrolaredo.com\/wp-content\/uploads\/2023\/12\/PNL-200231209-7-768x432.jpg","large":"https:\/\/pornuestrolaredo.com\/wp-content\/uploads\/2023\/12\/PNL-200231209-7.jpg","1536x1536":"https:\/\/pornuestrolaredo.com\/wp-content\/uploads\/2023\/12\/PNL-200231209-7.jpg","2048x2048":"https:\/\/pornuestrolaredo.com\/wp-content\/uploads\/2023\/12\/PNL-200231209-7.jpg","morenews-large":"https:\/\/pornuestrolaredo.com\/wp-content\/uploads\/2023\/12\/PNL-200231209-7.jpg","morenews-medium":"https:\/\/pornuestrolaredo.com\/wp-content\/uploads\/2023\/12\/PNL-200231209-7.jpg"},"magazineBlocksPostAuthor":{"name":"Redactor","avatar":"https:\/\/pornuestrolaredo.com\/wp-content\/litespeed\/avatar\/dca1d7ec750c399f025f23b0b314f4cf.jpg?ver=1777612120"},"magazineBlocksPostCommentsNumber":false,"magazineBlocksPostExcerpt":"Sostiene el Instituto para Competitividad y el Comercio Exterior reuniones en las principales ciudades productores del pa\u00eds","magazineBlocksPostCategories":["Los dos Laredos"],"magazineBlocksPostViewCount":116,"magazineBlocksPostReadTime":2,"magazine_blocks_featured_image_url":{"full":["https:\/\/pornuestrolaredo.com\/wp-content\/uploads\/2023\/12\/PNL-200231209-7.jpg",850,478,false],"medium":["https:\/\/pornuestrolaredo.com\/wp-content\/uploads\/2023\/12\/PNL-200231209-7-300x169.jpg",300,169,true],"thumbnail":["https:\/\/pornuestrolaredo.com\/wp-content\/uploads\/2023\/12\/PNL-200231209-7-150x150.jpg",150,150,true]},"magazine_blocks_author":{"display_name":"Redactor","author_link":"https:\/\/pornuestrolaredo.com\/?author=1"},"magazine_blocks_comment":0,"magazine_blocks_author_image":"https:\/\/pornuestrolaredo.com\/wp-content\/litespeed\/avatar\/dca1d7ec750c399f025f23b0b314f4cf.jpg?ver=1777612120","magazine_blocks_category":"<a href=\"#\" class=\"category-link category-link-4\">Los dos Laredos<\/a>","jetpack_publicize_connections":[],"featured_image_urls":{"full":["https:\/\/pornuestrolaredo.com\/wp-content\/uploads\/2023\/12\/PNL-200231209-7.jpg",850,478,false],"thumbnail":["https:\/\/pornuestrolaredo.com\/wp-content\/uploads\/2023\/12\/PNL-200231209-7-150x150.jpg",150,150,true],"medium":["https:\/\/pornuestrolaredo.com\/wp-content\/uploads\/2023\/12\/PNL-200231209-7-300x169.jpg",300,169,true],"medium_large":["https:\/\/pornuestrolaredo.com\/wp-content\/uploads\/2023\/12\/PNL-200231209-7-768x432.jpg",640,360,true],"large":["https:\/\/pornuestrolaredo.com\/wp-content\/uploads\/2023\/12\/PNL-200231209-7.jpg",640,360,false],"1536x1536":["https:\/\/pornuestrolaredo.com\/wp-content\/uploads\/2023\/12\/PNL-200231209-7.jpg",850,478,false],"2048x2048":["https:\/\/pornuestrolaredo.com\/wp-content\/uploads\/2023\/12\/PNL-200231209-7.jpg",850,478,false],"morenews-large":["https:\/\/pornuestrolaredo.com\/wp-content\/uploads\/2023\/12\/PNL-200231209-7.jpg",825,464,false],"morenews-medium":["https:\/\/pornuestrolaredo.com\/wp-content\/uploads\/2023\/12\/PNL-200231209-7.jpg",590,332,false]},"author_info":{"info":["Redactor"]},"category_info":"<a href=\"https:\/\/pornuestrolaredo.com\/?cat=4\" rel=\"category\">Los dos Laredos<\/a>","tag_info":"Los dos Laredos","comment_count":"0","jetpack_featured_media_url":"https:\/\/pornuestrolaredo.com\/wp-content\/uploads\/2023\/12\/PNL-200231209-7.jpg","jetpack_sharing_enabled":true,"_links":{"self":[{"href":"https:\/\/pornuestrolaredo.com\/index.php?rest_route=\/wp\/v2\/posts\/3516","targetHints":{"allow":["GET"]}}],"collection":[{"href":"https:\/\/pornuestrolaredo.com\/index.php?rest_route=\/wp\/v2\/posts"}],"about":[{"href":"https:\/\/pornuestrolaredo.com\/index.php?rest_route=\/wp\/v2\/types\/post"}],"author":[{"embeddable":true,"href":"https:\/\/pornuestrolaredo.com\/index.php?rest_route=\/wp\/v2\/users\/1"}],"replies":[{"embeddable":true,"href":"https:\/\/pornuestrolaredo.com\/index.php?rest_route=%2Fwp%2Fv2%2Fcomments&post=3516"}],"version-history":[{"count":1,"href":"https:\/\/pornuestrolaredo.com\/index.php?rest_route=\/wp\/v2\/posts\/3516\/revisions"}],"predecessor-version":[{"id":3518,"href":"https:\/\/pornuestrolaredo.com\/index.php?rest_route=\/wp\/v2\/posts\/3516\/revisions\/3518"}],"wp:featuredmedia":[{"embeddable":true,"href":"https:\/\/pornuestrolaredo.com\/index.php?rest_route=\/wp\/v2\/media\/3517"}],"wp:attachment":[{"href":"https:\/\/pornuestrolaredo.com\/index.php?rest_route=%2Fwp%2Fv2%2Fmedia&parent=3516"}],"wp:term":[{"taxonomy":"category","embeddable":true,"href":"https:\/\/pornuestrolaredo.com\/index.php?rest_route=%2Fwp%2Fv2%2Fcategories&post=3516"},{"taxonomy":"post_tag","embeddable":true,"href":"https:\/\/pornuestrolaredo.com\/index.php?rest_route=%2Fwp%2Fv2%2Ftags&post=3516"}],"curies":[{"name":"wp","href":"https:\/\/api.w.org\/{rel}","templated":true}]}}