{"id":3519,"date":"2023-12-09T18:56:38","date_gmt":"2023-12-09T18:56:38","guid":{"rendered":"https:\/\/pornuestrolaredo.com\/?p=3519"},"modified":"2023-12-09T18:56:38","modified_gmt":"2023-12-09T18:56:38","slug":"ofrecen-clases-gratis-de-cardio-box","status":"publish","type":"post","link":"https:\/\/pornuestrolaredo.com\/?p=3519","title":{"rendered":"Ofrecen clases gratis de \u2018Cardio Box\u2019"},"content":{"rendered":"<p><strong><em>NUEVO LAREDO.-<\/em> <\/strong>Con la finalidad de brindar oportunidades para mejorar la salud f\u00edsica y mental de la ciudadan\u00eda, el gobierno municipal ofrece gratuitamente clases de \u201cCardio Box\u201d, en las que hasta ahora asisten m\u00e1s de 40 personas.<\/p>\n<p>Regino L\u00e1zaro Castillo Ram\u00edrez, preparador f\u00edsico en la direcci\u00f3n de Cultura F\u00edsica y Deporte, indic\u00f3 que a trav\u00e9s del entrenamiento los asistentes desarrollan capacidades funcionales, f\u00edsicas, aumento del sistema muscular, eliminaci\u00f3n de colesterol y triglic\u00e9ridos, y a mejorar el sistema inmunol\u00f3gico.<\/p>\n<blockquote><p>Es un deporte de combate, de contacto entonces nos permite a nosotros dar esta clase con la visi\u00f3n de que la gente busque salud, est\u00e1n viniendo muchas personas, en su mayor\u00eda damas, nos da gusto dar esta clase\u201d, mencion\u00f3 Castillo Ram\u00edrez.<\/p><\/blockquote>\n<p>Mar\u00eda Teresa L\u00f3pez manifest\u00f3 su agradecimiento a la alcaldesa Carmen Lilia Canturosas, porque las clases son gratuitas pues en ocasiones no se tiene oportunidad para pagar un gimnasio.<\/p>\n<blockquote><p>Es muy din\u00e1mica, muy bonita y completa, estamos muy a gusto y contentas en esta clase, me ha servido bastante porque libero el estr\u00e9s, en la circulaci\u00f3n, sobre todo en el d\u00eda a d\u00eda a tener m\u00e1s energ\u00eda\u201d, dijo Mar\u00eda Teresa L\u00f3pez, ciudadana.<\/p><\/blockquote>\n<p>La ciudadana Gabriela P\u00e9rez Cortez quien tiene asistiendo dos meses a las clases de Cardio Box agradeci\u00f3 al gobierno municipal por dar estas clases y las instalaciones del gimnasio.<\/p>\n<blockquote><p>Es una clase que me gusta mucho, primero por el ambiente est\u00e1 muy agradable, el coach nos pone ejercicios variados, incluso a las mayores les pone m\u00e1s ligeros por si alguna no puede hacerlo, es muy agradable la clase, me ayuda tanto f\u00edsico como emocional, para sacar estr\u00e9s\u201d, mencion\u00f3 P\u00e9rez.<\/p><\/blockquote>\n<p>Las clases de Cardio Box est\u00e1n dirigidas a la comunidad de todas las edades, por lo que pueden acudir de lunes a viernes de 8:00 a 9:30 de la ma\u00f1ana en el gimnasio de Box de la Unidad Deportiva.<\/p>\n","protected":false},"excerpt":{"rendered":"<p>Buscan beneficiar a la ciudadan\u00eda con oportunidades para mejorar la salud f\u00edsica y mental<\/p>\n","protected":false},"author":1,"featured_media":3520,"comment_status":"closed","ping_status":"closed","sticky":false,"template":"","format":"standard","meta":{"_crdt_document":"","_jetpack_memberships_contains_paid_content":false,"footnotes":"","jetpack_publicize_message":"","jetpack_publicize_feature_enabled":true,"jetpack_social_post_already_shared":true,"jetpack_social_options":{"image_generator_settings":{"template":"highway","default_image_id":0,"font":"","enabled":false},"version":2},"_wpas_customize_per_network":false},"categories":[4],"tags":[],"class_list":["post-3519","post","type-post","status-publish","format-standard","has-post-thumbnail","hentry","category-los-dos-laredos"],"magazineBlocksPostFeaturedMedia":{"thumbnail":"https:\/\/pornuestrolaredo.com\/wp-content\/uploads\/2023\/12\/PBL-20231209-9-150x150.jpg","medium":"https:\/\/pornuestrolaredo.com\/wp-content\/uploads\/2023\/12\/PBL-20231209-9-300x200.jpg","medium_large":"https:\/\/pornuestrolaredo.com\/wp-content\/uploads\/2023\/12\/PBL-20231209-9-768x512.jpg","large":"https:\/\/pornuestrolaredo.com\/wp-content\/uploads\/2023\/12\/PBL-20231209-9.jpg","1536x1536":"https:\/\/pornuestrolaredo.com\/wp-content\/uploads\/2023\/12\/PBL-20231209-9.jpg","2048x2048":"https:\/\/pornuestrolaredo.com\/wp-content\/uploads\/2023\/12\/PBL-20231209-9.jpg","morenews-large":"https:\/\/pornuestrolaredo.com\/wp-content\/uploads\/2023\/12\/PBL-20231209-9.jpg","morenews-medium":"https:\/\/pornuestrolaredo.com\/wp-content\/uploads\/2023\/12\/PBL-20231209-9.jpg"},"magazineBlocksPostAuthor":{"name":"Redactor","avatar":"https:\/\/pornuestrolaredo.com\/wp-content\/litespeed\/avatar\/dca1d7ec750c399f025f23b0b314f4cf.jpg?ver=1777612120"},"magazineBlocksPostCommentsNumber":false,"magazineBlocksPostExcerpt":"Buscan beneficiar a la ciudadan\u00eda con oportunidades para mejorar la salud f\u00edsica y mental","magazineBlocksPostCategories":["Los dos Laredos"],"magazineBlocksPostViewCount":114,"magazineBlocksPostReadTime":2,"magazine_blocks_featured_image_url":{"full":["https:\/\/pornuestrolaredo.com\/wp-content\/uploads\/2023\/12\/PBL-20231209-9.jpg",850,567,false],"medium":["https:\/\/pornuestrolaredo.com\/wp-content\/uploads\/2023\/12\/PBL-20231209-9-300x200.jpg",300,200,true],"thumbnail":["https:\/\/pornuestrolaredo.com\/wp-content\/uploads\/2023\/12\/PBL-20231209-9-150x150.jpg",150,150,true]},"magazine_blocks_author":{"display_name":"Redactor","author_link":"https:\/\/pornuestrolaredo.com\/?author=1"},"magazine_blocks_comment":0,"magazine_blocks_author_image":"https:\/\/pornuestrolaredo.com\/wp-content\/litespeed\/avatar\/dca1d7ec750c399f025f23b0b314f4cf.jpg?ver=1777612120","magazine_blocks_category":"<a href=\"#\" class=\"category-link category-link-4\">Los dos Laredos<\/a>","jetpack_publicize_connections":[],"featured_image_urls":{"full":["https:\/\/pornuestrolaredo.com\/wp-content\/uploads\/2023\/12\/PBL-20231209-9.jpg",850,567,false],"thumbnail":["https:\/\/pornuestrolaredo.com\/wp-content\/uploads\/2023\/12\/PBL-20231209-9-150x150.jpg",150,150,true],"medium":["https:\/\/pornuestrolaredo.com\/wp-content\/uploads\/2023\/12\/PBL-20231209-9-300x200.jpg",300,200,true],"medium_large":["https:\/\/pornuestrolaredo.com\/wp-content\/uploads\/2023\/12\/PBL-20231209-9-768x512.jpg",640,427,true],"large":["https:\/\/pornuestrolaredo.com\/wp-content\/uploads\/2023\/12\/PBL-20231209-9.jpg",640,427,false],"1536x1536":["https:\/\/pornuestrolaredo.com\/wp-content\/uploads\/2023\/12\/PBL-20231209-9.jpg",850,567,false],"2048x2048":["https:\/\/pornuestrolaredo.com\/wp-content\/uploads\/2023\/12\/PBL-20231209-9.jpg",850,567,false],"morenews-large":["https:\/\/pornuestrolaredo.com\/wp-content\/uploads\/2023\/12\/PBL-20231209-9.jpg",825,550,false],"morenews-medium":["https:\/\/pornuestrolaredo.com\/wp-content\/uploads\/2023\/12\/PBL-20231209-9.jpg",590,394,false]},"author_info":{"info":["Redactor"]},"category_info":"<a href=\"https:\/\/pornuestrolaredo.com\/?cat=4\" rel=\"category\">Los dos Laredos<\/a>","tag_info":"Los dos Laredos","comment_count":"0","jetpack_featured_media_url":"https:\/\/pornuestrolaredo.com\/wp-content\/uploads\/2023\/12\/PBL-20231209-9.jpg","jetpack_sharing_enabled":true,"_links":{"self":[{"href":"https:\/\/pornuestrolaredo.com\/index.php?rest_route=\/wp\/v2\/posts\/3519","targetHints":{"allow":["GET"]}}],"collection":[{"href":"https:\/\/pornuestrolaredo.com\/index.php?rest_route=\/wp\/v2\/posts"}],"about":[{"href":"https:\/\/pornuestrolaredo.com\/index.php?rest_route=\/wp\/v2\/types\/post"}],"author":[{"embeddable":true,"href":"https:\/\/pornuestrolaredo.com\/index.php?rest_route=\/wp\/v2\/users\/1"}],"replies":[{"embeddable":true,"href":"https:\/\/pornuestrolaredo.com\/index.php?rest_route=%2Fwp%2Fv2%2Fcomments&post=3519"}],"version-history":[{"count":1,"href":"https:\/\/pornuestrolaredo.com\/index.php?rest_route=\/wp\/v2\/posts\/3519\/revisions"}],"predecessor-version":[{"id":3521,"href":"https:\/\/pornuestrolaredo.com\/index.php?rest_route=\/wp\/v2\/posts\/3519\/revisions\/3521"}],"wp:featuredmedia":[{"embeddable":true,"href":"https:\/\/pornuestrolaredo.com\/index.php?rest_route=\/wp\/v2\/media\/3520"}],"wp:attachment":[{"href":"https:\/\/pornuestrolaredo.com\/index.php?rest_route=%2Fwp%2Fv2%2Fmedia&parent=3519"}],"wp:term":[{"taxonomy":"category","embeddable":true,"href":"https:\/\/pornuestrolaredo.com\/index.php?rest_route=%2Fwp%2Fv2%2Fcategories&post=3519"},{"taxonomy":"post_tag","embeddable":true,"href":"https:\/\/pornuestrolaredo.com\/index.php?rest_route=%2Fwp%2Fv2%2Ftags&post=3519"}],"curies":[{"name":"wp","href":"https:\/\/api.w.org\/{rel}","templated":true}]}}