{"id":3525,"date":"2023-12-11T03:23:38","date_gmt":"2023-12-11T03:23:38","guid":{"rendered":"https:\/\/pornuestrolaredo.com\/?p=3525"},"modified":"2023-12-11T03:23:38","modified_gmt":"2023-12-11T03:23:38","slug":"fallece-la-madre-del-chapo-guzman","status":"publish","type":"post","link":"https:\/\/pornuestrolaredo.com\/?p=3525","title":{"rendered":"Fallece la madre del Chapo Guzm\u00e1n"},"content":{"rendered":"<p><strong>CIUDAD DE M\u00c9XICO.- <\/strong>Mar\u00eda Consuelo Loera P\u00e9rez, madre del fundador del C\u00e1rtel de Sinaloa, Joaqu\u00edn El Chapo Guzm\u00e1n Loera, muri\u00f3 este domingo en un hospital privado de Culiac\u00e1n, Sinaloa, a los 94 a\u00f1os de edad, seg\u00fan informaron medios locales.<\/p>\n<p>Las causas del deceso no han sido precisadas, pero se menciona que la muerte ocurri\u00f3 a las 14:30 horas y que la mujer ten\u00eda varias semanas internada en dicho nosocomio.<\/p>\n<p>Loera P\u00e9rez sali\u00f3 a la luz p\u00fablica luego de que su hijo fuera extraditado a los Estados Unidos, donde permanece preso por cargos de narcotr\u00e1fico. En febrero de 2019 pidi\u00f3 en una carta al presidente Andr\u00e9s Manuel L\u00f3pez Obrador que se repatriara a El Chapo para permitirle cumplir su sentencia en territorio nacional.<\/p>\n<p>Poco despu\u00e9s, tambi\u00e9n pidi\u00f3 apoyo al entonces mandatario estadunidense, Donald Trump, para obtener una visa humanitaria que le permitiera visitar a su hijo en una c\u00e1rcel de Nueva York.<\/p>\n<p>En marzo 2020, cuando L\u00f3pez Obrador hac\u00eda una gira por Sinaloa, la madre de Guzm\u00e1n Loera lo alcanz\u00f3 en un punto cercano a Badiraguato. El primer mandatario se acerc\u00f3 hasta su camioneta y la salud\u00f3 de mano, acci\u00f3n que le vali\u00f3 m\u00faltiples cr\u00edticas de la oposici\u00f3n, a lo que el presidente afirm\u00f3 que a nadie le niega un saludo.<\/p>\n<p>\u201cElla fue a donde se hizo la explicaci\u00f3n sobre el camino y me dijeron que estaba ah\u00ed, que quer\u00eda saludarme. Me baj\u00e9 de la camioneta y la salud\u00e9. Es una se\u00f1ora de 92 a\u00f1os\u201d, se\u00f1al\u00f3 entonces el presidente.<\/p>\n<p>Un a\u00f1o despu\u00e9s, Loera P\u00e9rez contrajo covid-19, enfermedad que al parecer le dej\u00f3 algunas secuelas.<\/p>\n<p>Sus restos ser\u00e1n trasladados al poblado de La Tuna, en Badiraguato, donde ser\u00e1n los funerales.<\/p>\n","protected":false},"excerpt":{"rendered":"<p>Ten\u00eda 94 a\u00f1os y estuvo varias semanas internada en un hospital privado de Culiac\u00e1n, Sinaloa<\/p>\n","protected":false},"author":1,"featured_media":3526,"comment_status":"closed","ping_status":"closed","sticky":false,"template":"","format":"standard","meta":{"_crdt_document":"","_jetpack_memberships_contains_paid_content":false,"footnotes":"","jetpack_publicize_message":"","jetpack_publicize_feature_enabled":true,"jetpack_social_post_already_shared":true,"jetpack_social_options":{"image_generator_settings":{"template":"highway","default_image_id":0,"font":"","enabled":false},"version":2},"_wpas_customize_per_network":false},"categories":[33],"tags":[],"class_list":["post-3525","post","type-post","status-publish","format-standard","has-post-thumbnail","hentry","category-mexico"],"magazineBlocksPostFeaturedMedia":{"thumbnail":"https:\/\/pornuestrolaredo.com\/wp-content\/uploads\/2023\/12\/Stereo91-20231210-8-150x150.jpg","medium":"https:\/\/pornuestrolaredo.com\/wp-content\/uploads\/2023\/12\/Stereo91-20231210-8-300x169.jpg","medium_large":"https:\/\/pornuestrolaredo.com\/wp-content\/uploads\/2023\/12\/Stereo91-20231210-8-768x434.jpg","large":"https:\/\/pornuestrolaredo.com\/wp-content\/uploads\/2023\/12\/Stereo91-20231210-8-1000x564.jpg","1536x1536":"https:\/\/pornuestrolaredo.com\/wp-content\/uploads\/2023\/12\/Stereo91-20231210-8.jpg","2048x2048":"https:\/\/pornuestrolaredo.com\/wp-content\/uploads\/2023\/12\/Stereo91-20231210-8.jpg","morenews-large":"https:\/\/pornuestrolaredo.com\/wp-content\/uploads\/2023\/12\/Stereo91-20231210-8.jpg","morenews-medium":"https:\/\/pornuestrolaredo.com\/wp-content\/uploads\/2023\/12\/Stereo91-20231210-8.jpg"},"magazineBlocksPostAuthor":{"name":"Redactor","avatar":"https:\/\/pornuestrolaredo.com\/wp-content\/litespeed\/avatar\/dca1d7ec750c399f025f23b0b314f4cf.jpg?ver=1777612120"},"magazineBlocksPostCommentsNumber":false,"magazineBlocksPostExcerpt":"Ten\u00eda 94 a\u00f1os y estuvo varias semanas internada en un hospital privado de Culiac\u00e1n, Sinaloa","magazineBlocksPostCategories":["Mexico"],"magazineBlocksPostViewCount":131,"magazineBlocksPostReadTime":2,"magazine_blocks_featured_image_url":{"full":["https:\/\/pornuestrolaredo.com\/wp-content\/uploads\/2023\/12\/Stereo91-20231210-8.jpg",1024,578,false],"medium":["https:\/\/pornuestrolaredo.com\/wp-content\/uploads\/2023\/12\/Stereo91-20231210-8-300x169.jpg",300,169,true],"thumbnail":["https:\/\/pornuestrolaredo.com\/wp-content\/uploads\/2023\/12\/Stereo91-20231210-8-150x150.jpg",150,150,true]},"magazine_blocks_author":{"display_name":"Redactor","author_link":"https:\/\/pornuestrolaredo.com\/?author=1"},"magazine_blocks_comment":0,"magazine_blocks_author_image":"https:\/\/pornuestrolaredo.com\/wp-content\/litespeed\/avatar\/dca1d7ec750c399f025f23b0b314f4cf.jpg?ver=1777612120","magazine_blocks_category":"<a href=\"#\" class=\"category-link category-link-33\">Mexico<\/a>","jetpack_publicize_connections":[],"featured_image_urls":{"full":["https:\/\/pornuestrolaredo.com\/wp-content\/uploads\/2023\/12\/Stereo91-20231210-8.jpg",1024,578,false],"thumbnail":["https:\/\/pornuestrolaredo.com\/wp-content\/uploads\/2023\/12\/Stereo91-20231210-8-150x150.jpg",150,150,true],"medium":["https:\/\/pornuestrolaredo.com\/wp-content\/uploads\/2023\/12\/Stereo91-20231210-8-300x169.jpg",300,169,true],"medium_large":["https:\/\/pornuestrolaredo.com\/wp-content\/uploads\/2023\/12\/Stereo91-20231210-8-768x434.jpg",640,362,true],"large":["https:\/\/pornuestrolaredo.com\/wp-content\/uploads\/2023\/12\/Stereo91-20231210-8-1000x564.jpg",640,361,true],"1536x1536":["https:\/\/pornuestrolaredo.com\/wp-content\/uploads\/2023\/12\/Stereo91-20231210-8.jpg",1024,578,false],"2048x2048":["https:\/\/pornuestrolaredo.com\/wp-content\/uploads\/2023\/12\/Stereo91-20231210-8.jpg",1024,578,false],"morenews-large":["https:\/\/pornuestrolaredo.com\/wp-content\/uploads\/2023\/12\/Stereo91-20231210-8.jpg",825,466,false],"morenews-medium":["https:\/\/pornuestrolaredo.com\/wp-content\/uploads\/2023\/12\/Stereo91-20231210-8.jpg",590,333,false]},"author_info":{"info":["Redactor"]},"category_info":"<a href=\"https:\/\/pornuestrolaredo.com\/?cat=33\" rel=\"category\">Mexico<\/a>","tag_info":"Mexico","comment_count":"0","jetpack_featured_media_url":"https:\/\/pornuestrolaredo.com\/wp-content\/uploads\/2023\/12\/Stereo91-20231210-8.jpg","jetpack_sharing_enabled":true,"_links":{"self":[{"href":"https:\/\/pornuestrolaredo.com\/index.php?rest_route=\/wp\/v2\/posts\/3525","targetHints":{"allow":["GET"]}}],"collection":[{"href":"https:\/\/pornuestrolaredo.com\/index.php?rest_route=\/wp\/v2\/posts"}],"about":[{"href":"https:\/\/pornuestrolaredo.com\/index.php?rest_route=\/wp\/v2\/types\/post"}],"author":[{"embeddable":true,"href":"https:\/\/pornuestrolaredo.com\/index.php?rest_route=\/wp\/v2\/users\/1"}],"replies":[{"embeddable":true,"href":"https:\/\/pornuestrolaredo.com\/index.php?rest_route=%2Fwp%2Fv2%2Fcomments&post=3525"}],"version-history":[{"count":1,"href":"https:\/\/pornuestrolaredo.com\/index.php?rest_route=\/wp\/v2\/posts\/3525\/revisions"}],"predecessor-version":[{"id":3527,"href":"https:\/\/pornuestrolaredo.com\/index.php?rest_route=\/wp\/v2\/posts\/3525\/revisions\/3527"}],"wp:featuredmedia":[{"embeddable":true,"href":"https:\/\/pornuestrolaredo.com\/index.php?rest_route=\/wp\/v2\/media\/3526"}],"wp:attachment":[{"href":"https:\/\/pornuestrolaredo.com\/index.php?rest_route=%2Fwp%2Fv2%2Fmedia&parent=3525"}],"wp:term":[{"taxonomy":"category","embeddable":true,"href":"https:\/\/pornuestrolaredo.com\/index.php?rest_route=%2Fwp%2Fv2%2Fcategories&post=3525"},{"taxonomy":"post_tag","embeddable":true,"href":"https:\/\/pornuestrolaredo.com\/index.php?rest_route=%2Fwp%2Fv2%2Ftags&post=3525"}],"curies":[{"name":"wp","href":"https:\/\/api.w.org\/{rel}","templated":true}]}}