{"id":3534,"date":"2023-12-14T06:59:24","date_gmt":"2023-12-14T06:59:24","guid":{"rendered":"https:\/\/pornuestrolaredo.com\/?p=3534"},"modified":"2023-12-14T06:59:24","modified_gmt":"2023-12-14T06:59:24","slug":"invitan-al-desfile-navideno-2023-este-sabado","status":"publish","type":"post","link":"https:\/\/pornuestrolaredo.com\/?p=3534","title":{"rendered":"Invitan al \u201cDesfile Navide\u00f1o 2023\u201d, este s\u00e1bado"},"content":{"rendered":"<p><strong>NUEVO LAREDO.-<\/strong> El Gobierno Municipal invita a la ciudadan\u00eda a presenciar el \u201cDesfile Navide\u00f1o 2023\u201d, una actividad que re\u00fane a las familias neolaredenses para disfrutar de un contingente de 24 plataformas y 250 unidades que representan el esp\u00edritu navide\u00f1o y felicidad que se vive en la ciudad.<\/p>\n<p>El secretario municipal de Desarrollo Econ\u00f3mico, Juan \u00c1ngel Mart\u00ednez Salazar, destac\u00f3 que este evento fomenta la actividad tur\u00edstica de Nuevo Laredo, adem\u00e1s de reconstruir el tejido social en la ciudad.<\/p>\n<blockquote><p>El desfile navide\u00f1o re\u00fane a cientos de familias y visitantes a presenciar este evento representativo y tradicional de nuestra ciudad, en el Gobierno Municipal trabajamos para hacer de nuestra ciudad un atractivo tanto para inversionistas, como turistas y con estas actividades lo estamos logrando\u201d, enfatiz\u00f3.<\/p><\/blockquote>\n<p>Ser\u00e1 este s\u00e1bado 16 de diciembre a partir de las 5:00 PM; la ruta iniciar\u00e1 en el crucero de Avenida Reforma y 15 de septiembre, donde el contingente se desplazar\u00e1 por la Reforma hacia Paseo Col\u00f3n, despu\u00e9s doblar\u00e1 en Ruiz Cort\u00ednez\u00a0 para dirigirse hacia la Campeche.<\/p>\n<p>El recorrido contin\u00faa en la Santos Degollado, donde dar\u00e1n vuelta hacia Dr. Mier para tomar la avenida Guerrero rumbo a la Reforma y finalizar en la 15 de septiembre. <\/p>\n<p>Ante este evento familiar, el Gobierno Municipal exhorta a los conductores a tomar vialidades alternas, as\u00ed como precauciones a quienes admiren el desfile por la v\u00eda p\u00fablica.<\/p>\n","protected":false},"excerpt":{"rendered":"<p>El contingente estar\u00e1 formado por 24 plataformas y 250 unidades que representan el esp\u00edritu navide\u00f1o<\/p>\n","protected":false},"author":1,"featured_media":3535,"comment_status":"closed","ping_status":"closed","sticky":false,"template":"","format":"standard","meta":{"_crdt_document":"","_jetpack_memberships_contains_paid_content":false,"footnotes":"","jetpack_publicize_message":"","jetpack_publicize_feature_enabled":true,"jetpack_social_post_already_shared":true,"jetpack_social_options":{"image_generator_settings":{"template":"highway","default_image_id":0,"font":"","enabled":false},"version":2},"_wpas_customize_per_network":false},"categories":[4],"tags":[],"class_list":["post-3534","post","type-post","status-publish","format-standard","has-post-thumbnail","hentry","category-los-dos-laredos"],"magazineBlocksPostFeaturedMedia":{"thumbnail":"https:\/\/pornuestrolaredo.com\/wp-content\/uploads\/2023\/12\/PNL-20231214-1-150x150.jpg","medium":"https:\/\/pornuestrolaredo.com\/wp-content\/uploads\/2023\/12\/PNL-20231214-1-300x183.jpg","medium_large":"https:\/\/pornuestrolaredo.com\/wp-content\/uploads\/2023\/12\/PNL-20231214-1-768x469.jpg","large":"https:\/\/pornuestrolaredo.com\/wp-content\/uploads\/2023\/12\/PNL-20231214-1-1000x610.jpg","1536x1536":"https:\/\/pornuestrolaredo.com\/wp-content\/uploads\/2023\/12\/PNL-20231214-1.jpg","2048x2048":"https:\/\/pornuestrolaredo.com\/wp-content\/uploads\/2023\/12\/PNL-20231214-1.jpg","morenews-large":"https:\/\/pornuestrolaredo.com\/wp-content\/uploads\/2023\/12\/PNL-20231214-1.jpg","morenews-medium":"https:\/\/pornuestrolaredo.com\/wp-content\/uploads\/2023\/12\/PNL-20231214-1.jpg"},"magazineBlocksPostAuthor":{"name":"Redactor","avatar":"https:\/\/pornuestrolaredo.com\/wp-content\/litespeed\/avatar\/dca1d7ec750c399f025f23b0b314f4cf.jpg?ver=1777612120"},"magazineBlocksPostCommentsNumber":false,"magazineBlocksPostExcerpt":"El contingente estar\u00e1 formado por 24 plataformas y 250 unidades que representan el esp\u00edritu navide\u00f1o","magazineBlocksPostCategories":["Los dos Laredos"],"magazineBlocksPostViewCount":130,"magazineBlocksPostReadTime":2,"magazine_blocks_featured_image_url":{"full":["https:\/\/pornuestrolaredo.com\/wp-content\/uploads\/2023\/12\/PNL-20231214-1.jpg",1280,781,false],"medium":["https:\/\/pornuestrolaredo.com\/wp-content\/uploads\/2023\/12\/PNL-20231214-1-300x183.jpg",300,183,true],"thumbnail":["https:\/\/pornuestrolaredo.com\/wp-content\/uploads\/2023\/12\/PNL-20231214-1-150x150.jpg",150,150,true]},"magazine_blocks_author":{"display_name":"Redactor","author_link":"https:\/\/pornuestrolaredo.com\/?author=1"},"magazine_blocks_comment":0,"magazine_blocks_author_image":"https:\/\/pornuestrolaredo.com\/wp-content\/litespeed\/avatar\/dca1d7ec750c399f025f23b0b314f4cf.jpg?ver=1777612120","magazine_blocks_category":"<a href=\"#\" class=\"category-link category-link-4\">Los dos Laredos<\/a>","jetpack_publicize_connections":[],"featured_image_urls":{"full":["https:\/\/pornuestrolaredo.com\/wp-content\/uploads\/2023\/12\/PNL-20231214-1.jpg",1280,781,false],"thumbnail":["https:\/\/pornuestrolaredo.com\/wp-content\/uploads\/2023\/12\/PNL-20231214-1-150x150.jpg",150,150,true],"medium":["https:\/\/pornuestrolaredo.com\/wp-content\/uploads\/2023\/12\/PNL-20231214-1-300x183.jpg",300,183,true],"medium_large":["https:\/\/pornuestrolaredo.com\/wp-content\/uploads\/2023\/12\/PNL-20231214-1-768x469.jpg",640,391,true],"large":["https:\/\/pornuestrolaredo.com\/wp-content\/uploads\/2023\/12\/PNL-20231214-1-1000x610.jpg",640,390,true],"1536x1536":["https:\/\/pornuestrolaredo.com\/wp-content\/uploads\/2023\/12\/PNL-20231214-1.jpg",1280,781,false],"2048x2048":["https:\/\/pornuestrolaredo.com\/wp-content\/uploads\/2023\/12\/PNL-20231214-1.jpg",1280,781,false],"morenews-large":["https:\/\/pornuestrolaredo.com\/wp-content\/uploads\/2023\/12\/PNL-20231214-1.jpg",825,503,false],"morenews-medium":["https:\/\/pornuestrolaredo.com\/wp-content\/uploads\/2023\/12\/PNL-20231214-1.jpg",590,360,false]},"author_info":{"info":["Redactor"]},"category_info":"<a href=\"https:\/\/pornuestrolaredo.com\/?cat=4\" rel=\"category\">Los dos Laredos<\/a>","tag_info":"Los dos Laredos","comment_count":"0","jetpack_featured_media_url":"https:\/\/pornuestrolaredo.com\/wp-content\/uploads\/2023\/12\/PNL-20231214-1.jpg","jetpack_sharing_enabled":true,"_links":{"self":[{"href":"https:\/\/pornuestrolaredo.com\/index.php?rest_route=\/wp\/v2\/posts\/3534","targetHints":{"allow":["GET"]}}],"collection":[{"href":"https:\/\/pornuestrolaredo.com\/index.php?rest_route=\/wp\/v2\/posts"}],"about":[{"href":"https:\/\/pornuestrolaredo.com\/index.php?rest_route=\/wp\/v2\/types\/post"}],"author":[{"embeddable":true,"href":"https:\/\/pornuestrolaredo.com\/index.php?rest_route=\/wp\/v2\/users\/1"}],"replies":[{"embeddable":true,"href":"https:\/\/pornuestrolaredo.com\/index.php?rest_route=%2Fwp%2Fv2%2Fcomments&post=3534"}],"version-history":[{"count":1,"href":"https:\/\/pornuestrolaredo.com\/index.php?rest_route=\/wp\/v2\/posts\/3534\/revisions"}],"predecessor-version":[{"id":3536,"href":"https:\/\/pornuestrolaredo.com\/index.php?rest_route=\/wp\/v2\/posts\/3534\/revisions\/3536"}],"wp:featuredmedia":[{"embeddable":true,"href":"https:\/\/pornuestrolaredo.com\/index.php?rest_route=\/wp\/v2\/media\/3535"}],"wp:attachment":[{"href":"https:\/\/pornuestrolaredo.com\/index.php?rest_route=%2Fwp%2Fv2%2Fmedia&parent=3534"}],"wp:term":[{"taxonomy":"category","embeddable":true,"href":"https:\/\/pornuestrolaredo.com\/index.php?rest_route=%2Fwp%2Fv2%2Fcategories&post=3534"},{"taxonomy":"post_tag","embeddable":true,"href":"https:\/\/pornuestrolaredo.com\/index.php?rest_route=%2Fwp%2Fv2%2Ftags&post=3534"}],"curies":[{"name":"wp","href":"https:\/\/api.w.org\/{rel}","templated":true}]}}