{"id":3537,"date":"2023-12-14T07:43:20","date_gmt":"2023-12-14T07:43:20","guid":{"rendered":"https:\/\/pornuestrolaredo.com\/?p=3537"},"modified":"2023-12-14T07:43:20","modified_gmt":"2023-12-14T07:43:20","slug":"aprueban-investigar-a-biden-para-juicio-politico","status":"publish","type":"post","link":"https:\/\/pornuestrolaredo.com\/?p=3537","title":{"rendered":"Aprueban investigar a Biden para juicio pol\u00edtico"},"content":{"rendered":"<p><strong><em>WASHINGTON, DC.- <\/em><\/strong>La C\u00e1mara de Representantes autoriz\u00f3 el mi\u00e9rcoles la investigaci\u00f3n de juicio pol\u00edtico contra Joe Biden, con todos los republicanos respaldando el proceso pol\u00edticamente cargado a pesar de las preocupaciones persistentes entre algunos miembros del partido de que la investigaci\u00f3n a\u00fan no ha producido evidencia de mala conducta por parte del presidente.<\/p>\n<p>La votaci\u00f3n de 221-212 a lo largo de las l\u00edneas partidistas puso a toda la conferencia republicana de la C\u00e1mara en apoyo de un proceso de juicio pol\u00edtico que puede llevar a la sanci\u00f3n m\u00e1xima para un Presidente: castigo por lo que la Constituci\u00f3n describe como &#8220;altos cr\u00edmenes y delitos menores&#8221;, lo que podr\u00eda resultar en la destituci\u00f3n del cargo si es condenado en un juicio en el Senado.<\/p>\n<blockquote><p>No tomamos esta responsabilidad a la ligera y no prejuzgaremos el resultado de la investigaci\u00f3n&#8221;, dijo el presidente Mike Johnson y su equipo de liderazgo en un comunicado conjunto despu\u00e9s de la votaci\u00f3n. &#8220;Pero el registro de evidencia es imposible de ignorar&#8221;.<\/p><\/blockquote>\n<p>La autorizaci\u00f3n de la investigaci\u00f3n de varios meses asegura que la investigaci\u00f3n de juicio pol\u00edtico se extienda hasta 2024, cuando Biden estar\u00e1 buscando la reelecci\u00f3n y parece probable que se enfrentar\u00e1 al expresidente Donald Trump, quien fue dos veces sometido a juicio pol\u00edtico durante su tiempo en la Casa Blanca. Trump ha instado a sus aliados republicanos en el Congreso a actuar r\u00e1pidamente para llevar a cabo el juicio pol\u00edtico contra Biden, como parte de sus llamados m\u00e1s amplios de venganza y represalia contra sus enemigos pol\u00edticos.<\/p>\n<p>La decisi\u00f3n de llevar a cabo una votaci\u00f3n se produjo mientras Johnson y su equipo enfrentaban una creciente presi\u00f3n para mostrar avances en lo que se ha convertido en una investigaci\u00f3n de casi un a\u00f1o centrada en los negocios de los familiares de Biden. Aunque su investigaci\u00f3n ha planteado preguntas \u00e9ticas, no ha surgido evidencia de que Biden haya actuado de manera corrupta o aceptado sobornos en su cargo actual o en su funci\u00f3n anterior como vicepresidente.<\/p>\n<p>Antes de la votaci\u00f3n, Johnson la calific\u00f3 como &#8220;el siguiente paso necesario&#8221; y reconoci\u00f3 que hay &#8220;muchas personas frustradas de que esto no haya avanzado m\u00e1s r\u00e1pido&#8221;.<\/p>\n<p>En un comunicado reciente, la Casa Blanca calific\u00f3 todo el proceso como una &#8220;expedici\u00f3n pesquera sin fundamento&#8221; que los republicanos est\u00e1n llevando a cabo a pesar de que miembros de su propio partido han admitido que no hay evidencia para respaldar el juicio pol\u00edtico del Presidente Biden.<\/p>\n<p>Los dem\u00f3cratas de la C\u00e1mara se opusieron a la resoluci\u00f3n de la investigaci\u00f3n el mi\u00e9rcoles.<\/p>\n","protected":false},"excerpt":{"rendered":"<p>Todos los republicanos votan a favor, pero la mayor\u00eda reconoce que no hay evidencia de mala conducta por parte del presidente<\/p>\n","protected":false},"author":1,"featured_media":3538,"comment_status":"closed","ping_status":"closed","sticky":false,"template":"","format":"standard","meta":{"_crdt_document":"","_jetpack_memberships_contains_paid_content":false,"footnotes":"","jetpack_publicize_message":"","jetpack_publicize_feature_enabled":true,"jetpack_social_post_already_shared":true,"jetpack_social_options":{"image_generator_settings":{"template":"highway","default_image_id":0,"font":"","enabled":false},"version":2},"_wpas_customize_per_network":false},"categories":[9],"tags":[],"class_list":["post-3537","post","type-post","status-publish","format-standard","has-post-thumbnail","hentry","category-el-mundo"],"magazineBlocksPostFeaturedMedia":{"thumbnail":"https:\/\/pornuestrolaredo.com\/wp-content\/uploads\/2023\/12\/Stereo91-20231214-2-150x150.jpg","medium":"https:\/\/pornuestrolaredo.com\/wp-content\/uploads\/2023\/12\/Stereo91-20231214-2-300x169.jpg","medium_large":"https:\/\/pornuestrolaredo.com\/wp-content\/uploads\/2023\/12\/Stereo91-20231214-2-768x433.jpg","large":"https:\/\/pornuestrolaredo.com\/wp-content\/uploads\/2023\/12\/Stereo91-20231214-2.jpg","1536x1536":"https:\/\/pornuestrolaredo.com\/wp-content\/uploads\/2023\/12\/Stereo91-20231214-2.jpg","2048x2048":"https:\/\/pornuestrolaredo.com\/wp-content\/uploads\/2023\/12\/Stereo91-20231214-2.jpg","morenews-large":"https:\/\/pornuestrolaredo.com\/wp-content\/uploads\/2023\/12\/Stereo91-20231214-2.jpg","morenews-medium":"https:\/\/pornuestrolaredo.com\/wp-content\/uploads\/2023\/12\/Stereo91-20231214-2.jpg"},"magazineBlocksPostAuthor":{"name":"Redactor","avatar":"https:\/\/pornuestrolaredo.com\/wp-content\/litespeed\/avatar\/dca1d7ec750c399f025f23b0b314f4cf.jpg?ver=1777612120"},"magazineBlocksPostCommentsNumber":false,"magazineBlocksPostExcerpt":"Todos los republicanos votan a favor, pero la mayor\u00eda reconoce que no hay evidencia de mala conducta por parte del presidente","magazineBlocksPostCategories":["El Mundo"],"magazineBlocksPostViewCount":136,"magazineBlocksPostReadTime":3,"magazine_blocks_featured_image_url":{"full":["https:\/\/pornuestrolaredo.com\/wp-content\/uploads\/2023\/12\/Stereo91-20231214-2.jpg",960,541,false],"medium":["https:\/\/pornuestrolaredo.com\/wp-content\/uploads\/2023\/12\/Stereo91-20231214-2-300x169.jpg",300,169,true],"thumbnail":["https:\/\/pornuestrolaredo.com\/wp-content\/uploads\/2023\/12\/Stereo91-20231214-2-150x150.jpg",150,150,true]},"magazine_blocks_author":{"display_name":"Redactor","author_link":"https:\/\/pornuestrolaredo.com\/?author=1"},"magazine_blocks_comment":0,"magazine_blocks_author_image":"https:\/\/pornuestrolaredo.com\/wp-content\/litespeed\/avatar\/dca1d7ec750c399f025f23b0b314f4cf.jpg?ver=1777612120","magazine_blocks_category":"<a href=\"#\" class=\"category-link category-link-9\">El Mundo<\/a>","jetpack_publicize_connections":[],"featured_image_urls":{"full":["https:\/\/pornuestrolaredo.com\/wp-content\/uploads\/2023\/12\/Stereo91-20231214-2.jpg",960,541,false],"thumbnail":["https:\/\/pornuestrolaredo.com\/wp-content\/uploads\/2023\/12\/Stereo91-20231214-2-150x150.jpg",150,150,true],"medium":["https:\/\/pornuestrolaredo.com\/wp-content\/uploads\/2023\/12\/Stereo91-20231214-2-300x169.jpg",300,169,true],"medium_large":["https:\/\/pornuestrolaredo.com\/wp-content\/uploads\/2023\/12\/Stereo91-20231214-2-768x433.jpg",640,361,true],"large":["https:\/\/pornuestrolaredo.com\/wp-content\/uploads\/2023\/12\/Stereo91-20231214-2.jpg",640,361,false],"1536x1536":["https:\/\/pornuestrolaredo.com\/wp-content\/uploads\/2023\/12\/Stereo91-20231214-2.jpg",960,541,false],"2048x2048":["https:\/\/pornuestrolaredo.com\/wp-content\/uploads\/2023\/12\/Stereo91-20231214-2.jpg",960,541,false],"morenews-large":["https:\/\/pornuestrolaredo.com\/wp-content\/uploads\/2023\/12\/Stereo91-20231214-2.jpg",825,465,false],"morenews-medium":["https:\/\/pornuestrolaredo.com\/wp-content\/uploads\/2023\/12\/Stereo91-20231214-2.jpg",590,332,false]},"author_info":{"info":["Redactor"]},"category_info":"<a href=\"https:\/\/pornuestrolaredo.com\/?cat=9\" rel=\"category\">El Mundo<\/a>","tag_info":"El Mundo","comment_count":"0","jetpack_featured_media_url":"https:\/\/pornuestrolaredo.com\/wp-content\/uploads\/2023\/12\/Stereo91-20231214-2.jpg","jetpack_sharing_enabled":true,"_links":{"self":[{"href":"https:\/\/pornuestrolaredo.com\/index.php?rest_route=\/wp\/v2\/posts\/3537","targetHints":{"allow":["GET"]}}],"collection":[{"href":"https:\/\/pornuestrolaredo.com\/index.php?rest_route=\/wp\/v2\/posts"}],"about":[{"href":"https:\/\/pornuestrolaredo.com\/index.php?rest_route=\/wp\/v2\/types\/post"}],"author":[{"embeddable":true,"href":"https:\/\/pornuestrolaredo.com\/index.php?rest_route=\/wp\/v2\/users\/1"}],"replies":[{"embeddable":true,"href":"https:\/\/pornuestrolaredo.com\/index.php?rest_route=%2Fwp%2Fv2%2Fcomments&post=3537"}],"version-history":[{"count":1,"href":"https:\/\/pornuestrolaredo.com\/index.php?rest_route=\/wp\/v2\/posts\/3537\/revisions"}],"predecessor-version":[{"id":3539,"href":"https:\/\/pornuestrolaredo.com\/index.php?rest_route=\/wp\/v2\/posts\/3537\/revisions\/3539"}],"wp:featuredmedia":[{"embeddable":true,"href":"https:\/\/pornuestrolaredo.com\/index.php?rest_route=\/wp\/v2\/media\/3538"}],"wp:attachment":[{"href":"https:\/\/pornuestrolaredo.com\/index.php?rest_route=%2Fwp%2Fv2%2Fmedia&parent=3537"}],"wp:term":[{"taxonomy":"category","embeddable":true,"href":"https:\/\/pornuestrolaredo.com\/index.php?rest_route=%2Fwp%2Fv2%2Fcategories&post=3537"},{"taxonomy":"post_tag","embeddable":true,"href":"https:\/\/pornuestrolaredo.com\/index.php?rest_route=%2Fwp%2Fv2%2Ftags&post=3537"}],"curies":[{"name":"wp","href":"https:\/\/api.w.org\/{rel}","templated":true}]}}