{"id":3553,"date":"2023-12-16T07:27:31","date_gmt":"2023-12-16T07:27:31","guid":{"rendered":"https:\/\/pornuestrolaredo.com\/?p=3553"},"modified":"2023-12-16T07:27:31","modified_gmt":"2023-12-16T07:27:31","slug":"estrena-amlo-el-tren-maya","status":"publish","type":"post","link":"https:\/\/pornuestrolaredo.com\/?p=3553","title":{"rendered":"Estrena AMLO el Tren Maya"},"content":{"rendered":"<p><strong><em>CANC\u00daN.-<\/em> <\/strong>Acompa\u00f1ado de invitados especiales e integrantes de su Gabinete, el Presidente Andr\u00e9s Manuel L\u00f3pez Obrador realiz\u00f3 este viernes el primer recorrido en el Tren Maya, de Campeche a Canc\u00fan.<\/p>\n<p>El tabasque\u00f1o abord\u00f3 el tren en la estaci\u00f3n San Francisco, ubicada a las afueras de la la ciudad de Campeche, tras develar la placa y dar una conferencia de prensa.<\/p>\n<p>L\u00f3pez Obrador inform\u00f3 que el tren hizo una parada en M\u00e9rida, Yucat\u00e1n, en donde inaugur\u00f3 la estaci\u00f3n Teya, que cuenta con un sistema multimodal de transporte para llevar a los pasajeros cerca del centro de la ciudad.<\/p>\n<p>El convoy estuvo conformado por cuatro vagones y en uno de ellos viajaban los representantes de los medios de comunicaci\u00f3n y los ayudantes de diversos secretarios de Estado.<\/p>\n<p>&#8220;Equilibrando la amplitud y la privacidad, el dise\u00f1o del asiento (altura y separaci\u00f3n) se ha estudiado cuidadosamente&#8221;, se\u00f1ala la gu\u00eda del dise\u00f1o creada por Alstom para el \u00e1rea de primera clase.<\/p>\n<p>En clase turista, explica, la configuraci\u00f3n de los asientos permite la m\u00e1xima comida, con mesas plegables.<\/p>\n<p>&#8220;Hay suficiente espacio para las piernas de pasajeros&#8221;, se\u00f1ala.<\/p>\n<p>Sobre las v\u00edas est\u00e1n estacionados tres convoyes, y solo uno de ellos fue abordado para hacer este recorrido, de aproximadamente seis horas.<\/p>\n<p>&#8220;Nos hemos inspirado en una gama de tonos de azul, caracter\u00edstico del mar que rodea la regi\u00f3n y diferentes formas org\u00e1nicas. Este concepto combina una gama neutral de azules, grises c\u00e1lidos, marrones, burdeos, terracota y tonos naturales que que rinden homenaje a la modernidad y tradici\u00f3n&#8221;, se\u00f1ala la gu\u00eda.<\/p>\n","protected":false},"excerpt":{"rendered":"<p>Realiza recorrido desde Campeche a Canc\u00fan, acompa\u00f1ado de invitados especiales e integrantes de su Gabinete<\/p>\n","protected":false},"author":1,"featured_media":3554,"comment_status":"closed","ping_status":"closed","sticky":false,"template":"","format":"standard","meta":{"_crdt_document":"","_jetpack_memberships_contains_paid_content":false,"footnotes":"","jetpack_publicize_message":"","jetpack_publicize_feature_enabled":true,"jetpack_social_post_already_shared":true,"jetpack_social_options":{"image_generator_settings":{"template":"highway","default_image_id":0,"font":"","enabled":false},"version":2},"_wpas_customize_per_network":false},"categories":[33],"tags":[],"class_list":["post-3553","post","type-post","status-publish","format-standard","has-post-thumbnail","hentry","category-mexico"],"magazineBlocksPostFeaturedMedia":{"thumbnail":"https:\/\/pornuestrolaredo.com\/wp-content\/uploads\/2023\/12\/Stereo91-20231216-2-150x150.jpg","medium":"https:\/\/pornuestrolaredo.com\/wp-content\/uploads\/2023\/12\/Stereo91-20231216-2-300x163.jpg","medium_large":"https:\/\/pornuestrolaredo.com\/wp-content\/uploads\/2023\/12\/Stereo91-20231216-2-768x417.jpg","large":"https:\/\/pornuestrolaredo.com\/wp-content\/uploads\/2023\/12\/Stereo91-20231216-2-1000x543.jpg","1536x1536":"https:\/\/pornuestrolaredo.com\/wp-content\/uploads\/2023\/12\/Stereo91-20231216-2.jpg","2048x2048":"https:\/\/pornuestrolaredo.com\/wp-content\/uploads\/2023\/12\/Stereo91-20231216-2.jpg","morenews-large":"https:\/\/pornuestrolaredo.com\/wp-content\/uploads\/2023\/12\/Stereo91-20231216-2.jpg","morenews-medium":"https:\/\/pornuestrolaredo.com\/wp-content\/uploads\/2023\/12\/Stereo91-20231216-2.jpg"},"magazineBlocksPostAuthor":{"name":"Redactor","avatar":"https:\/\/pornuestrolaredo.com\/wp-content\/litespeed\/avatar\/dca1d7ec750c399f025f23b0b314f4cf.jpg?ver=1777612120"},"magazineBlocksPostCommentsNumber":false,"magazineBlocksPostExcerpt":"Realiza recorrido desde Campeche a Canc\u00fan, acompa\u00f1ado de invitados especiales e integrantes de su Gabinete","magazineBlocksPostCategories":["Mexico"],"magazineBlocksPostViewCount":132,"magazineBlocksPostReadTime":2,"magazine_blocks_featured_image_url":{"full":["https:\/\/pornuestrolaredo.com\/wp-content\/uploads\/2023\/12\/Stereo91-20231216-2.jpg",1024,556,false],"medium":["https:\/\/pornuestrolaredo.com\/wp-content\/uploads\/2023\/12\/Stereo91-20231216-2-300x163.jpg",300,163,true],"thumbnail":["https:\/\/pornuestrolaredo.com\/wp-content\/uploads\/2023\/12\/Stereo91-20231216-2-150x150.jpg",150,150,true]},"magazine_blocks_author":{"display_name":"Redactor","author_link":"https:\/\/pornuestrolaredo.com\/?author=1"},"magazine_blocks_comment":0,"magazine_blocks_author_image":"https:\/\/pornuestrolaredo.com\/wp-content\/litespeed\/avatar\/dca1d7ec750c399f025f23b0b314f4cf.jpg?ver=1777612120","magazine_blocks_category":"<a href=\"#\" class=\"category-link category-link-33\">Mexico<\/a>","jetpack_publicize_connections":[],"featured_image_urls":{"full":["https:\/\/pornuestrolaredo.com\/wp-content\/uploads\/2023\/12\/Stereo91-20231216-2.jpg",1024,556,false],"thumbnail":["https:\/\/pornuestrolaredo.com\/wp-content\/uploads\/2023\/12\/Stereo91-20231216-2-150x150.jpg",150,150,true],"medium":["https:\/\/pornuestrolaredo.com\/wp-content\/uploads\/2023\/12\/Stereo91-20231216-2-300x163.jpg",300,163,true],"medium_large":["https:\/\/pornuestrolaredo.com\/wp-content\/uploads\/2023\/12\/Stereo91-20231216-2-768x417.jpg",640,348,true],"large":["https:\/\/pornuestrolaredo.com\/wp-content\/uploads\/2023\/12\/Stereo91-20231216-2-1000x543.jpg",640,348,true],"1536x1536":["https:\/\/pornuestrolaredo.com\/wp-content\/uploads\/2023\/12\/Stereo91-20231216-2.jpg",1024,556,false],"2048x2048":["https:\/\/pornuestrolaredo.com\/wp-content\/uploads\/2023\/12\/Stereo91-20231216-2.jpg",1024,556,false],"morenews-large":["https:\/\/pornuestrolaredo.com\/wp-content\/uploads\/2023\/12\/Stereo91-20231216-2.jpg",825,448,false],"morenews-medium":["https:\/\/pornuestrolaredo.com\/wp-content\/uploads\/2023\/12\/Stereo91-20231216-2.jpg",590,320,false]},"author_info":{"info":["Redactor"]},"category_info":"<a href=\"https:\/\/pornuestrolaredo.com\/?cat=33\" rel=\"category\">Mexico<\/a>","tag_info":"Mexico","comment_count":"0","jetpack_featured_media_url":"https:\/\/pornuestrolaredo.com\/wp-content\/uploads\/2023\/12\/Stereo91-20231216-2.jpg","jetpack_sharing_enabled":true,"_links":{"self":[{"href":"https:\/\/pornuestrolaredo.com\/index.php?rest_route=\/wp\/v2\/posts\/3553","targetHints":{"allow":["GET"]}}],"collection":[{"href":"https:\/\/pornuestrolaredo.com\/index.php?rest_route=\/wp\/v2\/posts"}],"about":[{"href":"https:\/\/pornuestrolaredo.com\/index.php?rest_route=\/wp\/v2\/types\/post"}],"author":[{"embeddable":true,"href":"https:\/\/pornuestrolaredo.com\/index.php?rest_route=\/wp\/v2\/users\/1"}],"replies":[{"embeddable":true,"href":"https:\/\/pornuestrolaredo.com\/index.php?rest_route=%2Fwp%2Fv2%2Fcomments&post=3553"}],"version-history":[{"count":1,"href":"https:\/\/pornuestrolaredo.com\/index.php?rest_route=\/wp\/v2\/posts\/3553\/revisions"}],"predecessor-version":[{"id":3555,"href":"https:\/\/pornuestrolaredo.com\/index.php?rest_route=\/wp\/v2\/posts\/3553\/revisions\/3555"}],"wp:featuredmedia":[{"embeddable":true,"href":"https:\/\/pornuestrolaredo.com\/index.php?rest_route=\/wp\/v2\/media\/3554"}],"wp:attachment":[{"href":"https:\/\/pornuestrolaredo.com\/index.php?rest_route=%2Fwp%2Fv2%2Fmedia&parent=3553"}],"wp:term":[{"taxonomy":"category","embeddable":true,"href":"https:\/\/pornuestrolaredo.com\/index.php?rest_route=%2Fwp%2Fv2%2Fcategories&post=3553"},{"taxonomy":"post_tag","embeddable":true,"href":"https:\/\/pornuestrolaredo.com\/index.php?rest_route=%2Fwp%2Fv2%2Ftags&post=3553"}],"curies":[{"name":"wp","href":"https:\/\/api.w.org\/{rel}","templated":true}]}}