{"id":3565,"date":"2023-12-19T06:39:00","date_gmt":"2023-12-19T06:39:00","guid":{"rendered":"https:\/\/pornuestrolaredo.com\/?p=3565"},"modified":"2023-12-19T06:39:00","modified_gmt":"2023-12-19T06:39:00","slug":"promulga-abbott-ley-que-permite-a-texas-detener-a-migrantes","status":"publish","type":"post","link":"https:\/\/pornuestrolaredo.com\/?p=3565","title":{"rendered":"Promulga Abbott ley que permite a Texas detener a migrantes"},"content":{"rendered":"<p><strong>BROWNSVILLE, Texas.-<\/strong> El gobernador de Texas, Greg Abbott, promulg\u00f3 el lunes una ley que permite a la polic\u00eda detener a los inmigrantes que crucen ilegalmente la frontera de Estados Unidos y otorga a los jueces locales autoridad para ordenarles que abandonen el pa\u00eds.<\/p>\n<p>Sus detractores han calificado la medida como el intento m\u00e1s dr\u00e1stico por parte de un estado de controlar la inmigraci\u00f3n desde la ley de Arizona de 2010, que fue en gran medida anulada por la Corte Suprema federal. Tambi\u00e9n es previsible que la ley de Texas sea r\u00e1pidamente impugnada en los tribunales.<\/p>\n<p>La aplicaci\u00f3n de las leyes de inmigraci\u00f3n es competencia federal. Pero los republicanos de Texas han probado esos l\u00edmites con cada vez m\u00e1s intensidad durante la presidencia de Joe Biden, y alegan que el gobierno federal no est\u00e1 haciendo lo suficiente para impedir que la gente entre ilegalmente en el pa\u00eds. Texas ha enviado a m\u00e1s de 65 mil migrantes a otras ciudades del pa\u00eds y ha instalado alambre de p\u00faas en las orillas del r\u00edo Bravo (o Grande), el cual ha causado lesiones a algunos solicitantes de asilo.<\/p>\n<p>El lunes, la Oficina de Aduanas y Protecci\u00f3n Fronteriza cerr\u00f3 temporalmente dos pasos fronterizos ferroviarios en Texas para que sus agentes ayuden a procesar a los inmigrantes. Los operadores ferroviarios dijeron que los cierres en Eagle Pass y El Paso obstaculizar\u00edan el comercio antes de Navidad.<\/p>\n<p>La nueva ley firmada por Abbott permite a cualquier polic\u00eda de Texas detener a personas sospechosas de haber entrado ilegalmente en el pa\u00eds. Una vez detenidas, podr\u00edan aceptar la orden de un juez de Texas de abandonar Estados Unidos o ser procesadas por un delito menor de entrada ilegal. Los inmigrantes que no acaten la orden podr\u00edan ser detenidos de nuevo por delitos graves.<\/p>\n","protected":false},"excerpt":{"rendered":"<p>Permite a la Polic\u00eda que los arresten y a jueces locales la autoridades para ordenar que regresen a M\u00e9xico<\/p>\n","protected":false},"author":1,"featured_media":3566,"comment_status":"closed","ping_status":"closed","sticky":false,"template":"","format":"standard","meta":{"_crdt_document":"","_jetpack_memberships_contains_paid_content":false,"footnotes":"","jetpack_publicize_message":"","jetpack_publicize_feature_enabled":true,"jetpack_social_post_already_shared":true,"jetpack_social_options":{"image_generator_settings":{"template":"highway","default_image_id":0,"font":"","enabled":false},"version":2},"_wpas_customize_per_network":false},"categories":[9],"tags":[],"class_list":["post-3565","post","type-post","status-publish","format-standard","has-post-thumbnail","hentry","category-el-mundo"],"magazineBlocksPostFeaturedMedia":{"thumbnail":"https:\/\/pornuestrolaredo.com\/wp-content\/uploads\/2023\/12\/Stereo91-20231219-2-150x150.jpg","medium":"https:\/\/pornuestrolaredo.com\/wp-content\/uploads\/2023\/12\/Stereo91-20231219-2-300x180.jpg","medium_large":"https:\/\/pornuestrolaredo.com\/wp-content\/uploads\/2023\/12\/Stereo91-20231219-2-768x461.jpg","large":"https:\/\/pornuestrolaredo.com\/wp-content\/uploads\/2023\/12\/Stereo91-20231219-2-1000x600.jpg","1536x1536":"https:\/\/pornuestrolaredo.com\/wp-content\/uploads\/2023\/12\/Stereo91-20231219-2.jpg","2048x2048":"https:\/\/pornuestrolaredo.com\/wp-content\/uploads\/2023\/12\/Stereo91-20231219-2.jpg","morenews-large":"https:\/\/pornuestrolaredo.com\/wp-content\/uploads\/2023\/12\/Stereo91-20231219-2.jpg","morenews-medium":"https:\/\/pornuestrolaredo.com\/wp-content\/uploads\/2023\/12\/Stereo91-20231219-2.jpg"},"magazineBlocksPostAuthor":{"name":"Redactor","avatar":"https:\/\/pornuestrolaredo.com\/wp-content\/litespeed\/avatar\/dca1d7ec750c399f025f23b0b314f4cf.jpg?ver=1777612120"},"magazineBlocksPostCommentsNumber":false,"magazineBlocksPostExcerpt":"Permite a la Polic\u00eda que los arresten y a jueces locales la autoridades para ordenar que regresen a M\u00e9xico","magazineBlocksPostCategories":["El Mundo"],"magazineBlocksPostViewCount":146,"magazineBlocksPostReadTime":2,"magazine_blocks_featured_image_url":{"full":["https:\/\/pornuestrolaredo.com\/wp-content\/uploads\/2023\/12\/Stereo91-20231219-2.jpg",1024,614,false],"medium":["https:\/\/pornuestrolaredo.com\/wp-content\/uploads\/2023\/12\/Stereo91-20231219-2-300x180.jpg",300,180,true],"thumbnail":["https:\/\/pornuestrolaredo.com\/wp-content\/uploads\/2023\/12\/Stereo91-20231219-2-150x150.jpg",150,150,true]},"magazine_blocks_author":{"display_name":"Redactor","author_link":"https:\/\/pornuestrolaredo.com\/?author=1"},"magazine_blocks_comment":0,"magazine_blocks_author_image":"https:\/\/pornuestrolaredo.com\/wp-content\/litespeed\/avatar\/dca1d7ec750c399f025f23b0b314f4cf.jpg?ver=1777612120","magazine_blocks_category":"<a href=\"#\" class=\"category-link category-link-9\">El Mundo<\/a>","jetpack_publicize_connections":[],"featured_image_urls":{"full":["https:\/\/pornuestrolaredo.com\/wp-content\/uploads\/2023\/12\/Stereo91-20231219-2.jpg",1024,614,false],"thumbnail":["https:\/\/pornuestrolaredo.com\/wp-content\/uploads\/2023\/12\/Stereo91-20231219-2-150x150.jpg",150,150,true],"medium":["https:\/\/pornuestrolaredo.com\/wp-content\/uploads\/2023\/12\/Stereo91-20231219-2-300x180.jpg",300,180,true],"medium_large":["https:\/\/pornuestrolaredo.com\/wp-content\/uploads\/2023\/12\/Stereo91-20231219-2-768x461.jpg",640,384,true],"large":["https:\/\/pornuestrolaredo.com\/wp-content\/uploads\/2023\/12\/Stereo91-20231219-2-1000x600.jpg",640,384,true],"1536x1536":["https:\/\/pornuestrolaredo.com\/wp-content\/uploads\/2023\/12\/Stereo91-20231219-2.jpg",1024,614,false],"2048x2048":["https:\/\/pornuestrolaredo.com\/wp-content\/uploads\/2023\/12\/Stereo91-20231219-2.jpg",1024,614,false],"morenews-large":["https:\/\/pornuestrolaredo.com\/wp-content\/uploads\/2023\/12\/Stereo91-20231219-2.jpg",825,495,false],"morenews-medium":["https:\/\/pornuestrolaredo.com\/wp-content\/uploads\/2023\/12\/Stereo91-20231219-2.jpg",590,354,false]},"author_info":{"info":["Redactor"]},"category_info":"<a href=\"https:\/\/pornuestrolaredo.com\/?cat=9\" rel=\"category\">El Mundo<\/a>","tag_info":"El Mundo","comment_count":"0","jetpack_featured_media_url":"https:\/\/pornuestrolaredo.com\/wp-content\/uploads\/2023\/12\/Stereo91-20231219-2.jpg","jetpack_sharing_enabled":true,"_links":{"self":[{"href":"https:\/\/pornuestrolaredo.com\/index.php?rest_route=\/wp\/v2\/posts\/3565","targetHints":{"allow":["GET"]}}],"collection":[{"href":"https:\/\/pornuestrolaredo.com\/index.php?rest_route=\/wp\/v2\/posts"}],"about":[{"href":"https:\/\/pornuestrolaredo.com\/index.php?rest_route=\/wp\/v2\/types\/post"}],"author":[{"embeddable":true,"href":"https:\/\/pornuestrolaredo.com\/index.php?rest_route=\/wp\/v2\/users\/1"}],"replies":[{"embeddable":true,"href":"https:\/\/pornuestrolaredo.com\/index.php?rest_route=%2Fwp%2Fv2%2Fcomments&post=3565"}],"version-history":[{"count":1,"href":"https:\/\/pornuestrolaredo.com\/index.php?rest_route=\/wp\/v2\/posts\/3565\/revisions"}],"predecessor-version":[{"id":3567,"href":"https:\/\/pornuestrolaredo.com\/index.php?rest_route=\/wp\/v2\/posts\/3565\/revisions\/3567"}],"wp:featuredmedia":[{"embeddable":true,"href":"https:\/\/pornuestrolaredo.com\/index.php?rest_route=\/wp\/v2\/media\/3566"}],"wp:attachment":[{"href":"https:\/\/pornuestrolaredo.com\/index.php?rest_route=%2Fwp%2Fv2%2Fmedia&parent=3565"}],"wp:term":[{"taxonomy":"category","embeddable":true,"href":"https:\/\/pornuestrolaredo.com\/index.php?rest_route=%2Fwp%2Fv2%2Fcategories&post=3565"},{"taxonomy":"post_tag","embeddable":true,"href":"https:\/\/pornuestrolaredo.com\/index.php?rest_route=%2Fwp%2Fv2%2Ftags&post=3565"}],"curies":[{"name":"wp","href":"https:\/\/api.w.org\/{rel}","templated":true}]}}