{"id":3568,"date":"2023-12-19T06:51:47","date_gmt":"2023-12-19T06:51:47","guid":{"rendered":"https:\/\/pornuestrolaredo.com\/?p=3568"},"modified":"2023-12-19T06:51:47","modified_gmt":"2023-12-19T06:51:47","slug":"instalan-comision-para-analizar-reduccion-de-jornada-laboral","status":"publish","type":"post","link":"https:\/\/pornuestrolaredo.com\/?p=3568","title":{"rendered":"Instalan comisi\u00f3n para analizar reducci\u00f3n de jornada laboral"},"content":{"rendered":"<p><strong>CIUDAD DE M\u00c9XICO.-<\/strong> La C\u00e1mara de Diputados instal\u00f3 una comisi\u00f3n de trabajo para presentar en el pr\u00f3ximo periodo de sesiones una propuesta de consenso sobre la reducci\u00f3n de la jornada laboral, de 48 a 40 horas a la semana.<\/p>\n<p>En la instalaci\u00f3n participaron legisladores, representantes de organizaciones sindicales, como la Catem y la CTM, y patronales, como el CCE, la Concamin y la Coparmex, as\u00ed como funcionarios de las Secretar\u00edas de Gobernaci\u00f3n y del Trabajo.<\/p>\n<p>Los participantes coincidieron en la necesidad de concretar una reforma, y celebraron que se realice en el pr\u00f3ximo a\u00f1o un di\u00e1logo entre las partes para que sea gradual y considere las diferencias entre los distintos sectores productivos, entre las grandes y las peque\u00f1as y medianas empresas.<\/p>\n<p>La discusi\u00f3n que se llevar\u00e1 a cabo en los pr\u00f3ximos meses, es el dictamen de reforma constitucional que present\u00f3 la Comisi\u00f3n de Puntos Constitucionales, en el que se reconoce el derecho de los trabajadores a disfrutar de dos d\u00edas de descanso a la semana, con lo que se reduce la jornada laboral a 40 horas a la semana, es decir, cinco d\u00edas de 8 horas de trabajo.<\/p>\n<p>Es obvio que todos los partidos pol\u00edticos y las organizaciones sindicales y patronales queremos ayudar a la clase trabajadora, pero de una manera en la que salgan ganando todos, la parte empleadora y la trabajadora, dijo el panista Jorge Romero, presidente de la Junta de Coordinaci\u00f3n Pol\u00edtica (Jucopo), al abrir el evento.<\/p>\n<p>Romero pidi\u00f3 a los participantes enfocarse en el c\u00f3mo s\u00ed tener una reforma y buscar un equilibrio, en particular por los miles de empleadores que tienen uno o dos trabajadores, porque si no se ve por ellos se puede generar una legislaci\u00f3n contraproducente.<\/p>\n<p>Los representantes de PRD y MC, Jes\u00fas Alberto Vel\u00e1zquez, y Sergio Barrera, expresaron su respaldo a abrir el di\u00e1logo con las partes implicadas y para que en el pr\u00f3ximo periodo de sesiones de la 65 Legislatura, la reforma sea un tema de s\u00ed o s\u00ed<\/p>\n<p>Existe una deuda hist\u00f3rica, dijo Barrera, y necesitamos seguir sald\u00e1ndola, la cantidad de horas trabajo no significa productividad y es una necesidad, antes de que termine esta Legislatura, darle a esta reforma gradualidad y flexibilidad por su impacto econ\u00f3mico en cada sector.<\/p>\n<p>Por el PT, Gerardo Fern\u00e1ndez Noro\u00f1a, advirti\u00f3 que se han alegado una serie de dificultades para concretar esta reforma, y en los foros que hoy inician se van a discutir para llegar a febrero a una decisi\u00f3n de consenso.<\/p>\n<p>Tereso Medina, del PRI, y Santiago Torreblanca, del PAN, se manifestaron por lograr una reforma justa, equilibrada y gradual mediante un di\u00e1logo tripartita.<\/p>\n<blockquote><p>Estoy convencido de que sacaremos esta reforma en el pr\u00f3ximo periodo legislativo, asegur\u00f3 Torreblanca.<\/p><\/blockquote>\n<p>Ignacio Mier, de Morena, asegur\u00f3 que se trata de una reuni\u00f3n sin precedente, con los representantes de las partes implicadas, y aunque insisti\u00f3 en que se requiere una una revisi\u00f3n profunda al modelo econ\u00f3mico, por ahora se debe concretar una reforma que considere gradualidad, diferenciaci\u00f3n y temporalidad.<\/p>\n","protected":false},"excerpt":{"rendered":"<p>Har\u00e1n una propuesta de concenso para ayudar a facilitar que la semana de trabajo pase de 48 a 40 horas<\/p>\n","protected":false},"author":1,"featured_media":3569,"comment_status":"closed","ping_status":"closed","sticky":false,"template":"","format":"standard","meta":{"_crdt_document":"","_jetpack_memberships_contains_paid_content":false,"footnotes":"","jetpack_publicize_message":"","jetpack_publicize_feature_enabled":true,"jetpack_social_post_already_shared":true,"jetpack_social_options":{"image_generator_settings":{"template":"highway","default_image_id":0,"font":"","enabled":false},"version":2},"_wpas_customize_per_network":false},"categories":[33],"tags":[],"class_list":["post-3568","post","type-post","status-publish","format-standard","has-post-thumbnail","hentry","category-mexico"],"magazineBlocksPostFeaturedMedia":{"thumbnail":"https:\/\/pornuestrolaredo.com\/wp-content\/uploads\/2023\/12\/Stereo91-20231219-3-150x150.jpg","medium":"https:\/\/pornuestrolaredo.com\/wp-content\/uploads\/2023\/12\/Stereo91-20231219-3-300x173.jpg","medium_large":"https:\/\/pornuestrolaredo.com\/wp-content\/uploads\/2023\/12\/Stereo91-20231219-3-768x442.jpg","large":"https:\/\/pornuestrolaredo.com\/wp-content\/uploads\/2023\/12\/Stereo91-20231219-3.jpg","1536x1536":"https:\/\/pornuestrolaredo.com\/wp-content\/uploads\/2023\/12\/Stereo91-20231219-3.jpg","2048x2048":"https:\/\/pornuestrolaredo.com\/wp-content\/uploads\/2023\/12\/Stereo91-20231219-3.jpg","morenews-large":"https:\/\/pornuestrolaredo.com\/wp-content\/uploads\/2023\/12\/Stereo91-20231219-3.jpg","morenews-medium":"https:\/\/pornuestrolaredo.com\/wp-content\/uploads\/2023\/12\/Stereo91-20231219-3.jpg"},"magazineBlocksPostAuthor":{"name":"Redactor","avatar":"https:\/\/pornuestrolaredo.com\/wp-content\/litespeed\/avatar\/dca1d7ec750c399f025f23b0b314f4cf.jpg?ver=1777612120"},"magazineBlocksPostCommentsNumber":false,"magazineBlocksPostExcerpt":"Har\u00e1n una propuesta de concenso para ayudar a facilitar que la semana de trabajo pase de 48 a 40 horas","magazineBlocksPostCategories":["Mexico"],"magazineBlocksPostViewCount":128,"magazineBlocksPostReadTime":3,"magazine_blocks_featured_image_url":{"full":["https:\/\/pornuestrolaredo.com\/wp-content\/uploads\/2023\/12\/Stereo91-20231219-3.jpg",960,553,false],"medium":["https:\/\/pornuestrolaredo.com\/wp-content\/uploads\/2023\/12\/Stereo91-20231219-3-300x173.jpg",300,173,true],"thumbnail":["https:\/\/pornuestrolaredo.com\/wp-content\/uploads\/2023\/12\/Stereo91-20231219-3-150x150.jpg",150,150,true]},"magazine_blocks_author":{"display_name":"Redactor","author_link":"https:\/\/pornuestrolaredo.com\/?author=1"},"magazine_blocks_comment":0,"magazine_blocks_author_image":"https:\/\/pornuestrolaredo.com\/wp-content\/litespeed\/avatar\/dca1d7ec750c399f025f23b0b314f4cf.jpg?ver=1777612120","magazine_blocks_category":"<a href=\"#\" class=\"category-link category-link-33\">Mexico<\/a>","jetpack_publicize_connections":[],"featured_image_urls":{"full":["https:\/\/pornuestrolaredo.com\/wp-content\/uploads\/2023\/12\/Stereo91-20231219-3.jpg",960,553,false],"thumbnail":["https:\/\/pornuestrolaredo.com\/wp-content\/uploads\/2023\/12\/Stereo91-20231219-3-150x150.jpg",150,150,true],"medium":["https:\/\/pornuestrolaredo.com\/wp-content\/uploads\/2023\/12\/Stereo91-20231219-3-300x173.jpg",300,173,true],"medium_large":["https:\/\/pornuestrolaredo.com\/wp-content\/uploads\/2023\/12\/Stereo91-20231219-3-768x442.jpg",640,368,true],"large":["https:\/\/pornuestrolaredo.com\/wp-content\/uploads\/2023\/12\/Stereo91-20231219-3.jpg",640,369,false],"1536x1536":["https:\/\/pornuestrolaredo.com\/wp-content\/uploads\/2023\/12\/Stereo91-20231219-3.jpg",960,553,false],"2048x2048":["https:\/\/pornuestrolaredo.com\/wp-content\/uploads\/2023\/12\/Stereo91-20231219-3.jpg",960,553,false],"morenews-large":["https:\/\/pornuestrolaredo.com\/wp-content\/uploads\/2023\/12\/Stereo91-20231219-3.jpg",825,475,false],"morenews-medium":["https:\/\/pornuestrolaredo.com\/wp-content\/uploads\/2023\/12\/Stereo91-20231219-3.jpg",590,340,false]},"author_info":{"info":["Redactor"]},"category_info":"<a href=\"https:\/\/pornuestrolaredo.com\/?cat=33\" rel=\"category\">Mexico<\/a>","tag_info":"Mexico","comment_count":"0","jetpack_featured_media_url":"https:\/\/pornuestrolaredo.com\/wp-content\/uploads\/2023\/12\/Stereo91-20231219-3.jpg","jetpack_sharing_enabled":true,"_links":{"self":[{"href":"https:\/\/pornuestrolaredo.com\/index.php?rest_route=\/wp\/v2\/posts\/3568","targetHints":{"allow":["GET"]}}],"collection":[{"href":"https:\/\/pornuestrolaredo.com\/index.php?rest_route=\/wp\/v2\/posts"}],"about":[{"href":"https:\/\/pornuestrolaredo.com\/index.php?rest_route=\/wp\/v2\/types\/post"}],"author":[{"embeddable":true,"href":"https:\/\/pornuestrolaredo.com\/index.php?rest_route=\/wp\/v2\/users\/1"}],"replies":[{"embeddable":true,"href":"https:\/\/pornuestrolaredo.com\/index.php?rest_route=%2Fwp%2Fv2%2Fcomments&post=3568"}],"version-history":[{"count":1,"href":"https:\/\/pornuestrolaredo.com\/index.php?rest_route=\/wp\/v2\/posts\/3568\/revisions"}],"predecessor-version":[{"id":3570,"href":"https:\/\/pornuestrolaredo.com\/index.php?rest_route=\/wp\/v2\/posts\/3568\/revisions\/3570"}],"wp:featuredmedia":[{"embeddable":true,"href":"https:\/\/pornuestrolaredo.com\/index.php?rest_route=\/wp\/v2\/media\/3569"}],"wp:attachment":[{"href":"https:\/\/pornuestrolaredo.com\/index.php?rest_route=%2Fwp%2Fv2%2Fmedia&parent=3568"}],"wp:term":[{"taxonomy":"category","embeddable":true,"href":"https:\/\/pornuestrolaredo.com\/index.php?rest_route=%2Fwp%2Fv2%2Fcategories&post=3568"},{"taxonomy":"post_tag","embeddable":true,"href":"https:\/\/pornuestrolaredo.com\/index.php?rest_route=%2Fwp%2Fv2%2Ftags&post=3568"}],"curies":[{"name":"wp","href":"https:\/\/api.w.org\/{rel}","templated":true}]}}