{"id":3577,"date":"2023-12-20T06:57:56","date_gmt":"2023-12-20T06:57:56","guid":{"rendered":"https:\/\/pornuestrolaredo.com\/?p=3577"},"modified":"2023-12-20T06:57:56","modified_gmt":"2023-12-20T06:57:56","slug":"trump-migrantes-envenenan-la-sangre-de-eu","status":"publish","type":"post","link":"https:\/\/pornuestrolaredo.com\/?p=3577","title":{"rendered":"Trump: \u2018Migrantes envenenan la sangre de EU\u2019"},"content":{"rendered":"<p><strong><em>NEW HAMPSHIRE.-<\/em><\/strong> Estados Unidos est\u00e1 acostumbrado a las salidas de tono del expresidente republicano Donald Trump, pero su afirmaci\u00f3n de que los migrantes &#8220;est\u00e1n envenenando la sangre&#8221; del pa\u00eds le ha valido comparaciones con Adolf Hitler y el fascismo.<\/p>\n<p>&#8220;Dejaron (entrar), creo que la cifra real es 15, 16 millones de personas en nuestro pa\u00eds. Cuando hacen esto tenemos mucho trabajo por hacer. Est\u00e1n envenenando la sangre de nuestro pa\u00eds&#8221;, afirm\u00f3 el favorito para la nominaci\u00f3n presidencial republicana, durante un mitin en New Hampshire el pasado fin de semana.<\/p>\n<p>&#8220;Eso es lo que han hecho, envenenan los psiqui\u00e1tricos y c\u00e1rceles en todo el mundo. No s\u00f3lo en Sudam\u00e9rica, no s\u00f3lo en tres o cuatro pa\u00edses en los que pensamos, sino en todo el mundo. Entran en nuestro pa\u00eds desde \u00c1frica, desde Asia, desde todo el mundo&#8221;.<\/p>\n<p>Trump ya ha utilizado en el pasado un lenguaje incendiario contra los migrantes, pero el domingo lo hizo por primera vez durante un mitin.<\/p>\n<p>Desde entonces las cr\u00edticas se han sucedido. Las m\u00e1s acerbas proceden de los dem\u00f3cratas y de las asociaciones de defensa de los derechos civiles, pero los comentarios tambi\u00e9n han causado resquemor entre algunos republicanos.<\/p>\n<p>Este martes la Liga de Ciudadanos Latinos Estadounidenses (LULAC), la asociaci\u00f3n latina de derechos civiles m\u00e1s grande del pa\u00eds, se uni\u00f3 a la Liga Antidifamaci\u00f3n (ADL) en un comunicado sulfuroso.<\/p>\n<p>Estos comentarios &#8220;recuerdan el lenguaje de Adolf Hitler y el r\u00e9gimen nazi&#8221;, estim\u00f3 Domingo Garc\u00eda, presidente nacional de LULAC.<\/p>\n<p>&#8220;Juegan con las emociones humanas m\u00e1s bajas y siniestras para incitar al odio y causar da\u00f1o o algo peor a hombres, mujeres y ni\u00f1os inocentes&#8221;, a\u00f1adi\u00f3.<\/p>\n<p>Las palabras de Trump recuerdan algunas de las frases del libro &#8220;Mein Kampf&#8221; (Mi Lucha), en el que Hitler plasma los principios de su ideolog\u00eda antisemita y defensora de la supremac\u00eda aria.<\/p>\n<p>&#8220;Todas las grandes culturas del pasado perecieron s\u00f3lo porque la raza originalmente creativa se extingui\u00f3 por envenenamiento de la sangre&#8221; es una de ellas.<\/p>\n<p>Para Jonathan Greenblatt, director general de la Liga Antidifamaci\u00f3n, los comentarios del l\u00edder republicano &#8220;tienen un potencial real de causar peligro y violencia&#8221;.<\/p>\n<p>La Casa Blanca se apresur\u00f3 a condenarlas.<\/p>\n<p>&#8220;Hacerse eco de la ret\u00f3rica grotesca de los fascistas y de los supremacistas blancos violentos y amenazar con oprimir a quienes no est\u00e1n de acuerdo con el Gobierno son ataques peligrosos a la dignidad y los derechos de todos los estadounidenses, a nuestra democracia y a la seguridad p\u00fablica&#8221;, afirm\u00f3 un portavoz.<\/p>\n<p>En el Partido Republicano, algunos le restaron importancia, como el Senador Lindsey Graham.<\/p>\n<p>&#8220;No me importa nada el lenguaje que utilice la gente, siempre y cuando entendamos bien&#8221; la inmigraci\u00f3n, dijo.<\/p>\n<p>El segundo candidato mejor situado para la nominaci\u00f3n republicana, el Gobernador de Florida, Ron DeSantis, se limit\u00f3 a calificarlas de &#8220;error t\u00e1ctico&#8221;, seg\u00fan la cadena local WOWT.<\/p>\n<p>Pero otros las condenaron duramente.<\/p>\n<p>&#8220;Se est\u00e1 volviendo m\u00e1s loco&#8221;, declar\u00f3 el exgobernador de Nueva Jersey Chris Christie al canal CNN.<\/p>\n<p>&#8220;No podemos vencer a Joe Biden con alguien que habla de esa manera sobre los migrantes en este pa\u00eds&#8221;.<\/p>\n<p>La crisis migratoria es uno de los temas candentes de cara a las presidenciales de 2024, donde es probable que Trump compita en las urnas con el presidente dem\u00f3crata, Joe Biden.<\/p>\n","protected":false},"excerpt":{"rendered":"<p>El expresidente norteamericano se gana adjetivos de facista y lo comparan con Hitler<\/p>\n","protected":false},"author":1,"featured_media":3579,"comment_status":"closed","ping_status":"closed","sticky":false,"template":"","format":"standard","meta":{"_crdt_document":"","_jetpack_memberships_contains_paid_content":false,"footnotes":"","jetpack_publicize_message":"","jetpack_publicize_feature_enabled":true,"jetpack_social_post_already_shared":true,"jetpack_social_options":{"image_generator_settings":{"template":"highway","default_image_id":0,"font":"","enabled":false},"version":2},"_wpas_customize_per_network":false},"categories":[9],"tags":[],"class_list":["post-3577","post","type-post","status-publish","format-standard","has-post-thumbnail","hentry","category-el-mundo"],"magazineBlocksPostFeaturedMedia":{"thumbnail":"https:\/\/pornuestrolaredo.com\/wp-content\/uploads\/2023\/12\/Stereo91-20231220-2-150x150.jpg","medium":"https:\/\/pornuestrolaredo.com\/wp-content\/uploads\/2023\/12\/Stereo91-20231220-2-300x183.jpg","medium_large":"https:\/\/pornuestrolaredo.com\/wp-content\/uploads\/2023\/12\/Stereo91-20231220-2-768x467.jpg","large":"https:\/\/pornuestrolaredo.com\/wp-content\/uploads\/2023\/12\/Stereo91-20231220-2.jpg","1536x1536":"https:\/\/pornuestrolaredo.com\/wp-content\/uploads\/2023\/12\/Stereo91-20231220-2.jpg","2048x2048":"https:\/\/pornuestrolaredo.com\/wp-content\/uploads\/2023\/12\/Stereo91-20231220-2.jpg","morenews-large":"https:\/\/pornuestrolaredo.com\/wp-content\/uploads\/2023\/12\/Stereo91-20231220-2.jpg","morenews-medium":"https:\/\/pornuestrolaredo.com\/wp-content\/uploads\/2023\/12\/Stereo91-20231220-2.jpg"},"magazineBlocksPostAuthor":{"name":"Redactor","avatar":"https:\/\/pornuestrolaredo.com\/wp-content\/litespeed\/avatar\/dca1d7ec750c399f025f23b0b314f4cf.jpg?ver=1777612120"},"magazineBlocksPostCommentsNumber":false,"magazineBlocksPostExcerpt":"El expresidente norteamericano se gana adjetivos de facista y lo comparan con Hitler","magazineBlocksPostCategories":["El Mundo"],"magazineBlocksPostViewCount":119,"magazineBlocksPostReadTime":3,"magazine_blocks_featured_image_url":{"full":["https:\/\/pornuestrolaredo.com\/wp-content\/uploads\/2023\/12\/Stereo91-20231220-2.jpg",960,584,false],"medium":["https:\/\/pornuestrolaredo.com\/wp-content\/uploads\/2023\/12\/Stereo91-20231220-2-300x183.jpg",300,183,true],"thumbnail":["https:\/\/pornuestrolaredo.com\/wp-content\/uploads\/2023\/12\/Stereo91-20231220-2-150x150.jpg",150,150,true]},"magazine_blocks_author":{"display_name":"Redactor","author_link":"https:\/\/pornuestrolaredo.com\/?author=1"},"magazine_blocks_comment":0,"magazine_blocks_author_image":"https:\/\/pornuestrolaredo.com\/wp-content\/litespeed\/avatar\/dca1d7ec750c399f025f23b0b314f4cf.jpg?ver=1777612120","magazine_blocks_category":"<a href=\"#\" class=\"category-link category-link-9\">El Mundo<\/a>","jetpack_publicize_connections":[],"featured_image_urls":{"full":["https:\/\/pornuestrolaredo.com\/wp-content\/uploads\/2023\/12\/Stereo91-20231220-2.jpg",960,584,false],"thumbnail":["https:\/\/pornuestrolaredo.com\/wp-content\/uploads\/2023\/12\/Stereo91-20231220-2-150x150.jpg",150,150,true],"medium":["https:\/\/pornuestrolaredo.com\/wp-content\/uploads\/2023\/12\/Stereo91-20231220-2-300x183.jpg",300,183,true],"medium_large":["https:\/\/pornuestrolaredo.com\/wp-content\/uploads\/2023\/12\/Stereo91-20231220-2-768x467.jpg",640,389,true],"large":["https:\/\/pornuestrolaredo.com\/wp-content\/uploads\/2023\/12\/Stereo91-20231220-2.jpg",640,389,false],"1536x1536":["https:\/\/pornuestrolaredo.com\/wp-content\/uploads\/2023\/12\/Stereo91-20231220-2.jpg",960,584,false],"2048x2048":["https:\/\/pornuestrolaredo.com\/wp-content\/uploads\/2023\/12\/Stereo91-20231220-2.jpg",960,584,false],"morenews-large":["https:\/\/pornuestrolaredo.com\/wp-content\/uploads\/2023\/12\/Stereo91-20231220-2.jpg",825,502,false],"morenews-medium":["https:\/\/pornuestrolaredo.com\/wp-content\/uploads\/2023\/12\/Stereo91-20231220-2.jpg",590,359,false]},"author_info":{"info":["Redactor"]},"category_info":"<a href=\"https:\/\/pornuestrolaredo.com\/?cat=9\" rel=\"category\">El Mundo<\/a>","tag_info":"El Mundo","comment_count":"0","jetpack_featured_media_url":"https:\/\/pornuestrolaredo.com\/wp-content\/uploads\/2023\/12\/Stereo91-20231220-2.jpg","jetpack_sharing_enabled":true,"_links":{"self":[{"href":"https:\/\/pornuestrolaredo.com\/index.php?rest_route=\/wp\/v2\/posts\/3577","targetHints":{"allow":["GET"]}}],"collection":[{"href":"https:\/\/pornuestrolaredo.com\/index.php?rest_route=\/wp\/v2\/posts"}],"about":[{"href":"https:\/\/pornuestrolaredo.com\/index.php?rest_route=\/wp\/v2\/types\/post"}],"author":[{"embeddable":true,"href":"https:\/\/pornuestrolaredo.com\/index.php?rest_route=\/wp\/v2\/users\/1"}],"replies":[{"embeddable":true,"href":"https:\/\/pornuestrolaredo.com\/index.php?rest_route=%2Fwp%2Fv2%2Fcomments&post=3577"}],"version-history":[{"count":2,"href":"https:\/\/pornuestrolaredo.com\/index.php?rest_route=\/wp\/v2\/posts\/3577\/revisions"}],"predecessor-version":[{"id":3580,"href":"https:\/\/pornuestrolaredo.com\/index.php?rest_route=\/wp\/v2\/posts\/3577\/revisions\/3580"}],"wp:featuredmedia":[{"embeddable":true,"href":"https:\/\/pornuestrolaredo.com\/index.php?rest_route=\/wp\/v2\/media\/3579"}],"wp:attachment":[{"href":"https:\/\/pornuestrolaredo.com\/index.php?rest_route=%2Fwp%2Fv2%2Fmedia&parent=3577"}],"wp:term":[{"taxonomy":"category","embeddable":true,"href":"https:\/\/pornuestrolaredo.com\/index.php?rest_route=%2Fwp%2Fv2%2Fcategories&post=3577"},{"taxonomy":"post_tag","embeddable":true,"href":"https:\/\/pornuestrolaredo.com\/index.php?rest_route=%2Fwp%2Fv2%2Ftags&post=3577"}],"curies":[{"name":"wp","href":"https:\/\/api.w.org\/{rel}","templated":true}]}}