{"id":3581,"date":"2023-12-20T07:14:31","date_gmt":"2023-12-20T07:14:31","guid":{"rendered":"https:\/\/pornuestrolaredo.com\/?p=3581"},"modified":"2023-12-20T07:14:31","modified_gmt":"2023-12-20T07:14:31","slug":"demandan-a-texas-por-ley-antiinmigrante","status":"publish","type":"post","link":"https:\/\/pornuestrolaredo.com\/?p=3581","title":{"rendered":"Demandan a Texas por ley antiinmigrante"},"content":{"rendered":"<p><strong>WASHINGTON, DC.-<\/strong> Grupos de defensa de los derechos civiles presentaron este martes una demanda contra una nueva ley respaldada por los republicanos en Texas que otorgar\u00e1 a los funcionarios estatales amplios poderes para detener, procesar y deportar a las personas que crucen de manera irregular la frontera entre Estados Unidos y M\u00e9xico.<\/p>\n<p>La demanda presentada ante el tribunal federal de Austin, Texas, afirma que la ley firmada el lunes por el Gobernador republicano de Texas, Greg Abbott, infringe de forma ilegal la autoridad del Gobierno federal en virtud de la Constituci\u00f3n para hacer cumplir las leyes de migraci\u00f3n del pa\u00eds.<\/p>\n<p>Los grupos, encabezados por la Uni\u00f3n Estadounidense por las Libertades Civiles (ACLU, por sus siglas en ingl\u00e9s), tambi\u00e9n afirmaron que la ley, que entrar\u00e1 en vigor en marzo, impide ilegalmente a los migrantes solicitar asilo u otras protecciones humanitarias al Gobierno estadounidense.<\/p>\n<p>La ley, conocida como SB4, permite a los jueces del estado ordenar la deportaci\u00f3n de las personas, con penas de hasta 20 a\u00f1os de prisi\u00f3n para los nmigrantes que se nieguen a cumplirla. La legislatura de Texas, controlada por los republicanos, aprob\u00f3 la medida en noviembre.<\/p>\n<p>Adriana Pinon, directora jur\u00eddica de la secci\u00f3n de Texas de la ACLU, afirm\u00f3 que la ley era una de las medidas m\u00e1s extremas de represi\u00f3n de la migraci\u00f3n adoptadas por un estado de Estados Unidos.<\/p>\n<blockquote><p>El proyecto de ley hace caso omiso de los principios constitucionales fundamentales y desacata la ley federal de inmigraci\u00f3n, al tiempo que perjudica a los texanos, en particular a las comunidades marrones y negras&#8221;, dijo Pinon en un comunicado.<\/p><\/blockquote>\n<p>Abbott se\u00f1al\u00f3 el lunes que la ley era necesaria debido al supuesto fracaso de la Administraci\u00f3n del Presidente dem\u00f3crata Joe Biden para frenar el aumento de la migraci\u00f3n ilegal.<\/p>\n<p>Stephen Yale-Loehr, profesor de derecho de inmigraci\u00f3n en la Facultad de Derecho de Cornell, dijo antes de que se presentara la demanda que la ley de Texas era vulnerable a desaf\u00edos legales.<\/p>\n<p>Yale-Loehr cit\u00f3 una sentencia del Tribunal Supremo de Estados Unidos de 2012 que dec\u00eda que Arizona no pod\u00eda autorizar a los funcionarios estatales a detener y procesar a personas por estar ilegalmente en Estados Unidos, porque eso era competencia exclusiva del Gobierno federal.<\/p>\n<p>Texas ya est\u00e1 inmerso en una serie de casos judiciales relacionados con los esfuerzos de Abbott para disuadir y castigar los cruces fronterizos ilegales, conocidos colectivamente como Operaci\u00f3n Estrella Solitaria.<\/p>\n","protected":false},"excerpt":{"rendered":"<p>Otorgar\u00e1 a los funcionarios estatales amplios poderes para detener, procesar y deportar a las personas que crucen de manera irregular la frontera<\/p>\n","protected":false},"author":1,"featured_media":3582,"comment_status":"closed","ping_status":"closed","sticky":false,"template":"","format":"standard","meta":{"_crdt_document":"","_jetpack_memberships_contains_paid_content":false,"footnotes":"","jetpack_publicize_message":"","jetpack_publicize_feature_enabled":true,"jetpack_social_post_already_shared":true,"jetpack_social_options":{"image_generator_settings":{"template":"highway","default_image_id":0,"font":"","enabled":false},"version":2},"_wpas_customize_per_network":false},"categories":[9],"tags":[],"class_list":["post-3581","post","type-post","status-publish","format-standard","has-post-thumbnail","hentry","category-el-mundo"],"magazineBlocksPostFeaturedMedia":{"thumbnail":"https:\/\/pornuestrolaredo.com\/wp-content\/uploads\/2023\/12\/Stereo91-20231220-3-150x150.jpg","medium":"https:\/\/pornuestrolaredo.com\/wp-content\/uploads\/2023\/12\/Stereo91-20231220-3-300x171.jpg","medium_large":"https:\/\/pornuestrolaredo.com\/wp-content\/uploads\/2023\/12\/Stereo91-20231220-3-768x437.jpg","large":"https:\/\/pornuestrolaredo.com\/wp-content\/uploads\/2023\/12\/Stereo91-20231220-3.jpg","1536x1536":"https:\/\/pornuestrolaredo.com\/wp-content\/uploads\/2023\/12\/Stereo91-20231220-3.jpg","2048x2048":"https:\/\/pornuestrolaredo.com\/wp-content\/uploads\/2023\/12\/Stereo91-20231220-3.jpg","morenews-large":"https:\/\/pornuestrolaredo.com\/wp-content\/uploads\/2023\/12\/Stereo91-20231220-3.jpg","morenews-medium":"https:\/\/pornuestrolaredo.com\/wp-content\/uploads\/2023\/12\/Stereo91-20231220-3.jpg"},"magazineBlocksPostAuthor":{"name":"Redactor","avatar":"https:\/\/pornuestrolaredo.com\/wp-content\/litespeed\/avatar\/dca1d7ec750c399f025f23b0b314f4cf.jpg?ver=1777612120"},"magazineBlocksPostCommentsNumber":false,"magazineBlocksPostExcerpt":"Otorgar\u00e1 a los funcionarios estatales amplios poderes para detener, procesar y deportar a las personas que crucen de manera irregular la frontera","magazineBlocksPostCategories":["El Mundo"],"magazineBlocksPostViewCount":137,"magazineBlocksPostReadTime":3,"magazine_blocks_featured_image_url":{"full":["https:\/\/pornuestrolaredo.com\/wp-content\/uploads\/2023\/12\/Stereo91-20231220-3.jpg",960,546,false],"medium":["https:\/\/pornuestrolaredo.com\/wp-content\/uploads\/2023\/12\/Stereo91-20231220-3-300x171.jpg",300,171,true],"thumbnail":["https:\/\/pornuestrolaredo.com\/wp-content\/uploads\/2023\/12\/Stereo91-20231220-3-150x150.jpg",150,150,true]},"magazine_blocks_author":{"display_name":"Redactor","author_link":"https:\/\/pornuestrolaredo.com\/?author=1"},"magazine_blocks_comment":0,"magazine_blocks_author_image":"https:\/\/pornuestrolaredo.com\/wp-content\/litespeed\/avatar\/dca1d7ec750c399f025f23b0b314f4cf.jpg?ver=1777612120","magazine_blocks_category":"<a href=\"#\" class=\"category-link category-link-9\">El Mundo<\/a>","jetpack_publicize_connections":[],"featured_image_urls":{"full":["https:\/\/pornuestrolaredo.com\/wp-content\/uploads\/2023\/12\/Stereo91-20231220-3.jpg",960,546,false],"thumbnail":["https:\/\/pornuestrolaredo.com\/wp-content\/uploads\/2023\/12\/Stereo91-20231220-3-150x150.jpg",150,150,true],"medium":["https:\/\/pornuestrolaredo.com\/wp-content\/uploads\/2023\/12\/Stereo91-20231220-3-300x171.jpg",300,171,true],"medium_large":["https:\/\/pornuestrolaredo.com\/wp-content\/uploads\/2023\/12\/Stereo91-20231220-3-768x437.jpg",640,364,true],"large":["https:\/\/pornuestrolaredo.com\/wp-content\/uploads\/2023\/12\/Stereo91-20231220-3.jpg",640,364,false],"1536x1536":["https:\/\/pornuestrolaredo.com\/wp-content\/uploads\/2023\/12\/Stereo91-20231220-3.jpg",960,546,false],"2048x2048":["https:\/\/pornuestrolaredo.com\/wp-content\/uploads\/2023\/12\/Stereo91-20231220-3.jpg",960,546,false],"morenews-large":["https:\/\/pornuestrolaredo.com\/wp-content\/uploads\/2023\/12\/Stereo91-20231220-3.jpg",825,469,false],"morenews-medium":["https:\/\/pornuestrolaredo.com\/wp-content\/uploads\/2023\/12\/Stereo91-20231220-3.jpg",590,336,false]},"author_info":{"info":["Redactor"]},"category_info":"<a href=\"https:\/\/pornuestrolaredo.com\/?cat=9\" rel=\"category\">El Mundo<\/a>","tag_info":"El Mundo","comment_count":"0","jetpack_featured_media_url":"https:\/\/pornuestrolaredo.com\/wp-content\/uploads\/2023\/12\/Stereo91-20231220-3.jpg","jetpack_sharing_enabled":true,"_links":{"self":[{"href":"https:\/\/pornuestrolaredo.com\/index.php?rest_route=\/wp\/v2\/posts\/3581","targetHints":{"allow":["GET"]}}],"collection":[{"href":"https:\/\/pornuestrolaredo.com\/index.php?rest_route=\/wp\/v2\/posts"}],"about":[{"href":"https:\/\/pornuestrolaredo.com\/index.php?rest_route=\/wp\/v2\/types\/post"}],"author":[{"embeddable":true,"href":"https:\/\/pornuestrolaredo.com\/index.php?rest_route=\/wp\/v2\/users\/1"}],"replies":[{"embeddable":true,"href":"https:\/\/pornuestrolaredo.com\/index.php?rest_route=%2Fwp%2Fv2%2Fcomments&post=3581"}],"version-history":[{"count":1,"href":"https:\/\/pornuestrolaredo.com\/index.php?rest_route=\/wp\/v2\/posts\/3581\/revisions"}],"predecessor-version":[{"id":3583,"href":"https:\/\/pornuestrolaredo.com\/index.php?rest_route=\/wp\/v2\/posts\/3581\/revisions\/3583"}],"wp:featuredmedia":[{"embeddable":true,"href":"https:\/\/pornuestrolaredo.com\/index.php?rest_route=\/wp\/v2\/media\/3582"}],"wp:attachment":[{"href":"https:\/\/pornuestrolaredo.com\/index.php?rest_route=%2Fwp%2Fv2%2Fmedia&parent=3581"}],"wp:term":[{"taxonomy":"category","embeddable":true,"href":"https:\/\/pornuestrolaredo.com\/index.php?rest_route=%2Fwp%2Fv2%2Fcategories&post=3581"},{"taxonomy":"post_tag","embeddable":true,"href":"https:\/\/pornuestrolaredo.com\/index.php?rest_route=%2Fwp%2Fv2%2Ftags&post=3581"}],"curies":[{"name":"wp","href":"https:\/\/api.w.org\/{rel}","templated":true}]}}