{"id":3588,"date":"2023-12-29T08:21:52","date_gmt":"2023-12-29T08:21:52","guid":{"rendered":"https:\/\/pornuestrolaredo.com\/?p=3588"},"modified":"2023-12-29T08:21:52","modified_gmt":"2023-12-29T08:21:52","slug":"brindara-gobierno-municipal-clases-de-apoyo-integral-a-estudiantes-de-primaria","status":"publish","type":"post","link":"https:\/\/pornuestrolaredo.com\/?p=3588","title":{"rendered":"Brindar\u00e1 Gobierno Municipal clases de apoyo integral a estudiantes de primaria"},"content":{"rendered":"<p><strong><em>NUEVO LAREDO.-<<\/em>\/strong> Con la finalidad de combatir el rezago educativo, el Gobierno Municipal a trav\u00e9s de la Secretar\u00eda de Educaci\u00f3n, Cultura y Deporte, brindar\u00e1 clases de apoyo a los estudiantes de nivel primaria.<\/p>\n<p>Los alumnos tambi\u00e9n recibir\u00e1n apoyo psicol\u00f3gico para erradicar los problemas emocionales que impidan el avance acad\u00e9mico del menor, as\u00ed como clases de lectoescritura y matem\u00e1ticas para mejorar el rendimiento escolar.<\/p>\n<p>Los cursos ser\u00e1n del 29 de enero al 5 de julio con dos turnos, el matutino de 8:00 AM a 12:00 PM y vespertino de 2:00 PM a 6:00 PM.<\/p>\n<p>Las inscripciones estar\u00e1n abiertas del 15 al 25 de enero y como requisitos se solicita la siguiente documentaci\u00f3n en copia: acta de nacimiento del menor, CURP, calificaciones del \u00faltimo grado en curso, comprobante de domicilio y credencial de elector del padre, madre o tutor.<\/p>\n<p>Por otro lado, la documentaci\u00f3n deber\u00e1 ser entregada en la sede en la que el menor tomar\u00e1 el curso.<\/p>\n<p>Para el turno matutino en las siguientes primarias: Rita del Valle en la Blanca Navidad, Guadalupe Victoria en Uni\u00f3n del Recuerdo, Revoluci\u00f3n en la Hidalgo, Juan B. Tijerina en la Zaragoza, Antonio E. V\u00e9lez Castro en la Guerreros del Sol y Fundadores de Nuevo Laredo en la Infonavit.<\/p>\n<p>Para el turno vespertino en los siguientes espacios p\u00fablicos: <\/p>\n<p>Centro Integral  Comunitario UNE San Mauricio ubicada en la colonia San Mauricio, Centro Comunitario Campo Real en la Benito Ju\u00e1rez, Centro Comunitario Nueva Victoria en la Nueva Victoria, Centro Integral Comunitario UNE Solidaridad en la Solidaridad, Casa de la Cultura en la colonia Palmares, Centro Comunitario de la colonia Villas de San Miguel, Biblioteca Rub\u00e9n Miranda de la Viveros y Biblioteca Octavio Paz en la Concordia.<\/p>\n","protected":false},"excerpt":{"rendered":"<p>Tambi\u00e9n recibir\u00e1n apoyo psicol\u00f3gico para erradicar los problemas emocionales que impidan el avance acad\u00e9mico del menor, as\u00ed como clases de lectoescritura y matem\u00e1ticas para mejorar el rendimiento escolar<\/p>\n","protected":false},"author":1,"featured_media":3589,"comment_status":"closed","ping_status":"closed","sticky":false,"template":"","format":"standard","meta":{"_crdt_document":"","_jetpack_memberships_contains_paid_content":false,"footnotes":"","jetpack_publicize_message":"","jetpack_publicize_feature_enabled":true,"jetpack_social_post_already_shared":true,"jetpack_social_options":{"image_generator_settings":{"template":"highway","default_image_id":0,"font":"","enabled":false},"version":2},"_wpas_customize_per_network":false},"categories":[4],"tags":[],"class_list":["post-3588","post","type-post","status-publish","format-standard","has-post-thumbnail","hentry","category-los-dos-laredos"],"magazineBlocksPostFeaturedMedia":{"thumbnail":"https:\/\/pornuestrolaredo.com\/wp-content\/uploads\/2023\/12\/PNL-20231229-5-150x150.jpg","medium":"https:\/\/pornuestrolaredo.com\/wp-content\/uploads\/2023\/12\/PNL-20231229-5-300x200.jpg","medium_large":"https:\/\/pornuestrolaredo.com\/wp-content\/uploads\/2023\/12\/PNL-20231229-5-768x512.jpg","large":"https:\/\/pornuestrolaredo.com\/wp-content\/uploads\/2023\/12\/PNL-20231229-5.jpg","1536x1536":"https:\/\/pornuestrolaredo.com\/wp-content\/uploads\/2023\/12\/PNL-20231229-5.jpg","2048x2048":"https:\/\/pornuestrolaredo.com\/wp-content\/uploads\/2023\/12\/PNL-20231229-5.jpg","morenews-large":"https:\/\/pornuestrolaredo.com\/wp-content\/uploads\/2023\/12\/PNL-20231229-5.jpg","morenews-medium":"https:\/\/pornuestrolaredo.com\/wp-content\/uploads\/2023\/12\/PNL-20231229-5.jpg"},"magazineBlocksPostAuthor":{"name":"Redactor","avatar":"https:\/\/pornuestrolaredo.com\/wp-content\/litespeed\/avatar\/dca1d7ec750c399f025f23b0b314f4cf.jpg?ver=1777612120"},"magazineBlocksPostCommentsNumber":false,"magazineBlocksPostExcerpt":"Tambi\u00e9n recibir\u00e1n apoyo psicol\u00f3gico para erradicar los problemas emocionales que impidan el avance acad\u00e9mico del menor, as\u00ed como clases de lectoescritura y matem\u00e1ticas para mejorar el rendimiento escolar","magazineBlocksPostCategories":["Los dos Laredos"],"magazineBlocksPostViewCount":125,"magazineBlocksPostReadTime":2,"magazine_blocks_featured_image_url":{"full":["https:\/\/pornuestrolaredo.com\/wp-content\/uploads\/2023\/12\/PNL-20231229-5.jpg",850,567,false],"medium":["https:\/\/pornuestrolaredo.com\/wp-content\/uploads\/2023\/12\/PNL-20231229-5-300x200.jpg",300,200,true],"thumbnail":["https:\/\/pornuestrolaredo.com\/wp-content\/uploads\/2023\/12\/PNL-20231229-5-150x150.jpg",150,150,true]},"magazine_blocks_author":{"display_name":"Redactor","author_link":"https:\/\/pornuestrolaredo.com\/?author=1"},"magazine_blocks_comment":0,"magazine_blocks_author_image":"https:\/\/pornuestrolaredo.com\/wp-content\/litespeed\/avatar\/dca1d7ec750c399f025f23b0b314f4cf.jpg?ver=1777612120","magazine_blocks_category":"<a href=\"#\" class=\"category-link category-link-4\">Los dos Laredos<\/a>","jetpack_publicize_connections":[],"featured_image_urls":{"full":["https:\/\/pornuestrolaredo.com\/wp-content\/uploads\/2023\/12\/PNL-20231229-5.jpg",850,567,false],"thumbnail":["https:\/\/pornuestrolaredo.com\/wp-content\/uploads\/2023\/12\/PNL-20231229-5-150x150.jpg",150,150,true],"medium":["https:\/\/pornuestrolaredo.com\/wp-content\/uploads\/2023\/12\/PNL-20231229-5-300x200.jpg",300,200,true],"medium_large":["https:\/\/pornuestrolaredo.com\/wp-content\/uploads\/2023\/12\/PNL-20231229-5-768x512.jpg",640,427,true],"large":["https:\/\/pornuestrolaredo.com\/wp-content\/uploads\/2023\/12\/PNL-20231229-5.jpg",640,427,false],"1536x1536":["https:\/\/pornuestrolaredo.com\/wp-content\/uploads\/2023\/12\/PNL-20231229-5.jpg",850,567,false],"2048x2048":["https:\/\/pornuestrolaredo.com\/wp-content\/uploads\/2023\/12\/PNL-20231229-5.jpg",850,567,false],"morenews-large":["https:\/\/pornuestrolaredo.com\/wp-content\/uploads\/2023\/12\/PNL-20231229-5.jpg",825,550,false],"morenews-medium":["https:\/\/pornuestrolaredo.com\/wp-content\/uploads\/2023\/12\/PNL-20231229-5.jpg",590,394,false]},"author_info":{"info":["Redactor"]},"category_info":"<a href=\"https:\/\/pornuestrolaredo.com\/?cat=4\" rel=\"category\">Los dos Laredos<\/a>","tag_info":"Los dos Laredos","comment_count":"0","jetpack_featured_media_url":"https:\/\/pornuestrolaredo.com\/wp-content\/uploads\/2023\/12\/PNL-20231229-5.jpg","jetpack_sharing_enabled":true,"_links":{"self":[{"href":"https:\/\/pornuestrolaredo.com\/index.php?rest_route=\/wp\/v2\/posts\/3588","targetHints":{"allow":["GET"]}}],"collection":[{"href":"https:\/\/pornuestrolaredo.com\/index.php?rest_route=\/wp\/v2\/posts"}],"about":[{"href":"https:\/\/pornuestrolaredo.com\/index.php?rest_route=\/wp\/v2\/types\/post"}],"author":[{"embeddable":true,"href":"https:\/\/pornuestrolaredo.com\/index.php?rest_route=\/wp\/v2\/users\/1"}],"replies":[{"embeddable":true,"href":"https:\/\/pornuestrolaredo.com\/index.php?rest_route=%2Fwp%2Fv2%2Fcomments&post=3588"}],"version-history":[{"count":1,"href":"https:\/\/pornuestrolaredo.com\/index.php?rest_route=\/wp\/v2\/posts\/3588\/revisions"}],"predecessor-version":[{"id":3590,"href":"https:\/\/pornuestrolaredo.com\/index.php?rest_route=\/wp\/v2\/posts\/3588\/revisions\/3590"}],"wp:featuredmedia":[{"embeddable":true,"href":"https:\/\/pornuestrolaredo.com\/index.php?rest_route=\/wp\/v2\/media\/3589"}],"wp:attachment":[{"href":"https:\/\/pornuestrolaredo.com\/index.php?rest_route=%2Fwp%2Fv2%2Fmedia&parent=3588"}],"wp:term":[{"taxonomy":"category","embeddable":true,"href":"https:\/\/pornuestrolaredo.com\/index.php?rest_route=%2Fwp%2Fv2%2Fcategories&post=3588"},{"taxonomy":"post_tag","embeddable":true,"href":"https:\/\/pornuestrolaredo.com\/index.php?rest_route=%2Fwp%2Fv2%2Ftags&post=3588"}],"curies":[{"name":"wp","href":"https:\/\/api.w.org\/{rel}","templated":true}]}}