{"id":359,"date":"2022-09-21T00:24:21","date_gmt":"2022-09-21T00:24:21","guid":{"rendered":"https:\/\/pornuestrolaredo.com\/?p=359"},"modified":"2022-09-21T00:24:21","modified_gmt":"2022-09-21T00:24:21","slug":"azota-huracan-fiona-islas-del-caribe%ef%bf%bc","status":"publish","type":"post","link":"https:\/\/pornuestrolaredo.com\/?p=359","title":{"rendered":"Azota hurac\u00e1n Fiona islas del Caribe\ufffc"},"content":{"rendered":"\n<p class=\"wp-block-paragraph\"><strong><em>SAN JUAN, Puerto Rico.- <\/em><\/strong>El hurac\u00e1n Fiona azot\u00f3 el peque\u00f1o territorio brit\u00e1nico de Islas Turcas y Caicos con una fuerza de categor\u00eda 3 el martes por la ma\u00f1ana, despu\u00e9s de devastar Puerto Rico.<\/p>\n\n\n\n<p class=\"wp-block-paragraph\">Los vientos huracanados y las lluvias torrenciales azotaban la Isla Gran Turca, la capital del territorio caribe\u00f1o, despu\u00e9s de que el gobierno se vio obligado a imponer un toque de queda y pidi\u00f3 a la gente que\nhuyera de las zonas propensas a inundaciones.<\/p>\n\n\n\n<p class=\"wp-block-paragraph\">El martes por la ma\u00f1ana, el ojo de Fiona se encontraba a 65 kil\u00f3metros (40 millas) al norte-noroeste de Gran Turca, con vientos huracanados que se extend\u00edan por hasta 45 kil\u00f3metros (30 millas) del v\u00f3rtice.<\/p>\n\n\n\n<p class=\"wp-block-paragraph\">Sus vientos m\u00e1ximos sostenidos eran de 185 kil\u00f3metros por hora (115 millas por hora) y se desplazaba hacia el norte-noroeste a 15 km\/h (9 mph), de acuerdo con el Centro Nacional de Huracanes de Estados Unidos, que dijo que es probable que el meteoro se fortalezca a\u00fan m\u00e1s hasta convertirse en un hurac\u00e1n de categor\u00eda 4 el viernes, a medida que se acerca a las Bermudas.\nSin embargo, se pronostic\u00f3 que se debilitar\u00e1 antes de llegar al extremo oriental de Canad\u00e1 durante el fin de semana.<\/p>\n\n\n\n<blockquote class=\"wp-block-quote is-layout-flow wp-block-quote-is-layout-flow\"><p>Las tormentas son impredecibles\u201d, afirm\u00f3 el primer ministro de Turcas y Caicos, Washington Misick, en un comunicado desde Londres, donde asisti\u00f3 al funeral de la reina Isabel II. \u201cPor lo tanto, deben tomar todas las precauciones para garantizar su seguridad\u201d. Misick ten\u00eda previsto regresar el jueves.<\/p><\/blockquote>\n\n\n\n<p class=\"wp-block-paragraph\">La tormenta segu\u00eda dejando lluvias abundantes el martes sobre Rep\u00fablica Dominicana y Puerto Rico, donde un hombre de 58 a\u00f1os muri\u00f3 tras verse arrastrado por un r\u00edo en la localidad central de monta\u00f1a de Comer\u00edo, seg\u00fan la polic\u00eda.<\/p>\n\n\n\n<p class=\"wp-block-paragraph\">Se report\u00f3 otra muerte, asociada a un apag\u00f3n causado por el meteoro. Un hombre de 70 a\u00f1os muri\u00f3 quemado cuando intentaba llenar el generador de gasolina mientras estaba en marcha, seg\u00fan las autoridades.<\/p>\n\n\n\n<p class=\"wp-block-paragraph\">Partes de la isla hab\u00edan recibido m\u00e1s de 64 cent\u00edmetros (25 pulgadas) de lluvia y segu\u00eda cayendo m\u00e1s el martes.<\/p>\n\n\n\n<p class=\"wp-block-paragraph\">El general de brigada de la Guardia Nacional Narciso Cruz describi\u00f3 la inundaci\u00f3n resultante como hist\u00f3rica. Dijo que hubo comunidades que se inundaron con la tormenta que no se inundaron con el hurac\u00e1n Mar\u00eda, que en 2017 caus\u00f3 casi 3 mil muertes.<\/p>\n\n\n\n<p class=\"wp-block-paragraph\">Cruz dijo que 670 personas fueron rescatadas en Puerto Rico, entre ellas 19 personas en una casa de ancianos en el pueblo de Cayey, en las monta\u00f1as del norte, que estaba en peligro de derrumbarse.<\/p>\n\n\n\n<p class=\"wp-block-paragraph\">Algunas personas fueron rescatadas mediante kayaks y botes. Incluso varias tuvieron que acomodarse dentro de la enorme pala de una excavadora para poder ser llevados a una zona m\u00e1s alta.<\/p>\n\n\n\n<p class=\"wp-block-paragraph\">Cruz lament\u00f3 que algunas personas se negaran a salir de sus casas, pero agreg\u00f3 que los entend\u00eda.<\/p>\n\n\n\n<p class=\"wp-block-paragraph\">El impacto de Fiona fue m\u00e1s devastador para Puerto Rico debido a que a\u00fan no se ha recuperado del paso del hurac\u00e1n Mar\u00eda, que tambi\u00e9n destruy\u00f3 la red el\u00e9ctrica. Cinco a\u00f1os despu\u00e9s, m\u00e1s de 3 mil hogares de la isla\nsiguen teniendo lonas azules como techo.<\/p>\n\n\n\n<p class=\"wp-block-paragraph\">Las autoridades dijeron el lunes que al menos 2 mil 300 personas y unas 250 mascotas segu\u00edan en refugios en diferentes lugares de la isla.<\/p>\n\n\n\n<p class=\"wp-block-paragraph\">Fiona cort\u00f3 el suministro el\u00e9ctrico al golpear el domingo el extremo suroeste de Puerto Rico, en el aniversario del hurac\u00e1n Hugo, que lleg\u00f3 a la isla en 1989 como tormenta de categor\u00eda 3.<\/p>\n\n\n\n<p class=\"wp-block-paragraph\">Para el martes por la ma\u00f1ana, las autoridades dijeron haber\nrestaurado el suministro a m\u00e1s de 286 mil usuarios, en una isla con 1.47\nmillones de clientes de la red.<\/p>\n\n\n\n<p class=\"wp-block-paragraph\">El gobernador de Puerto Rico, Pedro Pierluisi, advirti\u00f3 que podr\u00edan pasar varios d\u00edas antes de que todo el mundo tuviera electricidad.\n\nM\u00e1s de 837 mil clientes, dos terceras partes del total de la isla, se quedaron sin agua corriente debido a aguas turbias en las plantas de filtraci\u00f3n o por la falta de luz, afirmaron funcionarios.\n\n\n\n<\/p>\n","protected":false},"excerpt":{"rendered":"<p>SAN JUAN, Puerto Rico.- El hurac\u00e1n Fiona azot\u00f3 el peque\u00f1o territorio brit\u00e1nico de Islas Turcas y Caicos con<\/p>\n","protected":false},"author":1,"featured_media":360,"comment_status":"open","ping_status":"open","sticky":false,"template":"","format":"standard","meta":{"_crdt_document":"","_jetpack_memberships_contains_paid_content":false,"footnotes":"","jetpack_publicize_message":"El meteoro, de categor\u00eda 3, ya hab\u00eda golpeado con fuerza a Puerto Rico y Rep\u00fablica Dominicana","jetpack_publicize_feature_enabled":true,"jetpack_social_post_already_shared":true,"jetpack_social_options":{"image_generator_settings":{"template":"highway","default_image_id":0,"font":"","enabled":false},"version":2},"_wpas_customize_per_network":false},"categories":[9],"tags":[],"class_list":["post-359","post","type-post","status-publish","format-standard","has-post-thumbnail","hentry","category-el-mundo"],"magazineBlocksPostFeaturedMedia":{"thumbnail":"https:\/\/pornuestrolaredo.com\/wp-content\/uploads\/2022\/09\/Huracan-150x150.jpeg","medium":"https:\/\/pornuestrolaredo.com\/wp-content\/uploads\/2022\/09\/Huracan-300x200.jpeg","medium_large":"https:\/\/pornuestrolaredo.com\/wp-content\/uploads\/2022\/09\/Huracan-768x511.jpeg","large":"https:\/\/pornuestrolaredo.com\/wp-content\/uploads\/2022\/09\/Huracan.jpeg","1536x1536":"https:\/\/pornuestrolaredo.com\/wp-content\/uploads\/2022\/09\/Huracan.jpeg","2048x2048":"https:\/\/pornuestrolaredo.com\/wp-content\/uploads\/2022\/09\/Huracan.jpeg","morenews-large":"https:\/\/pornuestrolaredo.com\/wp-content\/uploads\/2022\/09\/Huracan.jpeg","morenews-medium":"https:\/\/pornuestrolaredo.com\/wp-content\/uploads\/2022\/09\/Huracan.jpeg"},"magazineBlocksPostAuthor":{"name":"Redactor","avatar":"https:\/\/pornuestrolaredo.com\/wp-content\/litespeed\/avatar\/dca1d7ec750c399f025f23b0b314f4cf.jpg?ver=1777612120"},"magazineBlocksPostCommentsNumber":false,"magazineBlocksPostExcerpt":"SAN JUAN, Puerto Rico.- El hurac\u00e1n Fiona azot\u00f3 el peque\u00f1o territorio brit\u00e1nico de Islas Turcas y Caicos con","magazineBlocksPostCategories":["El Mundo"],"magazineBlocksPostViewCount":148,"magazineBlocksPostReadTime":4,"magazine_blocks_featured_image_url":{"full":["https:\/\/pornuestrolaredo.com\/wp-content\/uploads\/2022\/09\/Huracan.jpeg",1000,666,false],"medium":["https:\/\/pornuestrolaredo.com\/wp-content\/uploads\/2022\/09\/Huracan-300x200.jpeg",300,200,true],"thumbnail":["https:\/\/pornuestrolaredo.com\/wp-content\/uploads\/2022\/09\/Huracan-150x150.jpeg",150,150,true]},"magazine_blocks_author":{"display_name":"Redactor","author_link":"https:\/\/pornuestrolaredo.com\/?author=1"},"magazine_blocks_comment":0,"magazine_blocks_author_image":"https:\/\/pornuestrolaredo.com\/wp-content\/litespeed\/avatar\/dca1d7ec750c399f025f23b0b314f4cf.jpg?ver=1777612120","magazine_blocks_category":"<a href=\"#\" class=\"category-link category-link-9\">El Mundo<\/a>","jetpack_publicize_connections":[],"featured_image_urls":{"full":["https:\/\/pornuestrolaredo.com\/wp-content\/uploads\/2022\/09\/Huracan.jpeg",1000,666,false],"thumbnail":["https:\/\/pornuestrolaredo.com\/wp-content\/uploads\/2022\/09\/Huracan-150x150.jpeg",150,150,true],"medium":["https:\/\/pornuestrolaredo.com\/wp-content\/uploads\/2022\/09\/Huracan-300x200.jpeg",300,200,true],"medium_large":["https:\/\/pornuestrolaredo.com\/wp-content\/uploads\/2022\/09\/Huracan-768x511.jpeg",640,426,true],"large":["https:\/\/pornuestrolaredo.com\/wp-content\/uploads\/2022\/09\/Huracan.jpeg",640,426,false],"1536x1536":["https:\/\/pornuestrolaredo.com\/wp-content\/uploads\/2022\/09\/Huracan.jpeg",1000,666,false],"2048x2048":["https:\/\/pornuestrolaredo.com\/wp-content\/uploads\/2022\/09\/Huracan.jpeg",1000,666,false],"morenews-large":["https:\/\/pornuestrolaredo.com\/wp-content\/uploads\/2022\/09\/Huracan.jpeg",825,549,false],"morenews-medium":["https:\/\/pornuestrolaredo.com\/wp-content\/uploads\/2022\/09\/Huracan.jpeg",590,393,false]},"author_info":{"info":["Redactor"]},"category_info":"<a href=\"https:\/\/pornuestrolaredo.com\/?cat=9\" rel=\"category\">El Mundo<\/a>","tag_info":"El Mundo","comment_count":"0","jetpack_featured_media_url":"https:\/\/pornuestrolaredo.com\/wp-content\/uploads\/2022\/09\/Huracan.jpeg","jetpack_sharing_enabled":true,"_links":{"self":[{"href":"https:\/\/pornuestrolaredo.com\/index.php?rest_route=\/wp\/v2\/posts\/359","targetHints":{"allow":["GET"]}}],"collection":[{"href":"https:\/\/pornuestrolaredo.com\/index.php?rest_route=\/wp\/v2\/posts"}],"about":[{"href":"https:\/\/pornuestrolaredo.com\/index.php?rest_route=\/wp\/v2\/types\/post"}],"author":[{"embeddable":true,"href":"https:\/\/pornuestrolaredo.com\/index.php?rest_route=\/wp\/v2\/users\/1"}],"replies":[{"embeddable":true,"href":"https:\/\/pornuestrolaredo.com\/index.php?rest_route=%2Fwp%2Fv2%2Fcomments&post=359"}],"version-history":[{"count":1,"href":"https:\/\/pornuestrolaredo.com\/index.php?rest_route=\/wp\/v2\/posts\/359\/revisions"}],"predecessor-version":[{"id":361,"href":"https:\/\/pornuestrolaredo.com\/index.php?rest_route=\/wp\/v2\/posts\/359\/revisions\/361"}],"wp:featuredmedia":[{"embeddable":true,"href":"https:\/\/pornuestrolaredo.com\/index.php?rest_route=\/wp\/v2\/media\/360"}],"wp:attachment":[{"href":"https:\/\/pornuestrolaredo.com\/index.php?rest_route=%2Fwp%2Fv2%2Fmedia&parent=359"}],"wp:term":[{"taxonomy":"category","embeddable":true,"href":"https:\/\/pornuestrolaredo.com\/index.php?rest_route=%2Fwp%2Fv2%2Fcategories&post=359"},{"taxonomy":"post_tag","embeddable":true,"href":"https:\/\/pornuestrolaredo.com\/index.php?rest_route=%2Fwp%2Fv2%2Ftags&post=359"}],"curies":[{"name":"wp","href":"https:\/\/api.w.org\/{rel}","templated":true}]}}