{"id":3600,"date":"2023-12-31T06:41:26","date_gmt":"2023-12-31T06:41:26","guid":{"rendered":"https:\/\/pornuestrolaredo.com\/?p=3600"},"modified":"2023-12-31T06:41:26","modified_gmt":"2023-12-31T06:41:26","slug":"se-inunda-eurotunel-y-lo-cierran-miles-quedan-varados","status":"publish","type":"post","link":"https:\/\/pornuestrolaredo.com\/?p=3600","title":{"rendered":"Se inunda eurot\u00fanel y lo cierran; miles quedan varados"},"content":{"rendered":"<p><strong><em>LONDRES.-<\/em><\/strong> Las autoridades cancelaron el s\u00e1bado los servicios de Eurostar hacia y desde Londres despu\u00e9s que un t\u00fanel bajo el r\u00edo T\u00e1mesis se inund\u00f3 debido a las fuertes lluvias, interrumpiendo los planes de viaje festivos.<\/p>\n<p>Cientos de viajeros que intentaban cruzar el Canal de la Mancha quedaron varados en la estaci\u00f3n internacional St. Pancras de Londres y en la estaci\u00f3n Gare du Nord de Par\u00eds. Eurostar, que opera servicios de Londres a Par\u00eds, Bruselas y Amsterdam, inform\u00f3 que cancel\u00f3 al menos 29 viajes el s\u00e1bado y no habr\u00e1 servicio de trenes de alta velocidad durante el resto del d\u00eda debido a las inundaciones.<\/p>\n<p>Los ingenieros que trabajan en el t\u00fanel dijeron que los niveles de agua se estaban reduciendo. El volumen de agua en el t\u00fanel era \u201csin precedentes\u201d, se\u00f1alaron.<\/p>\n<p>El Reino Unido se ha visto azotado por fuertes vientos y lluvias provocados por la tormenta Gerrit durante todo el per\u00edodo festivo. Se esperan m\u00e1s tormentas e interrupciones en los viajes durante el \u00faltimo fin de semana del a\u00f1o.<\/p>\n<p>Chris Dillashaw, de San Antonio, Texas, fue uno de muchos cuyos planes para la v\u00edspera de A\u00f1o Nuevo se vieron arruinados por el caos de los viajes.<\/p>\n<blockquote><p>Toda nuestra familia est\u00e1 aqu\u00ed. &#8230; Est\u00e1bamos celebrando la Navidad en Par\u00eds y luego nos dirig\u00edamos a Londres para nuestros planes de A\u00f1o Nuevo\u201d, dijo a The Associated Press mientras esperaba en la Gare du Nord. \u201cEs muy decepcionante saber qu\u00e9 pas\u00f3 v\u00eda email\u201d.<\/p><\/blockquote>\n<p>Christina David, de 25 a\u00f1os, y Georgina Benyamin, de 26, de Sydney, dijeron que no tienen d\u00f3nde quedarse despu\u00e9s de enterarse que su tren de Londres a Par\u00eds, su \u00faltima parada en una gira europea de una semana de duraci\u00f3n, fue cancelado.<\/p>\n<blockquote><p>Pagamos por un hotel caro con vista a la Torre Eiffel\u201d, dijo Benyamin. \u201cAhora tenemos que reservar un hotel para pasar la noche aqu\u00ed. No sabemos ad\u00f3nde ir; no tenemos d\u00f3nde quedarnos\u201d.<\/p><\/blockquote>\n<p>Eurostar dijo que \u201clamentaba much\u00edsimo los problemas imprevistos que afectaron a nuestros clientes y servicios\u201d.<\/p>\n<blockquote><p>Entendemos que este es un momento vital para llegar a casa al final de la temporada festiva y antes del A\u00f1o Nuevo\u201d, afirm\u00f3 la compa\u00f1\u00eda.<\/p><\/blockquote>\n<p>Los servicios de Eurostar tambi\u00e9n se vieron interrumpidos justo antes de Navidad debido a una huelga del personal del Eurot\u00fanel.<\/p>\n","protected":false},"excerpt":{"rendered":"<p>El Eurostar conecta entre Londres y Par\u00eds y pasa por debajo del r\u00edo T\u00e1mesis<\/p>\n","protected":false},"author":1,"featured_media":3601,"comment_status":"closed","ping_status":"closed","sticky":false,"template":"","format":"standard","meta":{"_crdt_document":"","_jetpack_memberships_contains_paid_content":false,"footnotes":"","jetpack_publicize_message":"","jetpack_publicize_feature_enabled":true,"jetpack_social_post_already_shared":true,"jetpack_social_options":{"image_generator_settings":{"template":"highway","default_image_id":0,"font":"","enabled":false},"version":2},"_wpas_customize_per_network":false},"categories":[9],"tags":[],"class_list":["post-3600","post","type-post","status-publish","format-standard","has-post-thumbnail","hentry","category-el-mundo"],"magazineBlocksPostFeaturedMedia":{"thumbnail":"https:\/\/pornuestrolaredo.com\/wp-content\/uploads\/2023\/12\/Stereo91-20231230-3-150x150.jpg","medium":"https:\/\/pornuestrolaredo.com\/wp-content\/uploads\/2023\/12\/Stereo91-20231230-3-300x200.jpg","medium_large":"https:\/\/pornuestrolaredo.com\/wp-content\/uploads\/2023\/12\/Stereo91-20231230-3-768x512.jpg","large":"https:\/\/pornuestrolaredo.com\/wp-content\/uploads\/2023\/12\/Stereo91-20231230-3.jpg","1536x1536":"https:\/\/pornuestrolaredo.com\/wp-content\/uploads\/2023\/12\/Stereo91-20231230-3.jpg","2048x2048":"https:\/\/pornuestrolaredo.com\/wp-content\/uploads\/2023\/12\/Stereo91-20231230-3.jpg","morenews-large":"https:\/\/pornuestrolaredo.com\/wp-content\/uploads\/2023\/12\/Stereo91-20231230-3.jpg","morenews-medium":"https:\/\/pornuestrolaredo.com\/wp-content\/uploads\/2023\/12\/Stereo91-20231230-3.jpg"},"magazineBlocksPostAuthor":{"name":"Redactor","avatar":"https:\/\/pornuestrolaredo.com\/wp-content\/litespeed\/avatar\/dca1d7ec750c399f025f23b0b314f4cf.jpg?ver=1777612120"},"magazineBlocksPostCommentsNumber":false,"magazineBlocksPostExcerpt":"El Eurostar conecta entre Londres y Par\u00eds y pasa por debajo del r\u00edo T\u00e1mesis","magazineBlocksPostCategories":["El Mundo"],"magazineBlocksPostViewCount":142,"magazineBlocksPostReadTime":3,"magazine_blocks_featured_image_url":{"full":["https:\/\/pornuestrolaredo.com\/wp-content\/uploads\/2023\/12\/Stereo91-20231230-3.jpg",980,653,false],"medium":["https:\/\/pornuestrolaredo.com\/wp-content\/uploads\/2023\/12\/Stereo91-20231230-3-300x200.jpg",300,200,true],"thumbnail":["https:\/\/pornuestrolaredo.com\/wp-content\/uploads\/2023\/12\/Stereo91-20231230-3-150x150.jpg",150,150,true]},"magazine_blocks_author":{"display_name":"Redactor","author_link":"https:\/\/pornuestrolaredo.com\/?author=1"},"magazine_blocks_comment":0,"magazine_blocks_author_image":"https:\/\/pornuestrolaredo.com\/wp-content\/litespeed\/avatar\/dca1d7ec750c399f025f23b0b314f4cf.jpg?ver=1777612120","magazine_blocks_category":"<a href=\"#\" class=\"category-link category-link-9\">El Mundo<\/a>","jetpack_publicize_connections":[],"featured_image_urls":{"full":["https:\/\/pornuestrolaredo.com\/wp-content\/uploads\/2023\/12\/Stereo91-20231230-3.jpg",980,653,false],"thumbnail":["https:\/\/pornuestrolaredo.com\/wp-content\/uploads\/2023\/12\/Stereo91-20231230-3-150x150.jpg",150,150,true],"medium":["https:\/\/pornuestrolaredo.com\/wp-content\/uploads\/2023\/12\/Stereo91-20231230-3-300x200.jpg",300,200,true],"medium_large":["https:\/\/pornuestrolaredo.com\/wp-content\/uploads\/2023\/12\/Stereo91-20231230-3-768x512.jpg",640,427,true],"large":["https:\/\/pornuestrolaredo.com\/wp-content\/uploads\/2023\/12\/Stereo91-20231230-3.jpg",640,426,false],"1536x1536":["https:\/\/pornuestrolaredo.com\/wp-content\/uploads\/2023\/12\/Stereo91-20231230-3.jpg",980,653,false],"2048x2048":["https:\/\/pornuestrolaredo.com\/wp-content\/uploads\/2023\/12\/Stereo91-20231230-3.jpg",980,653,false],"morenews-large":["https:\/\/pornuestrolaredo.com\/wp-content\/uploads\/2023\/12\/Stereo91-20231230-3.jpg",825,550,false],"morenews-medium":["https:\/\/pornuestrolaredo.com\/wp-content\/uploads\/2023\/12\/Stereo91-20231230-3.jpg",590,393,false]},"author_info":{"info":["Redactor"]},"category_info":"<a href=\"https:\/\/pornuestrolaredo.com\/?cat=9\" rel=\"category\">El Mundo<\/a>","tag_info":"El Mundo","comment_count":"0","jetpack_featured_media_url":"https:\/\/pornuestrolaredo.com\/wp-content\/uploads\/2023\/12\/Stereo91-20231230-3.jpg","jetpack_sharing_enabled":true,"_links":{"self":[{"href":"https:\/\/pornuestrolaredo.com\/index.php?rest_route=\/wp\/v2\/posts\/3600","targetHints":{"allow":["GET"]}}],"collection":[{"href":"https:\/\/pornuestrolaredo.com\/index.php?rest_route=\/wp\/v2\/posts"}],"about":[{"href":"https:\/\/pornuestrolaredo.com\/index.php?rest_route=\/wp\/v2\/types\/post"}],"author":[{"embeddable":true,"href":"https:\/\/pornuestrolaredo.com\/index.php?rest_route=\/wp\/v2\/users\/1"}],"replies":[{"embeddable":true,"href":"https:\/\/pornuestrolaredo.com\/index.php?rest_route=%2Fwp%2Fv2%2Fcomments&post=3600"}],"version-history":[{"count":1,"href":"https:\/\/pornuestrolaredo.com\/index.php?rest_route=\/wp\/v2\/posts\/3600\/revisions"}],"predecessor-version":[{"id":3602,"href":"https:\/\/pornuestrolaredo.com\/index.php?rest_route=\/wp\/v2\/posts\/3600\/revisions\/3602"}],"wp:featuredmedia":[{"embeddable":true,"href":"https:\/\/pornuestrolaredo.com\/index.php?rest_route=\/wp\/v2\/media\/3601"}],"wp:attachment":[{"href":"https:\/\/pornuestrolaredo.com\/index.php?rest_route=%2Fwp%2Fv2%2Fmedia&parent=3600"}],"wp:term":[{"taxonomy":"category","embeddable":true,"href":"https:\/\/pornuestrolaredo.com\/index.php?rest_route=%2Fwp%2Fv2%2Fcategories&post=3600"},{"taxonomy":"post_tag","embeddable":true,"href":"https:\/\/pornuestrolaredo.com\/index.php?rest_route=%2Fwp%2Fv2%2Ftags&post=3600"}],"curies":[{"name":"wp","href":"https:\/\/api.w.org\/{rel}","templated":true}]}}