{"id":3604,"date":"2024-01-03T05:44:19","date_gmt":"2024-01-03T05:44:19","guid":{"rendered":"https:\/\/pornuestrolaredo.com\/?p=3604"},"modified":"2024-01-03T05:44:19","modified_gmt":"2024-01-03T05:44:19","slug":"chocan-aviones-en-aeropuerto-de-tokio","status":"publish","type":"post","link":"https:\/\/pornuestrolaredo.com\/?p=3604","title":{"rendered":"Chocan aviones en aeropuerto de Tokio"},"content":{"rendered":"<p><strong><em>TOKIO.-<\/em><\/strong> Un avi\u00f3n de pasajeros choc\u00f3 el martes contra una aeronave del servicio de guardacostas japon\u00e9s y se incendi\u00f3 en la pista del aeropuerto Haneda de Tokio, dejando cinco muertos, informaron funcionarios.<\/p>\n<p>Todas las 379 personas del vuelo JAL-516 de Japan Airlines, salieron ilesos antes de que el avi\u00f3n fuera devorado completamente por las llamas, inform\u00f3 el ministro de Transporte, Tetsuo Saito. La Guardia Costera de Jap\u00f3n dijo que su piloto logr\u00f3 escapar, pero cinco tripulantes fallecieron.<\/p>\n<p>En tomas de video de la televisi\u00f3n local fue posible ver c\u00f3mo le sal\u00eda fuego y humo de un costado al avi\u00f3n de Japan Airlines mientras se desplazaba por una pista. Luego se incendi\u00f3 el \u00e1rea alrededor del ala. Una hora despu\u00e9s, las tomas mostraban el fuselaje totalmente en llamas.<\/p>\n<p>NHK indic\u00f3 que el avi\u00f3n era un Airbus A-350 que vol\u00f3 desde el aeropuerto Shin Chitose, cerca de la ciudad de Sapporo, a Haneda.<\/p>\n<p>En tomas posteriores se ve\u00eda a los bomberos trabajando para apagar el fuego, que devoraba gran parte del avi\u00f3n. Las llamas fueron extinguidas unas seis horas despu\u00e9s.<\/p>\n<p>Yoshinori Yanagishima, portavoz de la Guardia Costera, confirm\u00f3 la colisi\u00f3n entre el jet de pasajeros y su vuelo MA-722, un Bombardier Dash-8.<\/p>\n<p>El sueco Anton Deibe, de 17 a\u00f1os, un pasajero en el avi\u00f3n del Japan Airlines, le dijo al peri\u00f3dico sueco Aftonbladet que \u201ctoda la cabina se llen\u00f3 de humo en unos minutos. Nos arrojamos al piso. Luego las puertas de emergencia fueron abiertas y nos abalanzamos hacia ellas\u201d.<\/p>\n<blockquote><p>El humo en la cabina picaba endiabladamente. Era un infierno. No ten\u00edamos idea de a d\u00f3nde \u00edbamos, as\u00ed que s\u00f3lo salimos corriendo por la pista. Era un caos\u201d, agreg\u00f3 Deibe, que viajaba con sus padres y su hermana.<\/p><\/blockquote>\n<p>Kyodo indic\u00f3 que el avi\u00f3n del servicio de guardacostas, cuya base est\u00e1 en Haneda, ten\u00eda previsto partir para la ciudad de Niigata con el fin de llevar suministros a residentes afectados por un letal terremoto que sacudi\u00f3 la regi\u00f3n el lunes y dej\u00f3 al menos 55 muertos.<\/p>\n<p>El director ejecutivo de JAL, Tadayuki Tsutsumi, dijo en una conferencia de prensa el martes por la noche que el A350 estaba realizando una \u201centrada y aterrizaje normal\u201d en la pista, sin especificar c\u00f3mo choc\u00f3 con el avi\u00f3n de la guardia costera. Noriyuki Aoki, tambi\u00e9n director ejecutivo de JAL, dijo que la aerol\u00ednea entiende que el vuelo de JAL hab\u00eda recibido permiso para aterrizar de los funcionarios de control de aviaci\u00f3n.<\/p>\n<p>Se espera que la polic\u00eda investigue el accidente bajo sospecha de negligencia profesional, inform\u00f3 la televisi\u00f3n NHK.<\/p>\n<p>El de Haneda es uno de los aeropuertos con m\u00e1s tr\u00e1nsito en Jap\u00f3n. Muchas personas viajan durante el feriado del A\u00f1o Nuevo.<\/p>\n<p>La Asociaci\u00f3n Internacional de Transporte A\u00e9reo public\u00f3 en la red social X que sus pensamientos estaban con quienes estaban a bordo de los dos aviones y dijo que \u201clos \u00faltimos dos d\u00edas han sido dif\u00edciles para Jap\u00f3n\u201d.<\/p>\n","protected":false},"excerpt":{"rendered":"<p>Reportan cinco decesos en un aparato de la Guardia Costera de Jap\u00f3n; todos los pasajeros de un vuelo Japan Airlines estaban a salvo<\/p>\n","protected":false},"author":1,"featured_media":3605,"comment_status":"closed","ping_status":"closed","sticky":false,"template":"","format":"standard","meta":{"_crdt_document":"","_jetpack_memberships_contains_paid_content":false,"footnotes":"","jetpack_publicize_message":"","jetpack_publicize_feature_enabled":true,"jetpack_social_post_already_shared":true,"jetpack_social_options":{"image_generator_settings":{"template":"highway","default_image_id":0,"font":"","enabled":false},"version":2},"_wpas_customize_per_network":false},"categories":[9],"tags":[],"class_list":["post-3604","post","type-post","status-publish","format-standard","has-post-thumbnail","hentry","category-el-mundo"],"magazineBlocksPostFeaturedMedia":{"thumbnail":"https:\/\/pornuestrolaredo.com\/wp-content\/uploads\/2024\/01\/Stereo91-20240102-3-150x150.jpg","medium":"https:\/\/pornuestrolaredo.com\/wp-content\/uploads\/2024\/01\/Stereo91-20240102-3-300x200.jpg","medium_large":"https:\/\/pornuestrolaredo.com\/wp-content\/uploads\/2024\/01\/Stereo91-20240102-3-768x512.jpg","large":"https:\/\/pornuestrolaredo.com\/wp-content\/uploads\/2024\/01\/Stereo91-20240102-3.jpg","1536x1536":"https:\/\/pornuestrolaredo.com\/wp-content\/uploads\/2024\/01\/Stereo91-20240102-3.jpg","2048x2048":"https:\/\/pornuestrolaredo.com\/wp-content\/uploads\/2024\/01\/Stereo91-20240102-3.jpg","morenews-large":"https:\/\/pornuestrolaredo.com\/wp-content\/uploads\/2024\/01\/Stereo91-20240102-3.jpg","morenews-medium":"https:\/\/pornuestrolaredo.com\/wp-content\/uploads\/2024\/01\/Stereo91-20240102-3.jpg"},"magazineBlocksPostAuthor":{"name":"Redactor","avatar":"https:\/\/pornuestrolaredo.com\/wp-content\/litespeed\/avatar\/dca1d7ec750c399f025f23b0b314f4cf.jpg?ver=1777612120"},"magazineBlocksPostCommentsNumber":false,"magazineBlocksPostExcerpt":"Reportan cinco decesos en un aparato de la Guardia Costera de Jap\u00f3n; todos los pasajeros de un vuelo Japan Airlines estaban a salvo","magazineBlocksPostCategories":["El Mundo"],"magazineBlocksPostViewCount":118,"magazineBlocksPostReadTime":3,"magazine_blocks_featured_image_url":{"full":["https:\/\/pornuestrolaredo.com\/wp-content\/uploads\/2024\/01\/Stereo91-20240102-3.jpg",980,653,false],"medium":["https:\/\/pornuestrolaredo.com\/wp-content\/uploads\/2024\/01\/Stereo91-20240102-3-300x200.jpg",300,200,true],"thumbnail":["https:\/\/pornuestrolaredo.com\/wp-content\/uploads\/2024\/01\/Stereo91-20240102-3-150x150.jpg",150,150,true]},"magazine_blocks_author":{"display_name":"Redactor","author_link":"https:\/\/pornuestrolaredo.com\/?author=1"},"magazine_blocks_comment":0,"magazine_blocks_author_image":"https:\/\/pornuestrolaredo.com\/wp-content\/litespeed\/avatar\/dca1d7ec750c399f025f23b0b314f4cf.jpg?ver=1777612120","magazine_blocks_category":"<a href=\"#\" class=\"category-link category-link-9\">El Mundo<\/a>","jetpack_publicize_connections":[],"featured_image_urls":{"full":["https:\/\/pornuestrolaredo.com\/wp-content\/uploads\/2024\/01\/Stereo91-20240102-3.jpg",980,653,false],"thumbnail":["https:\/\/pornuestrolaredo.com\/wp-content\/uploads\/2024\/01\/Stereo91-20240102-3-150x150.jpg",150,150,true],"medium":["https:\/\/pornuestrolaredo.com\/wp-content\/uploads\/2024\/01\/Stereo91-20240102-3-300x200.jpg",300,200,true],"medium_large":["https:\/\/pornuestrolaredo.com\/wp-content\/uploads\/2024\/01\/Stereo91-20240102-3-768x512.jpg",640,427,true],"large":["https:\/\/pornuestrolaredo.com\/wp-content\/uploads\/2024\/01\/Stereo91-20240102-3.jpg",640,426,false],"1536x1536":["https:\/\/pornuestrolaredo.com\/wp-content\/uploads\/2024\/01\/Stereo91-20240102-3.jpg",980,653,false],"2048x2048":["https:\/\/pornuestrolaredo.com\/wp-content\/uploads\/2024\/01\/Stereo91-20240102-3.jpg",980,653,false],"morenews-large":["https:\/\/pornuestrolaredo.com\/wp-content\/uploads\/2024\/01\/Stereo91-20240102-3.jpg",825,550,false],"morenews-medium":["https:\/\/pornuestrolaredo.com\/wp-content\/uploads\/2024\/01\/Stereo91-20240102-3.jpg",590,393,false]},"author_info":{"info":["Redactor"]},"category_info":"<a href=\"https:\/\/pornuestrolaredo.com\/?cat=9\" rel=\"category\">El Mundo<\/a>","tag_info":"El Mundo","comment_count":"0","jetpack_featured_media_url":"https:\/\/pornuestrolaredo.com\/wp-content\/uploads\/2024\/01\/Stereo91-20240102-3.jpg","jetpack_sharing_enabled":true,"_links":{"self":[{"href":"https:\/\/pornuestrolaredo.com\/index.php?rest_route=\/wp\/v2\/posts\/3604","targetHints":{"allow":["GET"]}}],"collection":[{"href":"https:\/\/pornuestrolaredo.com\/index.php?rest_route=\/wp\/v2\/posts"}],"about":[{"href":"https:\/\/pornuestrolaredo.com\/index.php?rest_route=\/wp\/v2\/types\/post"}],"author":[{"embeddable":true,"href":"https:\/\/pornuestrolaredo.com\/index.php?rest_route=\/wp\/v2\/users\/1"}],"replies":[{"embeddable":true,"href":"https:\/\/pornuestrolaredo.com\/index.php?rest_route=%2Fwp%2Fv2%2Fcomments&post=3604"}],"version-history":[{"count":1,"href":"https:\/\/pornuestrolaredo.com\/index.php?rest_route=\/wp\/v2\/posts\/3604\/revisions"}],"predecessor-version":[{"id":3606,"href":"https:\/\/pornuestrolaredo.com\/index.php?rest_route=\/wp\/v2\/posts\/3604\/revisions\/3606"}],"wp:featuredmedia":[{"embeddable":true,"href":"https:\/\/pornuestrolaredo.com\/index.php?rest_route=\/wp\/v2\/media\/3605"}],"wp:attachment":[{"href":"https:\/\/pornuestrolaredo.com\/index.php?rest_route=%2Fwp%2Fv2%2Fmedia&parent=3604"}],"wp:term":[{"taxonomy":"category","embeddable":true,"href":"https:\/\/pornuestrolaredo.com\/index.php?rest_route=%2Fwp%2Fv2%2Fcategories&post=3604"},{"taxonomy":"post_tag","embeddable":true,"href":"https:\/\/pornuestrolaredo.com\/index.php?rest_route=%2Fwp%2Fv2%2Ftags&post=3604"}],"curies":[{"name":"wp","href":"https:\/\/api.w.org\/{rel}","templated":true}]}}