{"id":3620,"date":"2024-01-06T02:18:19","date_gmt":"2024-01-06T02:18:19","guid":{"rendered":"https:\/\/pornuestrolaredo.com\/?p=3620"},"modified":"2024-01-06T02:18:19","modified_gmt":"2024-01-06T02:18:19","slug":"fallece-el-empresario-carlos-bremer","status":"publish","type":"post","link":"https:\/\/pornuestrolaredo.com\/?p=3620","title":{"rendered":"Fallece el empresario Carlos Bremer"},"content":{"rendered":"<p><strong>MONTERREY.-<\/strong> El empresario Carlos Bremer Guti\u00e9rrez, de 63 a\u00f1os, falleci\u00f3 hoy a consecuencia de complicaciones del infarto que sufri\u00f3 el martes pasado en sus oficinas de Value Grupo Financiero, informaron fuentes cercanas a su familia.<\/p>\n<p>En ese sitio, el 2 de enero, el presidente y director general de Value sufri\u00f3 un desvanecimiento tipo preinfarto y de inmediato fue llevado para su atenci\u00f3n al Hospital Zambrano Hellion.<\/p>\n<p>En un comunicado enviado a la Bolsa Mexicana de Valores, el grupo financiero report\u00f3 que el empresario se encontraba estable y en observaci\u00f3n bajo la supervisi\u00f3n y tratamiento de su cuerpo m\u00e9dico.<\/p>\n<p>Bremer, graduado en Contadur\u00eda por el Instituto Tecnol\u00f3gico de Estudios Superiores de Monterrey (ITESM), naci\u00f3 el 1 de junio de 1960 en Monterrey y se cas\u00f3 con Adriana Ibarra, con quien procre\u00f3 cuatro hijos: Adriana, Marcelo, Carlos y Pau.<\/p>\n<p>Value Grupo Financiero es una empresa 100 por ciento mexicana controladora de Value Casa de Bolsa, Value Arrendadora y Vale Factoraje El a\u00f1o pasado el empresario festej\u00f3 el 30 aniversario de Value Casa de Bolsa.<\/p>\n<p>Tambi\u00e9n era reconocido por su amistad con pol\u00edticos, expresidentes de M\u00e9xico y Estados Unidos, entre ellos Bill Clinton.<\/p>\n<p>En el 2020 acompa\u00f1\u00f3 al presidente Andr\u00e9s Manuel L\u00f3pez Obrador a una reuni\u00f3n que con el ahora expresidente de Estados Unidos Donald Trump, en Washington.<\/p>\n<p>Era reconocido por su amistad con artistas a y ayud\u00f3 a algunos de ellos, como Luis Miguel.<\/p>\n<p>Tambi\u00e9n fue un fuerte impulsor del deporte y apoy\u00f3 las carreras de varios deportistas y selecciones ol\u00edmpicas mexicanas.<\/p>\n<p>Su fuerte vocaci\u00f3n altruista lo llev\u00f3 a empujar el emprendedurismo en M\u00e9xico por lo que, en 2016, incursion\u00f3 como uno de los &#8220;tiburones&#8221; del elenco del programa televisivo Shark Tank M\u00e9xico.<\/p>\n","protected":false},"excerpt":{"rendered":"<p>El 2 de enero sufri\u00f3 un infarto en sus oficinas de Value Grupo Financiero y lo hab\u00edan reportado estable; ten\u00eda 63 a\u00f1os<\/p>\n","protected":false},"author":1,"featured_media":3621,"comment_status":"closed","ping_status":"closed","sticky":false,"template":"","format":"standard","meta":{"_crdt_document":"","_jetpack_memberships_contains_paid_content":false,"footnotes":"","jetpack_publicize_message":"","jetpack_publicize_feature_enabled":true,"jetpack_social_post_already_shared":true,"jetpack_social_options":{"image_generator_settings":{"template":"highway","default_image_id":0,"font":"","enabled":false},"version":2},"_wpas_customize_per_network":false},"categories":[33],"tags":[],"class_list":["post-3620","post","type-post","status-publish","format-standard","has-post-thumbnail","hentry","category-mexico"],"magazineBlocksPostFeaturedMedia":{"thumbnail":"https:\/\/pornuestrolaredo.com\/wp-content\/uploads\/2024\/01\/Carlos-150x150.jpg","medium":"https:\/\/pornuestrolaredo.com\/wp-content\/uploads\/2024\/01\/Carlos-300x200.jpg","medium_large":"https:\/\/pornuestrolaredo.com\/wp-content\/uploads\/2024\/01\/Carlos-768x512.jpg","large":"https:\/\/pornuestrolaredo.com\/wp-content\/uploads\/2024\/01\/Carlos.jpg","1536x1536":"https:\/\/pornuestrolaredo.com\/wp-content\/uploads\/2024\/01\/Carlos.jpg","2048x2048":"https:\/\/pornuestrolaredo.com\/wp-content\/uploads\/2024\/01\/Carlos.jpg","morenews-large":"https:\/\/pornuestrolaredo.com\/wp-content\/uploads\/2024\/01\/Carlos.jpg","morenews-medium":"https:\/\/pornuestrolaredo.com\/wp-content\/uploads\/2024\/01\/Carlos.jpg"},"magazineBlocksPostAuthor":{"name":"Redactor","avatar":"https:\/\/pornuestrolaredo.com\/wp-content\/litespeed\/avatar\/dca1d7ec750c399f025f23b0b314f4cf.jpg?ver=1777612120"},"magazineBlocksPostCommentsNumber":false,"magazineBlocksPostExcerpt":"El 2 de enero sufri\u00f3 un infarto en sus oficinas de Value Grupo Financiero y lo hab\u00edan reportado estable; ten\u00eda 63 a\u00f1os","magazineBlocksPostCategories":["Mexico"],"magazineBlocksPostViewCount":127,"magazineBlocksPostReadTime":2,"magazine_blocks_featured_image_url":{"full":["https:\/\/pornuestrolaredo.com\/wp-content\/uploads\/2024\/01\/Carlos.jpg",960,640,false],"medium":["https:\/\/pornuestrolaredo.com\/wp-content\/uploads\/2024\/01\/Carlos-300x200.jpg",300,200,true],"thumbnail":["https:\/\/pornuestrolaredo.com\/wp-content\/uploads\/2024\/01\/Carlos-150x150.jpg",150,150,true]},"magazine_blocks_author":{"display_name":"Redactor","author_link":"https:\/\/pornuestrolaredo.com\/?author=1"},"magazine_blocks_comment":0,"magazine_blocks_author_image":"https:\/\/pornuestrolaredo.com\/wp-content\/litespeed\/avatar\/dca1d7ec750c399f025f23b0b314f4cf.jpg?ver=1777612120","magazine_blocks_category":"<a href=\"#\" class=\"category-link category-link-33\">Mexico<\/a>","jetpack_publicize_connections":[],"featured_image_urls":{"full":["https:\/\/pornuestrolaredo.com\/wp-content\/uploads\/2024\/01\/Carlos.jpg",960,640,false],"thumbnail":["https:\/\/pornuestrolaredo.com\/wp-content\/uploads\/2024\/01\/Carlos-150x150.jpg",150,150,true],"medium":["https:\/\/pornuestrolaredo.com\/wp-content\/uploads\/2024\/01\/Carlos-300x200.jpg",300,200,true],"medium_large":["https:\/\/pornuestrolaredo.com\/wp-content\/uploads\/2024\/01\/Carlos-768x512.jpg",640,427,true],"large":["https:\/\/pornuestrolaredo.com\/wp-content\/uploads\/2024\/01\/Carlos.jpg",640,427,false],"1536x1536":["https:\/\/pornuestrolaredo.com\/wp-content\/uploads\/2024\/01\/Carlos.jpg",960,640,false],"2048x2048":["https:\/\/pornuestrolaredo.com\/wp-content\/uploads\/2024\/01\/Carlos.jpg",960,640,false],"morenews-large":["https:\/\/pornuestrolaredo.com\/wp-content\/uploads\/2024\/01\/Carlos.jpg",825,550,false],"morenews-medium":["https:\/\/pornuestrolaredo.com\/wp-content\/uploads\/2024\/01\/Carlos.jpg",590,393,false]},"author_info":{"info":["Redactor"]},"category_info":"<a href=\"https:\/\/pornuestrolaredo.com\/?cat=33\" rel=\"category\">Mexico<\/a>","tag_info":"Mexico","comment_count":"0","jetpack_featured_media_url":"https:\/\/pornuestrolaredo.com\/wp-content\/uploads\/2024\/01\/Carlos.jpg","jetpack_sharing_enabled":true,"_links":{"self":[{"href":"https:\/\/pornuestrolaredo.com\/index.php?rest_route=\/wp\/v2\/posts\/3620","targetHints":{"allow":["GET"]}}],"collection":[{"href":"https:\/\/pornuestrolaredo.com\/index.php?rest_route=\/wp\/v2\/posts"}],"about":[{"href":"https:\/\/pornuestrolaredo.com\/index.php?rest_route=\/wp\/v2\/types\/post"}],"author":[{"embeddable":true,"href":"https:\/\/pornuestrolaredo.com\/index.php?rest_route=\/wp\/v2\/users\/1"}],"replies":[{"embeddable":true,"href":"https:\/\/pornuestrolaredo.com\/index.php?rest_route=%2Fwp%2Fv2%2Fcomments&post=3620"}],"version-history":[{"count":1,"href":"https:\/\/pornuestrolaredo.com\/index.php?rest_route=\/wp\/v2\/posts\/3620\/revisions"}],"predecessor-version":[{"id":3622,"href":"https:\/\/pornuestrolaredo.com\/index.php?rest_route=\/wp\/v2\/posts\/3620\/revisions\/3622"}],"wp:featuredmedia":[{"embeddable":true,"href":"https:\/\/pornuestrolaredo.com\/index.php?rest_route=\/wp\/v2\/media\/3621"}],"wp:attachment":[{"href":"https:\/\/pornuestrolaredo.com\/index.php?rest_route=%2Fwp%2Fv2%2Fmedia&parent=3620"}],"wp:term":[{"taxonomy":"category","embeddable":true,"href":"https:\/\/pornuestrolaredo.com\/index.php?rest_route=%2Fwp%2Fv2%2Fcategories&post=3620"},{"taxonomy":"post_tag","embeddable":true,"href":"https:\/\/pornuestrolaredo.com\/index.php?rest_route=%2Fwp%2Fv2%2Ftags&post=3620"}],"curies":[{"name":"wp","href":"https:\/\/api.w.org\/{rel}","templated":true}]}}