{"id":3627,"date":"2024-01-09T03:05:41","date_gmt":"2024-01-09T03:05:41","guid":{"rendered":"https:\/\/pornuestrolaredo.com\/?p=3627"},"modified":"2024-01-09T03:05:41","modified_gmt":"2024-01-09T03:05:41","slug":"muere-franz-beckenbauer-astro-del-futbol","status":"publish","type":"post","link":"https:\/\/pornuestrolaredo.com\/?p=3627","title":{"rendered":"Muere Franz Beckenbauer, astro del futbol"},"content":{"rendered":"<p><strong><em>M\u00daNICH.- <\/em><\/strong>Franz Beckenbauer, la leyenda del f\u00fatbol alem\u00e1n, que llev\u00f3 a su pa\u00eds a la conquista de la Copa Mundial como jugador y t\u00e9cnico y se convirti\u00f3 en una de las personalidades m\u00e1s queridas en Alemania por su trato campechano, ha fallecido. Ten\u00eda 78 a\u00f1os de edad.<\/p>\n<p>La familia de Beckenbauer anunci\u00f3 su muerte mediante un comunicado enviado a la agencia noticiosa alemana dpa y luego la federaci\u00f3n alemana de futbol la confirm\u00f3.<\/p>\n<blockquote><p>Con profunda tristeza tenemos que anunciar que mi esposo y nuestro padre, Franz Beckenbauer, falleci\u00f3 en paz mientras dorm\u00eda ayer, domingo, rodeado por su familia\u201d, dijo la familia. \u201cLes pedimos que nos permitan guardar luto en paz y que se abstengan de hacernos preguntas\u201d.<\/p><\/blockquote>\n<p>El comunicado no mencion\u00f3 la causa del deceso. El exastro del Bayern M\u00fanich hab\u00eda padecido en a\u00f1os recientes de varios quebrantos de salud.<\/p>\n<p>Como jugador y t\u00e9cnico, Beckenbauer fue una figura transformadora del f\u00fatbol alem\u00e1n. Fue el capit\u00e1n de la selecci\u00f3n de Alemania Occidental que se proclam\u00f3 campeona como anfitriona en el Mundial de 1974. Tambi\u00e9n dirigi\u00f3 al equipo nacional que se consagr\u00f3 en el Mundial de 1990 tras derrotar a Argentina en la final \u2014 un momento simb\u00f3lico para el pa\u00eds en medio de la reunificaci\u00f3n, meses despu\u00e9s de la ca\u00edda del Muro de Berl\u00edn.<\/p>\n<p>La muerte de Beckenbauer ocurre apenas dos d\u00edas despu\u00e9s del deceso de Mario Zagallo, el brasile\u00f1o que fue el primero en ganar el Mundial como jugador y t\u00e9cnico, a los 92 a\u00f1os.<\/p>\n<p>Beckenbauer fue pieza clave para que Alemania obtuviera la sede del Mundial de 2006, aunque su legado qued\u00f3 manchado despu\u00e9s por denuncias de que la candidatura se impuso gracias a pagos de sobornos. Neg\u00f3 las acusaciones.<\/p>\n<blockquote><p>No quer\u00edamos sobornar a nadie y sobornamos a nadie\u201d, escribi\u00f3 Beckenbauer, quien estuvo a cargo del comit\u00e9 organizador del Mundial en su \u00faltima columna para el tabloide Bild en 2016.<\/p><\/blockquote>\n<p>Beckenbauer y otros tres miembros del comit\u00e9 ejecutivo quedaron se\u00f1alados ese a\u00f1o por fiscales suizos que sospechaban de un fraude en cuanto al destino verdadero de los pagos multimillonarios con la FIFA que ten\u00edan que ver con el Mundial de 2006. No fue imputado en 2019 por motivos de salud y el caso fue archivado sin un fallo al expirar el estatuto de limitaciones en 2020 debido al retraso de los tr\u00e1mites judiciales en medio de la pandemia.<\/p>\n<p>En 2014, Beckenbauer fue suspendido brevemente de toda actividad en el f\u00fatbol por la comisi\u00f3n \u00e9tica de la FIFA debido a que no cooper\u00f3 con la investigaci\u00f3n del fiscal Michael Garcia por presunta corrupci\u00f3n en las votaciones para las sedes de los mundiales de 2018 y 2022. La suspensi\u00f3n fue levantada durante la Copa del Mundo de Brasil 2014 cuando acord\u00f3 cooperar.<\/p>\n<p>Las denuncias ensuciaron la imagen p\u00fablica de Beckenbauer por primera vez. Hasta entonces, Beckenbauer era una figura intachable. Los alemanes sencillamente le adoraban.<\/p>\n<blockquote><p>Hizo todo lo que se supone que un alem\u00e1n no hace\u201d, coment\u00f3 en su momento Paul Breitner, un excompa\u00f1ero del Bayern M\u00fanich, sobre un hombre que popularmente era conocido como el \u201cKaiser\u201d.<\/p><\/blockquote>\n<blockquote><p>Se divorci\u00f3, dej\u00f3 a sus ni\u00f1os, se fue con su novia, se meti\u00f3 en problemas con los recaudadores de impuesto y volvi\u00f3 a dejar a su novia\u201d, dijo Breitner. \u201cPero se lo perdonaba todo, porque ten\u00eda un gran coraz\u00f3n, era una persona positiva y ayudaba a todos. No escond\u00eda sus debilidades, no rehu\u00eda de sus errores\u201d.<\/p><\/blockquote>\n<p>Hijo de un empleado de correos en Giesing, barrio de clase obrera en M\u00fanich, Beckenbauer emergi\u00f3 como uno de los mejores jugadores de su generaci\u00f3n dentro de una carrera que le llev\u00f3 a Estados Unidos con el Cosmos de Nueva York a fines de la d\u00e9cada de los 70 e inicios de los 80.<\/p>\n<p>Nacido el 11 de septiembre de 1945, meses despu\u00e9s de la rendici\u00f3n de Alemania en la Segunda Guerra Mundial, Beckenbauer estudi\u00f3 para ser vendedor de p\u00f3lizas de seguro pero firm\u00f3 su primer contrato profesional con el Bayern cuando ten\u00eda 18 a\u00f1os.<\/p>\n<blockquote><p>No nac\u00edas en Giesing para convertirte en una estrella del f\u00fatbol mundial. Para mi el f\u00fatbol fue una manera de escapar. En retrospectiva, puedo decir que mi vida fue tal y como la imagin\u00e9. Tuve una vida perfecta\u201d, dijo Beckenbauer a la revista Sueddeutsche en 2010.<\/p><\/blockquote>\n<p>Beckenbauer personific\u00f3 la posici\u00f3n de \u201cl\u00edbero\u201d, el zaguero todo terreno que se incorporaba al ataque, algo que ha desaparecido virtualmente del f\u00fatbol moderno y que era muy rato en su \u00e9poca.<\/p>\n<p>De gran porte y visi\u00f3n como jugador, Beckenbauer fue el emblem\u00e1tico capit\u00e1n del Bayern M\u00fanich que encaden\u00f3 tres t\u00edtulos de la Copa de Europa entre 1974 y 1976.<\/p>\n","protected":false},"excerpt":{"rendered":"<p>Se trata de una de las  personalidades m\u00e1s queridas en Alemania y ten\u00eda 78 a\u00f1os<\/p>\n","protected":false},"author":1,"featured_media":3628,"comment_status":"closed","ping_status":"closed","sticky":false,"template":"","format":"standard","meta":{"_crdt_document":"","_jetpack_memberships_contains_paid_content":false,"footnotes":"","jetpack_publicize_message":"","jetpack_publicize_feature_enabled":true,"jetpack_social_post_already_shared":true,"jetpack_social_options":{"image_generator_settings":{"template":"highway","default_image_id":0,"font":"","enabled":false},"version":2},"_wpas_customize_per_network":false},"categories":[10],"tags":[],"class_list":["post-3627","post","type-post","status-publish","format-standard","has-post-thumbnail","hentry","category-deportes"],"magazineBlocksPostFeaturedMedia":{"thumbnail":"https:\/\/pornuestrolaredo.com\/wp-content\/uploads\/2024\/01\/Muere-150x150.jpg","medium":"https:\/\/pornuestrolaredo.com\/wp-content\/uploads\/2024\/01\/Muere-300x167.jpg","medium_large":"https:\/\/pornuestrolaredo.com\/wp-content\/uploads\/2024\/01\/Muere-768x428.jpg","large":"https:\/\/pornuestrolaredo.com\/wp-content\/uploads\/2024\/01\/Muere-1000x557.jpg","1536x1536":"https:\/\/pornuestrolaredo.com\/wp-content\/uploads\/2024\/01\/Muere.jpg","2048x2048":"https:\/\/pornuestrolaredo.com\/wp-content\/uploads\/2024\/01\/Muere.jpg","morenews-large":"https:\/\/pornuestrolaredo.com\/wp-content\/uploads\/2024\/01\/Muere.jpg","morenews-medium":"https:\/\/pornuestrolaredo.com\/wp-content\/uploads\/2024\/01\/Muere.jpg"},"magazineBlocksPostAuthor":{"name":"Redactor","avatar":"https:\/\/pornuestrolaredo.com\/wp-content\/litespeed\/avatar\/dca1d7ec750c399f025f23b0b314f4cf.jpg?ver=1777612120"},"magazineBlocksPostCommentsNumber":false,"magazineBlocksPostExcerpt":"Se trata de una de las  personalidades m\u00e1s queridas en Alemania y ten\u00eda 78 a\u00f1os","magazineBlocksPostCategories":["Deportes"],"magazineBlocksPostViewCount":115,"magazineBlocksPostReadTime":5,"magazine_blocks_featured_image_url":{"full":["https:\/\/pornuestrolaredo.com\/wp-content\/uploads\/2024\/01\/Muere.jpg",1440,802,false],"medium":["https:\/\/pornuestrolaredo.com\/wp-content\/uploads\/2024\/01\/Muere-300x167.jpg",300,167,true],"thumbnail":["https:\/\/pornuestrolaredo.com\/wp-content\/uploads\/2024\/01\/Muere-150x150.jpg",150,150,true]},"magazine_blocks_author":{"display_name":"Redactor","author_link":"https:\/\/pornuestrolaredo.com\/?author=1"},"magazine_blocks_comment":0,"magazine_blocks_author_image":"https:\/\/pornuestrolaredo.com\/wp-content\/litespeed\/avatar\/dca1d7ec750c399f025f23b0b314f4cf.jpg?ver=1777612120","magazine_blocks_category":"<a href=\"#\" class=\"category-link category-link-10\">Deportes<\/a>","jetpack_publicize_connections":[],"featured_image_urls":{"full":["https:\/\/pornuestrolaredo.com\/wp-content\/uploads\/2024\/01\/Muere.jpg",1440,802,false],"thumbnail":["https:\/\/pornuestrolaredo.com\/wp-content\/uploads\/2024\/01\/Muere-150x150.jpg",150,150,true],"medium":["https:\/\/pornuestrolaredo.com\/wp-content\/uploads\/2024\/01\/Muere-300x167.jpg",300,167,true],"medium_large":["https:\/\/pornuestrolaredo.com\/wp-content\/uploads\/2024\/01\/Muere-768x428.jpg",640,357,true],"large":["https:\/\/pornuestrolaredo.com\/wp-content\/uploads\/2024\/01\/Muere-1000x557.jpg",640,356,true],"1536x1536":["https:\/\/pornuestrolaredo.com\/wp-content\/uploads\/2024\/01\/Muere.jpg",1440,802,false],"2048x2048":["https:\/\/pornuestrolaredo.com\/wp-content\/uploads\/2024\/01\/Muere.jpg",1440,802,false],"morenews-large":["https:\/\/pornuestrolaredo.com\/wp-content\/uploads\/2024\/01\/Muere.jpg",825,459,false],"morenews-medium":["https:\/\/pornuestrolaredo.com\/wp-content\/uploads\/2024\/01\/Muere.jpg",590,329,false]},"author_info":{"info":["Redactor"]},"category_info":"<a href=\"https:\/\/pornuestrolaredo.com\/?cat=10\" rel=\"category\">Deportes<\/a>","tag_info":"Deportes","comment_count":"0","jetpack_featured_media_url":"https:\/\/pornuestrolaredo.com\/wp-content\/uploads\/2024\/01\/Muere.jpg","jetpack_sharing_enabled":true,"_links":{"self":[{"href":"https:\/\/pornuestrolaredo.com\/index.php?rest_route=\/wp\/v2\/posts\/3627","targetHints":{"allow":["GET"]}}],"collection":[{"href":"https:\/\/pornuestrolaredo.com\/index.php?rest_route=\/wp\/v2\/posts"}],"about":[{"href":"https:\/\/pornuestrolaredo.com\/index.php?rest_route=\/wp\/v2\/types\/post"}],"author":[{"embeddable":true,"href":"https:\/\/pornuestrolaredo.com\/index.php?rest_route=\/wp\/v2\/users\/1"}],"replies":[{"embeddable":true,"href":"https:\/\/pornuestrolaredo.com\/index.php?rest_route=%2Fwp%2Fv2%2Fcomments&post=3627"}],"version-history":[{"count":1,"href":"https:\/\/pornuestrolaredo.com\/index.php?rest_route=\/wp\/v2\/posts\/3627\/revisions"}],"predecessor-version":[{"id":3629,"href":"https:\/\/pornuestrolaredo.com\/index.php?rest_route=\/wp\/v2\/posts\/3627\/revisions\/3629"}],"wp:featuredmedia":[{"embeddable":true,"href":"https:\/\/pornuestrolaredo.com\/index.php?rest_route=\/wp\/v2\/media\/3628"}],"wp:attachment":[{"href":"https:\/\/pornuestrolaredo.com\/index.php?rest_route=%2Fwp%2Fv2%2Fmedia&parent=3627"}],"wp:term":[{"taxonomy":"category","embeddable":true,"href":"https:\/\/pornuestrolaredo.com\/index.php?rest_route=%2Fwp%2Fv2%2Fcategories&post=3627"},{"taxonomy":"post_tag","embeddable":true,"href":"https:\/\/pornuestrolaredo.com\/index.php?rest_route=%2Fwp%2Fv2%2Ftags&post=3627"}],"curies":[{"name":"wp","href":"https:\/\/api.w.org\/{rel}","templated":true}]}}