{"id":3631,"date":"2024-01-09T20:09:40","date_gmt":"2024-01-09T20:09:40","guid":{"rendered":"https:\/\/pornuestrolaredo.com\/?p=3631"},"modified":"2024-01-09T20:09:40","modified_gmt":"2024-01-09T20:09:40","slug":"ya-son-tres-las-aerolineas-que-conectan-a-nld-con-la-cdmx","status":"publish","type":"post","link":"https:\/\/pornuestrolaredo.com\/?p=3631","title":{"rendered":"Ya son tres las aerol\u00edneas que conectan a NLD con la CDMX"},"content":{"rendered":"<p>Nuevo Laredo tendr\u00e1 mayor conectividad con el inicio de operaciones de Mexicana de Aviaci\u00f3n que tendr\u00e1 vuelos directos con destino a la Terminal A\u00e9rea Felipe \u00c1ngeles (AIFA) en el Estado de M\u00e9xico.<\/p>\n<p>La alcaldesa, Carmen Lilia Canturosas Villarreal, se\u00f1al\u00f3 que es una gran noticia para los neolaredenses pues ahora hay otra opci\u00f3n que se une a Viva Aerob\u00fas y Aerom\u00e9xico para desplazarse.<\/p>\n<blockquote><p>Estamos muy contentos con esta gran noticia quiere decir que cada vez son m\u00e1s quienes voltean a ver a nuestro municipio, que existe m\u00e1s inter\u00e9s por la transformaci\u00f3n que aqu\u00ed se vive\u201d, se\u00f1al\u00f3 Canturosas.<\/p><\/blockquote>\n<p>Indic\u00f3 que se trabaja de la mano con el gobernador Am\u00e9rico Villarreal Anaya para que se contin\u00faen concretando acciones que impulsen el crecimiento de Nuevo Laredo y Tamaulipas.<\/p>\n<p>La presidenta municipal asegur\u00f3 que con la instalaci\u00f3n de la Agencia Nacional de Aduanas de M\u00e9xico (ANAM) la cual ser\u00e1 inaugurada en septiembre habr\u00e1 m\u00e1s oportunidades de vuelos en la ciudad.<\/p>\n<p>De acuerdo con la aerol\u00ednea\u00a0 Viva Aerob\u00fas estar\u00e1 operando su itinerario procedente de Ciudad de M\u00e9xico a Nuevo Laredo, con dos frecuencias semanales los d\u00edas mi\u00e9rcoles y s\u00e1bado desde AIFA, saliendo a las 07:35 de la ma\u00f1ana y aterrizando en Nuevo Laredo a las 9:20 de la ma\u00f1ana.<\/p>\n<p>Mexicana de Aviaci\u00f3n dio a conocer que\u00a0 iniciar\u00e1 vuelos con destino a Nuevo Laredo desde el 6 de febrero cubriendo la ruta AIFA &#8211; Ciudad Victoria &#8211; Nuevo Laredo, los d\u00edas martes, jueves y s\u00e1bado. El vuelo saldr\u00e1 del AIFA a las 09:35 de la ma\u00f1ana y llegar\u00e1 a Nuevo Laredo a las 12:30 del mediod\u00eda.<\/p>\n<p>Por lo que Nuevo Laredo, quedar\u00e1 conectado v\u00eda a\u00e9rea con la capital del Estado de Tamaulipas, Ciudad Victoria, los d\u00edas martes, jueves y s\u00e1bado saliendo a las 1:10 de la tarde y aterrizando en la Capital del Estado a las 2:20 de la tarde. Aerom\u00e9xico mantendr\u00e1 su operaci\u00f3n diaria desde el Aeropuerto Internacional de la Ciudad de M\u00e9xico (AICM) con un nuevo horario.<\/p>\n","protected":false},"excerpt":{"rendered":"<p>Alcaldesa Carmen Lilia Canturosas anuncia mayor conectividad a\u00e9rea para esta frontera<\/p>\n","protected":false},"author":1,"featured_media":3632,"comment_status":"closed","ping_status":"closed","sticky":false,"template":"","format":"standard","meta":{"_crdt_document":"","_jetpack_memberships_contains_paid_content":false,"footnotes":"","jetpack_publicize_message":"","jetpack_publicize_feature_enabled":true,"jetpack_social_post_already_shared":true,"jetpack_social_options":{"image_generator_settings":{"template":"highway","default_image_id":0,"font":"","enabled":false},"version":2},"_wpas_customize_per_network":false},"categories":[4],"tags":[],"class_list":["post-3631","post","type-post","status-publish","format-standard","has-post-thumbnail","hentry","category-los-dos-laredos"],"magazineBlocksPostFeaturedMedia":{"thumbnail":"https:\/\/pornuestrolaredo.com\/wp-content\/uploads\/2024\/01\/Stereo91-20240109-2-150x150.jpg","medium":"https:\/\/pornuestrolaredo.com\/wp-content\/uploads\/2024\/01\/Stereo91-20240109-2-300x200.jpg","medium_large":"https:\/\/pornuestrolaredo.com\/wp-content\/uploads\/2024\/01\/Stereo91-20240109-2-768x512.jpg","large":"https:\/\/pornuestrolaredo.com\/wp-content\/uploads\/2024\/01\/Stereo91-20240109-2.jpg","1536x1536":"https:\/\/pornuestrolaredo.com\/wp-content\/uploads\/2024\/01\/Stereo91-20240109-2.jpg","2048x2048":"https:\/\/pornuestrolaredo.com\/wp-content\/uploads\/2024\/01\/Stereo91-20240109-2.jpg","morenews-large":"https:\/\/pornuestrolaredo.com\/wp-content\/uploads\/2024\/01\/Stereo91-20240109-2.jpg","morenews-medium":"https:\/\/pornuestrolaredo.com\/wp-content\/uploads\/2024\/01\/Stereo91-20240109-2.jpg"},"magazineBlocksPostAuthor":{"name":"Redactor","avatar":"https:\/\/pornuestrolaredo.com\/wp-content\/litespeed\/avatar\/dca1d7ec750c399f025f23b0b314f4cf.jpg?ver=1777612120"},"magazineBlocksPostCommentsNumber":false,"magazineBlocksPostExcerpt":"Alcaldesa Carmen Lilia Canturosas anuncia mayor conectividad a\u00e9rea para esta frontera","magazineBlocksPostCategories":["Los dos Laredos"],"magazineBlocksPostViewCount":131,"magazineBlocksPostReadTime":2,"magazine_blocks_featured_image_url":{"full":["https:\/\/pornuestrolaredo.com\/wp-content\/uploads\/2024\/01\/Stereo91-20240109-2.jpg",850,567,false],"medium":["https:\/\/pornuestrolaredo.com\/wp-content\/uploads\/2024\/01\/Stereo91-20240109-2-300x200.jpg",300,200,true],"thumbnail":["https:\/\/pornuestrolaredo.com\/wp-content\/uploads\/2024\/01\/Stereo91-20240109-2-150x150.jpg",150,150,true]},"magazine_blocks_author":{"display_name":"Redactor","author_link":"https:\/\/pornuestrolaredo.com\/?author=1"},"magazine_blocks_comment":0,"magazine_blocks_author_image":"https:\/\/pornuestrolaredo.com\/wp-content\/litespeed\/avatar\/dca1d7ec750c399f025f23b0b314f4cf.jpg?ver=1777612120","magazine_blocks_category":"<a href=\"#\" class=\"category-link category-link-4\">Los dos Laredos<\/a>","jetpack_publicize_connections":[],"featured_image_urls":{"full":["https:\/\/pornuestrolaredo.com\/wp-content\/uploads\/2024\/01\/Stereo91-20240109-2.jpg",850,567,false],"thumbnail":["https:\/\/pornuestrolaredo.com\/wp-content\/uploads\/2024\/01\/Stereo91-20240109-2-150x150.jpg",150,150,true],"medium":["https:\/\/pornuestrolaredo.com\/wp-content\/uploads\/2024\/01\/Stereo91-20240109-2-300x200.jpg",300,200,true],"medium_large":["https:\/\/pornuestrolaredo.com\/wp-content\/uploads\/2024\/01\/Stereo91-20240109-2-768x512.jpg",640,427,true],"large":["https:\/\/pornuestrolaredo.com\/wp-content\/uploads\/2024\/01\/Stereo91-20240109-2.jpg",640,427,false],"1536x1536":["https:\/\/pornuestrolaredo.com\/wp-content\/uploads\/2024\/01\/Stereo91-20240109-2.jpg",850,567,false],"2048x2048":["https:\/\/pornuestrolaredo.com\/wp-content\/uploads\/2024\/01\/Stereo91-20240109-2.jpg",850,567,false],"morenews-large":["https:\/\/pornuestrolaredo.com\/wp-content\/uploads\/2024\/01\/Stereo91-20240109-2.jpg",825,550,false],"morenews-medium":["https:\/\/pornuestrolaredo.com\/wp-content\/uploads\/2024\/01\/Stereo91-20240109-2.jpg",590,394,false]},"author_info":{"info":["Redactor"]},"category_info":"<a href=\"https:\/\/pornuestrolaredo.com\/?cat=4\" rel=\"category\">Los dos Laredos<\/a>","tag_info":"Los dos Laredos","comment_count":"0","jetpack_featured_media_url":"https:\/\/pornuestrolaredo.com\/wp-content\/uploads\/2024\/01\/Stereo91-20240109-2.jpg","jetpack_sharing_enabled":true,"_links":{"self":[{"href":"https:\/\/pornuestrolaredo.com\/index.php?rest_route=\/wp\/v2\/posts\/3631","targetHints":{"allow":["GET"]}}],"collection":[{"href":"https:\/\/pornuestrolaredo.com\/index.php?rest_route=\/wp\/v2\/posts"}],"about":[{"href":"https:\/\/pornuestrolaredo.com\/index.php?rest_route=\/wp\/v2\/types\/post"}],"author":[{"embeddable":true,"href":"https:\/\/pornuestrolaredo.com\/index.php?rest_route=\/wp\/v2\/users\/1"}],"replies":[{"embeddable":true,"href":"https:\/\/pornuestrolaredo.com\/index.php?rest_route=%2Fwp%2Fv2%2Fcomments&post=3631"}],"version-history":[{"count":1,"href":"https:\/\/pornuestrolaredo.com\/index.php?rest_route=\/wp\/v2\/posts\/3631\/revisions"}],"predecessor-version":[{"id":3633,"href":"https:\/\/pornuestrolaredo.com\/index.php?rest_route=\/wp\/v2\/posts\/3631\/revisions\/3633"}],"wp:featuredmedia":[{"embeddable":true,"href":"https:\/\/pornuestrolaredo.com\/index.php?rest_route=\/wp\/v2\/media\/3632"}],"wp:attachment":[{"href":"https:\/\/pornuestrolaredo.com\/index.php?rest_route=%2Fwp%2Fv2%2Fmedia&parent=3631"}],"wp:term":[{"taxonomy":"category","embeddable":true,"href":"https:\/\/pornuestrolaredo.com\/index.php?rest_route=%2Fwp%2Fv2%2Fcategories&post=3631"},{"taxonomy":"post_tag","embeddable":true,"href":"https:\/\/pornuestrolaredo.com\/index.php?rest_route=%2Fwp%2Fv2%2Ftags&post=3631"}],"curies":[{"name":"wp","href":"https:\/\/api.w.org\/{rel}","templated":true}]}}