{"id":3637,"date":"2024-01-16T06:29:26","date_gmt":"2024-01-16T06:29:26","guid":{"rendered":"https:\/\/pornuestrolaredo.com\/?p=3637"},"modified":"2024-01-16T06:29:26","modified_gmt":"2024-01-16T06:29:26","slug":"firman-rangers-al-mexicano-angel-arredondo","status":"publish","type":"post","link":"https:\/\/pornuestrolaredo.com\/?p=3637","title":{"rendered":"Firman Rangers al mexicano \u00c1ngel Arredondo"},"content":{"rendered":"<p><strong><em>AUSTIN.-<\/em><\/strong> El pelotero mexicano \u00c1ngel Arredondo formar\u00e1 parte de los Rangers de Texas, campeones de la Serie Mundial de 2023.<\/p>\n<p>Formado en la Academia Alfredo Harp Hel\u00fa, el joven de 16 a\u00f1os se gan\u00f3 su lugar con los Diablos Rojos del M\u00e9xico y adquiri\u00f3 experiencia en la Liga Invernal Mexicana y la Liga Mexicana de Beisbol.<\/p>\n<blockquote><p>Estoy muy contento, nervioso y estoy muy agradecido con ambas organizaciones. Es un d\u00eda muy especial porque se est\u00e1 reflejando el trabajo que he estado haciendo por muchos a\u00f1os y eso me hace sentir muy satisfecho. Ha valido la pena todo el sacrificio que he hecho, desde dejar a mi familia hasta las cosas que he hecho para cuidarme&#8221;.<\/p><\/blockquote>\n<blockquote><p>Jugar en la LMB me permiti\u00f3 tomar mucha experiencia y eso me hace sentir que estoy m\u00e1s maduro dentro del terreno y yo creo que eso me va a ayudar mucho para lo que viene en mi carrera. S\u00ed hay un cambio mental y f\u00edsico en m\u00ed, creo que estoy m\u00e1s maduro como pelotero&#8221;, coment\u00f3 el tricolor, quien estuvo acompa\u00f1ado por su familia durante la firma con la novena texana en el Estadio Alfredo Harp Hel\u00fa.<\/p><\/blockquote>\n<p>El abril del pasado, Arredondo debut\u00f3 en el circuito veraniego frente a los Tigres de Quintana Roo. Particip\u00f3 en 36 juegos, en los que sum\u00f3 19 hits, 7 anotadas, un jonr\u00f3n, 14 producidas, con 11 bases por bolas y 30 ponches y su promedio de bateo fue de .226.<\/p>\n<p>\u00c1ngel viajar\u00e1 a Rep\u00fablica Dominicana para continuar con su preparaci\u00f3n en la Academia de Rangers y debutar en la Gran Carpa.<\/p>\n","protected":false},"excerpt":{"rendered":"<p>El joven de 16 a\u00f1os se gan\u00f3 su lugar con los Diablos Rojos del M\u00e9xico y adquiri\u00f3 experiencia en la Liga Invernal Mexicana y la Liga Mexicana de Beisbol<\/p>\n","protected":false},"author":1,"featured_media":3638,"comment_status":"closed","ping_status":"closed","sticky":false,"template":"","format":"standard","meta":{"_crdt_document":"","_jetpack_memberships_contains_paid_content":false,"footnotes":"","jetpack_publicize_message":"","jetpack_publicize_feature_enabled":true,"jetpack_social_post_already_shared":true,"jetpack_social_options":{"image_generator_settings":{"template":"highway","default_image_id":0,"font":"","enabled":false},"version":2},"_wpas_customize_per_network":false},"categories":[10],"tags":[],"class_list":["post-3637","post","type-post","status-publish","format-standard","has-post-thumbnail","hentry","category-deportes"],"magazineBlocksPostFeaturedMedia":{"thumbnail":"https:\/\/pornuestrolaredo.com\/wp-content\/uploads\/2024\/01\/Stereo91-20240115-3-150x150.jpg","medium":"https:\/\/pornuestrolaredo.com\/wp-content\/uploads\/2024\/01\/Stereo91-20240115-3-300x169.jpg","medium_large":"https:\/\/pornuestrolaredo.com\/wp-content\/uploads\/2024\/01\/Stereo91-20240115-3-768x433.jpg","large":"https:\/\/pornuestrolaredo.com\/wp-content\/uploads\/2024\/01\/Stereo91-20240115-3.jpg","1536x1536":"https:\/\/pornuestrolaredo.com\/wp-content\/uploads\/2024\/01\/Stereo91-20240115-3.jpg","2048x2048":"https:\/\/pornuestrolaredo.com\/wp-content\/uploads\/2024\/01\/Stereo91-20240115-3.jpg","morenews-large":"https:\/\/pornuestrolaredo.com\/wp-content\/uploads\/2024\/01\/Stereo91-20240115-3.jpg","morenews-medium":"https:\/\/pornuestrolaredo.com\/wp-content\/uploads\/2024\/01\/Stereo91-20240115-3.jpg"},"magazineBlocksPostAuthor":{"name":"Redactor","avatar":"https:\/\/pornuestrolaredo.com\/wp-content\/litespeed\/avatar\/dca1d7ec750c399f025f23b0b314f4cf.jpg?ver=1777612120"},"magazineBlocksPostCommentsNumber":false,"magazineBlocksPostExcerpt":"El joven de 16 a\u00f1os se gan\u00f3 su lugar con los Diablos Rojos del M\u00e9xico y adquiri\u00f3 experiencia en la Liga Invernal Mexicana y la Liga Mexicana de Beisbol","magazineBlocksPostCategories":["Deportes"],"magazineBlocksPostViewCount":123,"magazineBlocksPostReadTime":2,"magazine_blocks_featured_image_url":{"full":["https:\/\/pornuestrolaredo.com\/wp-content\/uploads\/2024\/01\/Stereo91-20240115-3.jpg",960,541,false],"medium":["https:\/\/pornuestrolaredo.com\/wp-content\/uploads\/2024\/01\/Stereo91-20240115-3-300x169.jpg",300,169,true],"thumbnail":["https:\/\/pornuestrolaredo.com\/wp-content\/uploads\/2024\/01\/Stereo91-20240115-3-150x150.jpg",150,150,true]},"magazine_blocks_author":{"display_name":"Redactor","author_link":"https:\/\/pornuestrolaredo.com\/?author=1"},"magazine_blocks_comment":0,"magazine_blocks_author_image":"https:\/\/pornuestrolaredo.com\/wp-content\/litespeed\/avatar\/dca1d7ec750c399f025f23b0b314f4cf.jpg?ver=1777612120","magazine_blocks_category":"<a href=\"#\" class=\"category-link category-link-10\">Deportes<\/a>","jetpack_publicize_connections":[],"featured_image_urls":{"full":["https:\/\/pornuestrolaredo.com\/wp-content\/uploads\/2024\/01\/Stereo91-20240115-3.jpg",960,541,false],"thumbnail":["https:\/\/pornuestrolaredo.com\/wp-content\/uploads\/2024\/01\/Stereo91-20240115-3-150x150.jpg",150,150,true],"medium":["https:\/\/pornuestrolaredo.com\/wp-content\/uploads\/2024\/01\/Stereo91-20240115-3-300x169.jpg",300,169,true],"medium_large":["https:\/\/pornuestrolaredo.com\/wp-content\/uploads\/2024\/01\/Stereo91-20240115-3-768x433.jpg",640,361,true],"large":["https:\/\/pornuestrolaredo.com\/wp-content\/uploads\/2024\/01\/Stereo91-20240115-3.jpg",640,361,false],"1536x1536":["https:\/\/pornuestrolaredo.com\/wp-content\/uploads\/2024\/01\/Stereo91-20240115-3.jpg",960,541,false],"2048x2048":["https:\/\/pornuestrolaredo.com\/wp-content\/uploads\/2024\/01\/Stereo91-20240115-3.jpg",960,541,false],"morenews-large":["https:\/\/pornuestrolaredo.com\/wp-content\/uploads\/2024\/01\/Stereo91-20240115-3.jpg",825,465,false],"morenews-medium":["https:\/\/pornuestrolaredo.com\/wp-content\/uploads\/2024\/01\/Stereo91-20240115-3.jpg",590,332,false]},"author_info":{"info":["Redactor"]},"category_info":"<a href=\"https:\/\/pornuestrolaredo.com\/?cat=10\" rel=\"category\">Deportes<\/a>","tag_info":"Deportes","comment_count":"0","jetpack_featured_media_url":"https:\/\/pornuestrolaredo.com\/wp-content\/uploads\/2024\/01\/Stereo91-20240115-3.jpg","jetpack_sharing_enabled":true,"_links":{"self":[{"href":"https:\/\/pornuestrolaredo.com\/index.php?rest_route=\/wp\/v2\/posts\/3637","targetHints":{"allow":["GET"]}}],"collection":[{"href":"https:\/\/pornuestrolaredo.com\/index.php?rest_route=\/wp\/v2\/posts"}],"about":[{"href":"https:\/\/pornuestrolaredo.com\/index.php?rest_route=\/wp\/v2\/types\/post"}],"author":[{"embeddable":true,"href":"https:\/\/pornuestrolaredo.com\/index.php?rest_route=\/wp\/v2\/users\/1"}],"replies":[{"embeddable":true,"href":"https:\/\/pornuestrolaredo.com\/index.php?rest_route=%2Fwp%2Fv2%2Fcomments&post=3637"}],"version-history":[{"count":1,"href":"https:\/\/pornuestrolaredo.com\/index.php?rest_route=\/wp\/v2\/posts\/3637\/revisions"}],"predecessor-version":[{"id":3639,"href":"https:\/\/pornuestrolaredo.com\/index.php?rest_route=\/wp\/v2\/posts\/3637\/revisions\/3639"}],"wp:featuredmedia":[{"embeddable":true,"href":"https:\/\/pornuestrolaredo.com\/index.php?rest_route=\/wp\/v2\/media\/3638"}],"wp:attachment":[{"href":"https:\/\/pornuestrolaredo.com\/index.php?rest_route=%2Fwp%2Fv2%2Fmedia&parent=3637"}],"wp:term":[{"taxonomy":"category","embeddable":true,"href":"https:\/\/pornuestrolaredo.com\/index.php?rest_route=%2Fwp%2Fv2%2Fcategories&post=3637"},{"taxonomy":"post_tag","embeddable":true,"href":"https:\/\/pornuestrolaredo.com\/index.php?rest_route=%2Fwp%2Fv2%2Ftags&post=3637"}],"curies":[{"name":"wp","href":"https:\/\/api.w.org\/{rel}","templated":true}]}}