{"id":3658,"date":"2024-01-18T18:15:42","date_gmt":"2024-01-18T18:15:42","guid":{"rendered":"https:\/\/pornuestrolaredo.com\/?p=3658"},"modified":"2024-01-18T18:15:42","modified_gmt":"2024-01-18T18:15:42","slug":"presentan-empresas-cinco-rutas-para-trenes-de-pasajeros","status":"publish","type":"post","link":"https:\/\/pornuestrolaredo.com\/?p=3658","title":{"rendered":"Presentan empresas cinco rutas para trenes de pasajeros"},"content":{"rendered":"<p><strong><em>CIUDAD DE M\u00c9XICO.- <\/em><\/strong>La subsidiaria de Grupo Mexico Ferrosur y Canadian Pacific Kansas City Railway son las empresas que respondieron a la convocatoria del gobierno federal para recuperar los trenes de pasajeros en el pa\u00eds.<\/p>\n<p>Durante la ma\u00f1anera de este jueves en Palacio Nacional, el titular de la Secretar\u00eda de Infraestructura, Comunicaciones y Transportes (SICT), Jorge Nu\u00f1o, inform\u00f3 que ambas firmas ya presentaron los respectivos oficios, los cuales son analizados por las instancias federales correspondientes.<\/p>\n<p>Ante el presidente Andr\u00e9s Manuel L\u00f3pez Obrador, y a pregunta expresa, el funcionario detall\u00f3 que algunas de las iniciativas de rutas propuestas por las firmas son tener corridas de la ciudad de M\u00e9xico a Quer\u00e9taro, Le\u00f3n, Aguascalientes, Guadalajara y San Luis Potos\u00ed.<\/p>\n<blockquote><p>Ya recibimos los oficios tanto de Grupo M\u00e9xico, FerroSur, y tambi\u00e9n de Canadian Pac\u00edfic Kansas City, nos establecieron las rutas, estamos analizando los oficios, todos fueron positivos. Estamos pidi\u00e9ndoles a ellos una precisiones, en cuanto terminemos de cerrar con ellos en la pr\u00f3xima semana ya tendremos un comunicado mucho m\u00e1s preciso para ello\u201d, apunt\u00f3 el secretario Nu\u00f1o.<\/p><\/blockquote>\n<p>El lunes pasado venci\u00f3 el plazo dado por el gobierno federal a las empresas que estar\u00edan interesadas en sumarse al proyecto para ampliar las rutas de trenes de carga al servicio de pasajeros.<\/p>\n<p>En un comunicado emitido ese mismo d\u00eda, la SICT inform\u00f3 que recibi\u00f3 cinco propuestas de interesados en participar en el proyecto de trenes de pasajeros,\u2014aunque no revel\u00f3 de qu\u00e9 compa\u00f1\u00edas se trataba\u2014 y agreg\u00f3 que las rutas prioritarias son siete:<\/p>\n<p>Tren regional M\u00e9xico-Veracruz, Tren Interurbano AIFA-Pachuca-Tula, Tren Buenavista-Tula-Quer\u00e9taro-Le\u00f3n-Aguascalientes, Tren Manzanillo-Colima-Guadalajara-Irapuato, M\u00e9xico-San Luis Potos\u00ed-Monterrey-Nuevo Laredo, M\u00e9xico-Quer\u00e9taro-Guadalajara-Tepic-Mazatl\u00e1n-Nogales, y Aguascalientes-Chihuahua-Ciudad Ju\u00e1rez.<\/p>\n<p>Al respecto, en la conferencia presidencial, del titular de la SICT afirm\u00f3 que realizan los estudios de las rutas para posteriormente se inicie la construcci\u00f3n y rehabilitaci\u00f3n de las v\u00edas.<\/p>\n<p>El presidente L\u00f3pez Obrador se\u00f1al\u00f3: \u201cEs muy interesante que est\u00e9n respondiendo y son 18 mil kil\u00f3metros de derecho de v\u00eda que se van a utilizar para trenes de pasajero, se va a comunicar hacia futuro de nuevo con trenes de todo el pa\u00eds, eso es un avance importante\u201d.<\/p>\n","protected":false},"excerpt":{"rendered":"<p>El Gobierno Federal se\u00f1ala que una de las propuestas incluye una parte de la ruta prioritaria, que unir\u00eda a Nuevo Laredo con M\u00e9xico, San Luis Potos\u00ed y Monterrey<\/p>\n","protected":false},"author":1,"featured_media":3659,"comment_status":"closed","ping_status":"closed","sticky":false,"template":"","format":"standard","meta":{"_crdt_document":"","_jetpack_memberships_contains_paid_content":false,"footnotes":"","jetpack_publicize_message":"","jetpack_publicize_feature_enabled":true,"jetpack_social_post_already_shared":true,"jetpack_social_options":{"image_generator_settings":{"template":"highway","default_image_id":0,"font":"","enabled":false},"version":2},"_wpas_customize_per_network":false},"categories":[33],"tags":[],"class_list":["post-3658","post","type-post","status-publish","format-standard","has-post-thumbnail","hentry","category-mexico"],"magazineBlocksPostFeaturedMedia":{"thumbnail":"https:\/\/pornuestrolaredo.com\/wp-content\/uploads\/2024\/01\/Stereo91-20240118-3-150x150.jpg","medium":"https:\/\/pornuestrolaredo.com\/wp-content\/uploads\/2024\/01\/Stereo91-20240118-3-300x158.jpg","medium_large":"https:\/\/pornuestrolaredo.com\/wp-content\/uploads\/2024\/01\/Stereo91-20240118-3-768x406.jpg","large":"https:\/\/pornuestrolaredo.com\/wp-content\/uploads\/2024\/01\/Stereo91-20240118-3-1000x528.jpg","1536x1536":"https:\/\/pornuestrolaredo.com\/wp-content\/uploads\/2024\/01\/Stereo91-20240118-3.jpg","2048x2048":"https:\/\/pornuestrolaredo.com\/wp-content\/uploads\/2024\/01\/Stereo91-20240118-3.jpg","morenews-large":"https:\/\/pornuestrolaredo.com\/wp-content\/uploads\/2024\/01\/Stereo91-20240118-3.jpg","morenews-medium":"https:\/\/pornuestrolaredo.com\/wp-content\/uploads\/2024\/01\/Stereo91-20240118-3.jpg"},"magazineBlocksPostAuthor":{"name":"Redactor","avatar":"https:\/\/pornuestrolaredo.com\/wp-content\/litespeed\/avatar\/dca1d7ec750c399f025f23b0b314f4cf.jpg?ver=1777612120"},"magazineBlocksPostCommentsNumber":false,"magazineBlocksPostExcerpt":"El Gobierno Federal se\u00f1ala que una de las propuestas incluye una parte de la ruta prioritaria, que unir\u00eda a Nuevo Laredo con M\u00e9xico, San Luis Potos\u00ed y Monterrey","magazineBlocksPostCategories":["Mexico"],"magazineBlocksPostViewCount":132,"magazineBlocksPostReadTime":2,"magazine_blocks_featured_image_url":{"full":["https:\/\/pornuestrolaredo.com\/wp-content\/uploads\/2024\/01\/Stereo91-20240118-3.jpg",1024,541,false],"medium":["https:\/\/pornuestrolaredo.com\/wp-content\/uploads\/2024\/01\/Stereo91-20240118-3-300x158.jpg",300,158,true],"thumbnail":["https:\/\/pornuestrolaredo.com\/wp-content\/uploads\/2024\/01\/Stereo91-20240118-3-150x150.jpg",150,150,true]},"magazine_blocks_author":{"display_name":"Redactor","author_link":"https:\/\/pornuestrolaredo.com\/?author=1"},"magazine_blocks_comment":0,"magazine_blocks_author_image":"https:\/\/pornuestrolaredo.com\/wp-content\/litespeed\/avatar\/dca1d7ec750c399f025f23b0b314f4cf.jpg?ver=1777612120","magazine_blocks_category":"<a href=\"#\" class=\"category-link category-link-33\">Mexico<\/a>","jetpack_publicize_connections":[],"featured_image_urls":{"full":["https:\/\/pornuestrolaredo.com\/wp-content\/uploads\/2024\/01\/Stereo91-20240118-3.jpg",1024,541,false],"thumbnail":["https:\/\/pornuestrolaredo.com\/wp-content\/uploads\/2024\/01\/Stereo91-20240118-3-150x150.jpg",150,150,true],"medium":["https:\/\/pornuestrolaredo.com\/wp-content\/uploads\/2024\/01\/Stereo91-20240118-3-300x158.jpg",300,158,true],"medium_large":["https:\/\/pornuestrolaredo.com\/wp-content\/uploads\/2024\/01\/Stereo91-20240118-3-768x406.jpg",640,338,true],"large":["https:\/\/pornuestrolaredo.com\/wp-content\/uploads\/2024\/01\/Stereo91-20240118-3-1000x528.jpg",640,338,true],"1536x1536":["https:\/\/pornuestrolaredo.com\/wp-content\/uploads\/2024\/01\/Stereo91-20240118-3.jpg",1024,541,false],"2048x2048":["https:\/\/pornuestrolaredo.com\/wp-content\/uploads\/2024\/01\/Stereo91-20240118-3.jpg",1024,541,false],"morenews-large":["https:\/\/pornuestrolaredo.com\/wp-content\/uploads\/2024\/01\/Stereo91-20240118-3.jpg",825,436,false],"morenews-medium":["https:\/\/pornuestrolaredo.com\/wp-content\/uploads\/2024\/01\/Stereo91-20240118-3.jpg",590,312,false]},"author_info":{"info":["Redactor"]},"category_info":"<a href=\"https:\/\/pornuestrolaredo.com\/?cat=33\" rel=\"category\">Mexico<\/a>","tag_info":"Mexico","comment_count":"0","jetpack_featured_media_url":"https:\/\/pornuestrolaredo.com\/wp-content\/uploads\/2024\/01\/Stereo91-20240118-3.jpg","jetpack_sharing_enabled":true,"_links":{"self":[{"href":"https:\/\/pornuestrolaredo.com\/index.php?rest_route=\/wp\/v2\/posts\/3658","targetHints":{"allow":["GET"]}}],"collection":[{"href":"https:\/\/pornuestrolaredo.com\/index.php?rest_route=\/wp\/v2\/posts"}],"about":[{"href":"https:\/\/pornuestrolaredo.com\/index.php?rest_route=\/wp\/v2\/types\/post"}],"author":[{"embeddable":true,"href":"https:\/\/pornuestrolaredo.com\/index.php?rest_route=\/wp\/v2\/users\/1"}],"replies":[{"embeddable":true,"href":"https:\/\/pornuestrolaredo.com\/index.php?rest_route=%2Fwp%2Fv2%2Fcomments&post=3658"}],"version-history":[{"count":1,"href":"https:\/\/pornuestrolaredo.com\/index.php?rest_route=\/wp\/v2\/posts\/3658\/revisions"}],"predecessor-version":[{"id":3660,"href":"https:\/\/pornuestrolaredo.com\/index.php?rest_route=\/wp\/v2\/posts\/3658\/revisions\/3660"}],"wp:featuredmedia":[{"embeddable":true,"href":"https:\/\/pornuestrolaredo.com\/index.php?rest_route=\/wp\/v2\/media\/3659"}],"wp:attachment":[{"href":"https:\/\/pornuestrolaredo.com\/index.php?rest_route=%2Fwp%2Fv2%2Fmedia&parent=3658"}],"wp:term":[{"taxonomy":"category","embeddable":true,"href":"https:\/\/pornuestrolaredo.com\/index.php?rest_route=%2Fwp%2Fv2%2Fcategories&post=3658"},{"taxonomy":"post_tag","embeddable":true,"href":"https:\/\/pornuestrolaredo.com\/index.php?rest_route=%2Fwp%2Fv2%2Ftags&post=3658"}],"curies":[{"name":"wp","href":"https:\/\/api.w.org\/{rel}","templated":true}]}}