{"id":3668,"date":"2024-01-18T19:00:05","date_gmt":"2024-01-18T19:00:05","guid":{"rendered":"https:\/\/pornuestrolaredo.com\/?p=3668"},"modified":"2024-01-18T19:00:05","modified_gmt":"2024-01-18T19:00:05","slug":"detienen-a-arnold-schwarzenegger-en-munich","status":"publish","type":"post","link":"https:\/\/pornuestrolaredo.com\/?p=3668","title":{"rendered":"Detienen a Arnold Schwarzenegger en M\u00fanich"},"content":{"rendered":"<p><strong>M\u00daNICH.- <\/strong>Arnold Schwarzenegger fue detenido e interrogado en el Aeropuerto Internacional de M\u00fanich por llevar un reloj de lujo sin los debidos registros, report\u00f3 la prensa alemana este mi\u00e9rcoles.<\/p>\n<p>El actor de Terminator fue detenido por las autoridades aeroportuarias tras intentar pasar por aduana con la pieza de lujo, la cual formar\u00eda parte de una subasta donde participar\u00e1 el famoso y que se llevar\u00e1 a cabo en Kitzb\u00fchel, Austria, seg\u00fan Daily Mail.<\/p>\n<p>El tambi\u00e9n productor hab\u00eda viajado desde Los \u00c1ngeles para acudir al evento, donde se recabar\u00e1n recursos econ\u00f3micos para la iniciativa clim\u00e1tica que encabeza.<\/p>\n<blockquote><p>Si la mercanc\u00eda permanece en la Uni\u00f3n Europea hay que declararla en la aduana. Esto se aplica a todos, ya sea que se llamen Schwarzenegger o M\u00fcller, Meier, Huber&#8221;, dijo un portavoz de Aduana al medio alem\u00e1n S\u00fcddeutsche Zeitung.<\/p><\/blockquote>\n<p>En redes sociales circul\u00f3 una fotograf\u00eda donde aparece el actor mientras era interrogado, en la imagen se puede ver que la celebridad tom\u00f3 con humor la situaci\u00f3n.<\/p>\n<p>Despu\u00e9s de ser interrogado y permanecer detenido por al menos tres horas, las autoridades le solicitaron a la estrella de Depredador pagar por adelantado los impuestos estimados del reloj, a lo cual no se neg\u00f3.<\/p>\n<p>Sin embargo, fuentes cercanas a los hechos, dieron a conocer a TMZ que Arnold aleg\u00f3 que nunca le pidieron que llenara alg\u00fan formulario de declaraci\u00f3n.<\/p>\n<p>Uno de los motivos que caus\u00f3 que el tramite de liberaci\u00f3n fuera m\u00e1s tardado fue que la tarjeta del famoso no pas\u00f3 la transacci\u00f3n para pagar los impuestos correspondientes. <\/p>\n<p>Luego de varios intentos fallidos, las autoridades acompa\u00f1aron a Schwarzenegger para que retirara efectivo de un cajero autom\u00e1tico y as\u00ed cubriera los impuestos, pero el l\u00edmite bajo de retiro no cubr\u00eda la cantidad de casi 7 mil d\u00f3lares que solicitaba la autoridad.<\/p>\n<p>Momentos despu\u00e9s, lleg\u00f3 una m\u00e1quina de cobro nueva, con la cual el actor pudo concluir el tr\u00e1mite, seg\u00fan TMZ.<\/p>\n","protected":false},"excerpt":{"rendered":"<p>El actor llevaba un reloj de lujo para subastarlo y recabar fondos para una iniciativa clim\u00e1tica<\/p>\n","protected":false},"author":1,"featured_media":3669,"comment_status":"closed","ping_status":"closed","sticky":false,"template":"","format":"standard","meta":{"_crdt_document":"","_jetpack_memberships_contains_paid_content":false,"footnotes":"","jetpack_publicize_message":"","jetpack_publicize_feature_enabled":true,"jetpack_social_post_already_shared":true,"jetpack_social_options":{"image_generator_settings":{"template":"highway","default_image_id":0,"font":"","enabled":false},"version":2},"_wpas_customize_per_network":false},"categories":[34],"tags":[],"class_list":["post-3668","post","type-post","status-publish","format-standard","has-post-thumbnail","hentry","category-farandula"],"magazineBlocksPostFeaturedMedia":{"thumbnail":"https:\/\/pornuestrolaredo.com\/wp-content\/uploads\/2024\/01\/107FM-20240118-5-150x150.jpg","medium":"https:\/\/pornuestrolaredo.com\/wp-content\/uploads\/2024\/01\/107FM-20240118-5-300x180.jpg","medium_large":"https:\/\/pornuestrolaredo.com\/wp-content\/uploads\/2024\/01\/107FM-20240118-5-768x461.jpg","large":"https:\/\/pornuestrolaredo.com\/wp-content\/uploads\/2024\/01\/107FM-20240118-5.jpg","1536x1536":"https:\/\/pornuestrolaredo.com\/wp-content\/uploads\/2024\/01\/107FM-20240118-5.jpg","2048x2048":"https:\/\/pornuestrolaredo.com\/wp-content\/uploads\/2024\/01\/107FM-20240118-5.jpg","morenews-large":"https:\/\/pornuestrolaredo.com\/wp-content\/uploads\/2024\/01\/107FM-20240118-5.jpg","morenews-medium":"https:\/\/pornuestrolaredo.com\/wp-content\/uploads\/2024\/01\/107FM-20240118-5.jpg"},"magazineBlocksPostAuthor":{"name":"Redactor","avatar":"https:\/\/pornuestrolaredo.com\/wp-content\/litespeed\/avatar\/dca1d7ec750c399f025f23b0b314f4cf.jpg?ver=1777612120"},"magazineBlocksPostCommentsNumber":false,"magazineBlocksPostExcerpt":"El actor llevaba un reloj de lujo para subastarlo y recabar fondos para una iniciativa clim\u00e1tica","magazineBlocksPostCategories":["Far\u00e1ndula"],"magazineBlocksPostViewCount":149,"magazineBlocksPostReadTime":2,"magazine_blocks_featured_image_url":{"full":["https:\/\/pornuestrolaredo.com\/wp-content\/uploads\/2024\/01\/107FM-20240118-5.jpg",960,576,false],"medium":["https:\/\/pornuestrolaredo.com\/wp-content\/uploads\/2024\/01\/107FM-20240118-5-300x180.jpg",300,180,true],"thumbnail":["https:\/\/pornuestrolaredo.com\/wp-content\/uploads\/2024\/01\/107FM-20240118-5-150x150.jpg",150,150,true]},"magazine_blocks_author":{"display_name":"Redactor","author_link":"https:\/\/pornuestrolaredo.com\/?author=1"},"magazine_blocks_comment":0,"magazine_blocks_author_image":"https:\/\/pornuestrolaredo.com\/wp-content\/litespeed\/avatar\/dca1d7ec750c399f025f23b0b314f4cf.jpg?ver=1777612120","magazine_blocks_category":"<a href=\"#\" class=\"category-link category-link-34\">Far\u00e1ndula<\/a>","jetpack_publicize_connections":[],"featured_image_urls":{"full":["https:\/\/pornuestrolaredo.com\/wp-content\/uploads\/2024\/01\/107FM-20240118-5.jpg",960,576,false],"thumbnail":["https:\/\/pornuestrolaredo.com\/wp-content\/uploads\/2024\/01\/107FM-20240118-5-150x150.jpg",150,150,true],"medium":["https:\/\/pornuestrolaredo.com\/wp-content\/uploads\/2024\/01\/107FM-20240118-5-300x180.jpg",300,180,true],"medium_large":["https:\/\/pornuestrolaredo.com\/wp-content\/uploads\/2024\/01\/107FM-20240118-5-768x461.jpg",640,384,true],"large":["https:\/\/pornuestrolaredo.com\/wp-content\/uploads\/2024\/01\/107FM-20240118-5.jpg",640,384,false],"1536x1536":["https:\/\/pornuestrolaredo.com\/wp-content\/uploads\/2024\/01\/107FM-20240118-5.jpg",960,576,false],"2048x2048":["https:\/\/pornuestrolaredo.com\/wp-content\/uploads\/2024\/01\/107FM-20240118-5.jpg",960,576,false],"morenews-large":["https:\/\/pornuestrolaredo.com\/wp-content\/uploads\/2024\/01\/107FM-20240118-5.jpg",825,495,false],"morenews-medium":["https:\/\/pornuestrolaredo.com\/wp-content\/uploads\/2024\/01\/107FM-20240118-5.jpg",590,354,false]},"author_info":{"info":["Redactor"]},"category_info":"<a href=\"https:\/\/pornuestrolaredo.com\/?cat=34\" rel=\"category\">Far\u00e1ndula<\/a>","tag_info":"Far\u00e1ndula","comment_count":"0","jetpack_featured_media_url":"https:\/\/pornuestrolaredo.com\/wp-content\/uploads\/2024\/01\/107FM-20240118-5.jpg","jetpack_sharing_enabled":true,"_links":{"self":[{"href":"https:\/\/pornuestrolaredo.com\/index.php?rest_route=\/wp\/v2\/posts\/3668","targetHints":{"allow":["GET"]}}],"collection":[{"href":"https:\/\/pornuestrolaredo.com\/index.php?rest_route=\/wp\/v2\/posts"}],"about":[{"href":"https:\/\/pornuestrolaredo.com\/index.php?rest_route=\/wp\/v2\/types\/post"}],"author":[{"embeddable":true,"href":"https:\/\/pornuestrolaredo.com\/index.php?rest_route=\/wp\/v2\/users\/1"}],"replies":[{"embeddable":true,"href":"https:\/\/pornuestrolaredo.com\/index.php?rest_route=%2Fwp%2Fv2%2Fcomments&post=3668"}],"version-history":[{"count":1,"href":"https:\/\/pornuestrolaredo.com\/index.php?rest_route=\/wp\/v2\/posts\/3668\/revisions"}],"predecessor-version":[{"id":3670,"href":"https:\/\/pornuestrolaredo.com\/index.php?rest_route=\/wp\/v2\/posts\/3668\/revisions\/3670"}],"wp:featuredmedia":[{"embeddable":true,"href":"https:\/\/pornuestrolaredo.com\/index.php?rest_route=\/wp\/v2\/media\/3669"}],"wp:attachment":[{"href":"https:\/\/pornuestrolaredo.com\/index.php?rest_route=%2Fwp%2Fv2%2Fmedia&parent=3668"}],"wp:term":[{"taxonomy":"category","embeddable":true,"href":"https:\/\/pornuestrolaredo.com\/index.php?rest_route=%2Fwp%2Fv2%2Fcategories&post=3668"},{"taxonomy":"post_tag","embeddable":true,"href":"https:\/\/pornuestrolaredo.com\/index.php?rest_route=%2Fwp%2Fv2%2Ftags&post=3668"}],"curies":[{"name":"wp","href":"https:\/\/api.w.org\/{rel}","templated":true}]}}