{"id":3674,"date":"2024-01-19T20:14:20","date_gmt":"2024-01-19T20:14:20","guid":{"rendered":"https:\/\/pornuestrolaredo.com\/?p=3674"},"modified":"2024-01-19T20:14:20","modified_gmt":"2024-01-19T20:14:20","slug":"quieres-aprender-musica-en-el-dif-te-ensenan","status":"publish","type":"post","link":"https:\/\/pornuestrolaredo.com\/?p=3674","title":{"rendered":"\u00bfQuieres aprender m\u00fasica? En el DIF te ense\u00f1an"},"content":{"rendered":"<p><strong><em>NUEVO LAREDO.-<\/em><\/strong> La Escuela de M\u00fasica del  Sistema para el Desarrollo Integral de la Familia (DIF) de Nuevo Laredo extienden las inscripciones para el periodo enero- junio de 2024. <\/p>\n<p>Las clases iniciar\u00e1n el  pr\u00f3ximo lunes 22 de enero, pero los estudiantes que deseen unirse  pueden inscribirse durante las siguientes  semanas. <\/p>\n<p>La oferta educativa de clases gratuitas incluye los talleres de Clarinete y Saxof\u00f3n; metales como, Trompeta, Bugle, Corno Franc\u00e9s, Tromb\u00f3n, Bar\u00edtono, Tuba; Guitarra Cl\u00e1sica Matutina; Flauta Moderna  y Percusi\u00f3n Infantil entre otras clases. <\/p>\n<p>La edad requerida para ingresar var\u00eda seg\u00fan la materia, siendo en su mayor\u00eda un m\u00ednimo de 7 a\u00f1os.<\/p>\n<p>Los interesados pueden acudir en el horario de 9:30 de la ma\u00f1ana a 2  de la tarde, y de 3 a 6 de la tarde, presentando los siguientes documentos y  requisitos son: copia del Acta de Nacimiento, copia del CURP, copia de comprobante de domicilio, copia de credencial INE (de padre, madre o tutor, si es menor de edad ), dos fotograf\u00edas tama\u00f1o infantil y contar con instrumento propio.<\/p>\n<p>La Escuela de M\u00fasica del DIF de Nuevo Laredo destaca por ser \u00fanica en Tamaulipas, ofreciendo cursos de canto y m\u00e1s de 10 diferentes instrumentos, se encuentra ubicada en  Eva S\u00e1mano 1511, colonia La Fe.<\/p>\n","protected":false},"excerpt":{"rendered":"<p>Extienden las inscripciones para el periodo enero- junio de 2024 en la Escuela de M\u00fasica<\/p>\n","protected":false},"author":1,"featured_media":3675,"comment_status":"closed","ping_status":"closed","sticky":false,"template":"","format":"standard","meta":{"_crdt_document":"","_jetpack_memberships_contains_paid_content":false,"footnotes":"","jetpack_publicize_message":"","jetpack_publicize_feature_enabled":true,"jetpack_social_post_already_shared":true,"jetpack_social_options":{"image_generator_settings":{"template":"highway","default_image_id":0,"font":"","enabled":false},"version":2},"_wpas_customize_per_network":false},"categories":[4],"tags":[],"class_list":["post-3674","post","type-post","status-publish","format-standard","has-post-thumbnail","hentry","category-los-dos-laredos"],"magazineBlocksPostFeaturedMedia":{"thumbnail":"https:\/\/pornuestrolaredo.com\/wp-content\/uploads\/2024\/01\/PNL-20240119-3-150x150.jpg","medium":"https:\/\/pornuestrolaredo.com\/wp-content\/uploads\/2024\/01\/PNL-20240119-3-300x200.jpg","medium_large":"https:\/\/pornuestrolaredo.com\/wp-content\/uploads\/2024\/01\/PNL-20240119-3-768x512.jpg","large":"https:\/\/pornuestrolaredo.com\/wp-content\/uploads\/2024\/01\/PNL-20240119-3-1000x666.jpg","1536x1536":"https:\/\/pornuestrolaredo.com\/wp-content\/uploads\/2024\/01\/PNL-20240119-3.jpg","2048x2048":"https:\/\/pornuestrolaredo.com\/wp-content\/uploads\/2024\/01\/PNL-20240119-3.jpg","morenews-large":"https:\/\/pornuestrolaredo.com\/wp-content\/uploads\/2024\/01\/PNL-20240119-3.jpg","morenews-medium":"https:\/\/pornuestrolaredo.com\/wp-content\/uploads\/2024\/01\/PNL-20240119-3.jpg"},"magazineBlocksPostAuthor":{"name":"Redactor","avatar":"https:\/\/pornuestrolaredo.com\/wp-content\/litespeed\/avatar\/dca1d7ec750c399f025f23b0b314f4cf.jpg?ver=1777612120"},"magazineBlocksPostCommentsNumber":false,"magazineBlocksPostExcerpt":"Extienden las inscripciones para el periodo enero- junio de 2024 en la Escuela de M\u00fasica","magazineBlocksPostCategories":["Los dos Laredos"],"magazineBlocksPostViewCount":122,"magazineBlocksPostReadTime":2,"magazine_blocks_featured_image_url":{"full":["https:\/\/pornuestrolaredo.com\/wp-content\/uploads\/2024\/01\/PNL-20240119-3.jpg",1280,853,false],"medium":["https:\/\/pornuestrolaredo.com\/wp-content\/uploads\/2024\/01\/PNL-20240119-3-300x200.jpg",300,200,true],"thumbnail":["https:\/\/pornuestrolaredo.com\/wp-content\/uploads\/2024\/01\/PNL-20240119-3-150x150.jpg",150,150,true]},"magazine_blocks_author":{"display_name":"Redactor","author_link":"https:\/\/pornuestrolaredo.com\/?author=1"},"magazine_blocks_comment":0,"magazine_blocks_author_image":"https:\/\/pornuestrolaredo.com\/wp-content\/litespeed\/avatar\/dca1d7ec750c399f025f23b0b314f4cf.jpg?ver=1777612120","magazine_blocks_category":"<a href=\"#\" class=\"category-link category-link-4\">Los dos Laredos<\/a>","jetpack_publicize_connections":[],"featured_image_urls":{"full":["https:\/\/pornuestrolaredo.com\/wp-content\/uploads\/2024\/01\/PNL-20240119-3.jpg",1280,853,false],"thumbnail":["https:\/\/pornuestrolaredo.com\/wp-content\/uploads\/2024\/01\/PNL-20240119-3-150x150.jpg",150,150,true],"medium":["https:\/\/pornuestrolaredo.com\/wp-content\/uploads\/2024\/01\/PNL-20240119-3-300x200.jpg",300,200,true],"medium_large":["https:\/\/pornuestrolaredo.com\/wp-content\/uploads\/2024\/01\/PNL-20240119-3-768x512.jpg",640,427,true],"large":["https:\/\/pornuestrolaredo.com\/wp-content\/uploads\/2024\/01\/PNL-20240119-3-1000x666.jpg",640,426,true],"1536x1536":["https:\/\/pornuestrolaredo.com\/wp-content\/uploads\/2024\/01\/PNL-20240119-3.jpg",1280,853,false],"2048x2048":["https:\/\/pornuestrolaredo.com\/wp-content\/uploads\/2024\/01\/PNL-20240119-3.jpg",1280,853,false],"morenews-large":["https:\/\/pornuestrolaredo.com\/wp-content\/uploads\/2024\/01\/PNL-20240119-3.jpg",825,550,false],"morenews-medium":["https:\/\/pornuestrolaredo.com\/wp-content\/uploads\/2024\/01\/PNL-20240119-3.jpg",590,393,false]},"author_info":{"info":["Redactor"]},"category_info":"<a href=\"https:\/\/pornuestrolaredo.com\/?cat=4\" rel=\"category\">Los dos Laredos<\/a>","tag_info":"Los dos Laredos","comment_count":"0","jetpack_featured_media_url":"https:\/\/pornuestrolaredo.com\/wp-content\/uploads\/2024\/01\/PNL-20240119-3.jpg","jetpack_sharing_enabled":true,"_links":{"self":[{"href":"https:\/\/pornuestrolaredo.com\/index.php?rest_route=\/wp\/v2\/posts\/3674","targetHints":{"allow":["GET"]}}],"collection":[{"href":"https:\/\/pornuestrolaredo.com\/index.php?rest_route=\/wp\/v2\/posts"}],"about":[{"href":"https:\/\/pornuestrolaredo.com\/index.php?rest_route=\/wp\/v2\/types\/post"}],"author":[{"embeddable":true,"href":"https:\/\/pornuestrolaredo.com\/index.php?rest_route=\/wp\/v2\/users\/1"}],"replies":[{"embeddable":true,"href":"https:\/\/pornuestrolaredo.com\/index.php?rest_route=%2Fwp%2Fv2%2Fcomments&post=3674"}],"version-history":[{"count":1,"href":"https:\/\/pornuestrolaredo.com\/index.php?rest_route=\/wp\/v2\/posts\/3674\/revisions"}],"predecessor-version":[{"id":3676,"href":"https:\/\/pornuestrolaredo.com\/index.php?rest_route=\/wp\/v2\/posts\/3674\/revisions\/3676"}],"wp:featuredmedia":[{"embeddable":true,"href":"https:\/\/pornuestrolaredo.com\/index.php?rest_route=\/wp\/v2\/media\/3675"}],"wp:attachment":[{"href":"https:\/\/pornuestrolaredo.com\/index.php?rest_route=%2Fwp%2Fv2%2Fmedia&parent=3674"}],"wp:term":[{"taxonomy":"category","embeddable":true,"href":"https:\/\/pornuestrolaredo.com\/index.php?rest_route=%2Fwp%2Fv2%2Fcategories&post=3674"},{"taxonomy":"post_tag","embeddable":true,"href":"https:\/\/pornuestrolaredo.com\/index.php?rest_route=%2Fwp%2Fv2%2Ftags&post=3674"}],"curies":[{"name":"wp","href":"https:\/\/api.w.org\/{rel}","templated":true}]}}