{"id":3702,"date":"2024-01-20T20:31:04","date_gmt":"2024-01-20T20:31:04","guid":{"rendered":"https:\/\/pornuestrolaredo.com\/?p=3702"},"modified":"2024-01-20T20:31:04","modified_gmt":"2024-01-20T20:31:04","slug":"abren-inscripciones-para-aprender-un-oficio","status":"publish","type":"post","link":"https:\/\/pornuestrolaredo.com\/?p=3702","title":{"rendered":"Abren inscripciones para aprender un oficio"},"content":{"rendered":"<p><strong><em>NUEVO LAREDO.-<\/em><\/strong> Del 22 de enero al 9 de febrero la Secretar\u00eda de Bienestar Social llevar\u00e1 a cabo el periodo de inscripciones para los Talleres de Oficio que se llevar\u00e1n a cabo dentro de los seis diferentes Centros Comunitarios del Gobierno Municipal.<\/p>\n<p>Los requisitos para la inscripci\u00f3n son, acta de nacimiento, CURP actualizado, comprobante de domicilio, credencial de elector, en caso de ser menor de edad deber\u00e1 presentar la del padre o tutor, todos los talleres tienen un costo \u00fanico de 150 pesos y la edad m\u00ednima es de 15 a\u00f1os.<\/p>\n<p>Los talleres que se estar\u00e1n ofertando son; barbershop, panader\u00eda, corte y colorimetr\u00eda, decoraci\u00f3n de u\u00f1as, cosmetolog\u00eda y spa, cocina oriental, ingl\u00e9s, mantenimiento y reparaci\u00f3n de minisplits, as\u00ed como entradas, plato fuerte y postres.<\/p>\n<p>Para mayor informaci\u00f3n y ubicaciones de los Centros Comunitarios podr\u00e1n consultar las redes sociales del Gobierno Municipal o de la Secretar\u00eda de Bienestar  Social Nuevo Laredo, o llamar al 867 713 3619.<\/p>\n","protected":false},"excerpt":{"rendered":"<p>NUEVO LAREDO.- Del 22 de enero al 9 de febrero la Secretar\u00eda de Bienestar Social llevar\u00e1 a cabo<\/p>\n","protected":false},"author":1,"featured_media":3703,"comment_status":"open","ping_status":"open","sticky":false,"template":"","format":"standard","meta":{"_crdt_document":"","_jetpack_memberships_contains_paid_content":false,"footnotes":"","jetpack_publicize_message":"","jetpack_publicize_feature_enabled":true,"jetpack_social_post_already_shared":true,"jetpack_social_options":{"image_generator_settings":{"template":"highway","default_image_id":0,"font":"","enabled":false},"version":2},"_wpas_customize_per_network":false},"categories":[4],"tags":[],"class_list":["post-3702","post","type-post","status-publish","format-standard","has-post-thumbnail","hentry","category-los-dos-laredos"],"magazineBlocksPostFeaturedMedia":{"thumbnail":"https:\/\/pornuestrolaredo.com\/wp-content\/uploads\/2024\/01\/PNL-20240120-3-150x150.jpg","medium":"https:\/\/pornuestrolaredo.com\/wp-content\/uploads\/2024\/01\/PNL-20240120-3-300x182.jpg","medium_large":"https:\/\/pornuestrolaredo.com\/wp-content\/uploads\/2024\/01\/PNL-20240120-3-768x465.jpg","large":"https:\/\/pornuestrolaredo.com\/wp-content\/uploads\/2024\/01\/PNL-20240120-3-1000x605.jpg","1536x1536":"https:\/\/pornuestrolaredo.com\/wp-content\/uploads\/2024\/01\/PNL-20240120-3.jpg","2048x2048":"https:\/\/pornuestrolaredo.com\/wp-content\/uploads\/2024\/01\/PNL-20240120-3.jpg","morenews-large":"https:\/\/pornuestrolaredo.com\/wp-content\/uploads\/2024\/01\/PNL-20240120-3.jpg","morenews-medium":"https:\/\/pornuestrolaredo.com\/wp-content\/uploads\/2024\/01\/PNL-20240120-3.jpg"},"magazineBlocksPostAuthor":{"name":"Redactor","avatar":"https:\/\/pornuestrolaredo.com\/wp-content\/litespeed\/avatar\/dca1d7ec750c399f025f23b0b314f4cf.jpg?ver=1777612120"},"magazineBlocksPostCommentsNumber":false,"magazineBlocksPostExcerpt":"NUEVO LAREDO.- Del 22 de enero al 9 de febrero la Secretar\u00eda de Bienestar Social llevar\u00e1 a cabo","magazineBlocksPostCategories":["Los dos Laredos"],"magazineBlocksPostViewCount":130,"magazineBlocksPostReadTime":1,"magazine_blocks_featured_image_url":{"full":["https:\/\/pornuestrolaredo.com\/wp-content\/uploads\/2024\/01\/PNL-20240120-3.jpg",1280,775,false],"medium":["https:\/\/pornuestrolaredo.com\/wp-content\/uploads\/2024\/01\/PNL-20240120-3-300x182.jpg",300,182,true],"thumbnail":["https:\/\/pornuestrolaredo.com\/wp-content\/uploads\/2024\/01\/PNL-20240120-3-150x150.jpg",150,150,true]},"magazine_blocks_author":{"display_name":"Redactor","author_link":"https:\/\/pornuestrolaredo.com\/?author=1"},"magazine_blocks_comment":0,"magazine_blocks_author_image":"https:\/\/pornuestrolaredo.com\/wp-content\/litespeed\/avatar\/dca1d7ec750c399f025f23b0b314f4cf.jpg?ver=1777612120","magazine_blocks_category":"<a href=\"#\" class=\"category-link category-link-4\">Los dos Laredos<\/a>","jetpack_publicize_connections":[],"featured_image_urls":{"full":["https:\/\/pornuestrolaredo.com\/wp-content\/uploads\/2024\/01\/PNL-20240120-3.jpg",1280,775,false],"thumbnail":["https:\/\/pornuestrolaredo.com\/wp-content\/uploads\/2024\/01\/PNL-20240120-3-150x150.jpg",150,150,true],"medium":["https:\/\/pornuestrolaredo.com\/wp-content\/uploads\/2024\/01\/PNL-20240120-3-300x182.jpg",300,182,true],"medium_large":["https:\/\/pornuestrolaredo.com\/wp-content\/uploads\/2024\/01\/PNL-20240120-3-768x465.jpg",640,388,true],"large":["https:\/\/pornuestrolaredo.com\/wp-content\/uploads\/2024\/01\/PNL-20240120-3-1000x605.jpg",640,387,true],"1536x1536":["https:\/\/pornuestrolaredo.com\/wp-content\/uploads\/2024\/01\/PNL-20240120-3.jpg",1280,775,false],"2048x2048":["https:\/\/pornuestrolaredo.com\/wp-content\/uploads\/2024\/01\/PNL-20240120-3.jpg",1280,775,false],"morenews-large":["https:\/\/pornuestrolaredo.com\/wp-content\/uploads\/2024\/01\/PNL-20240120-3.jpg",825,500,false],"morenews-medium":["https:\/\/pornuestrolaredo.com\/wp-content\/uploads\/2024\/01\/PNL-20240120-3.jpg",590,357,false]},"author_info":{"info":["Redactor"]},"category_info":"<a href=\"https:\/\/pornuestrolaredo.com\/?cat=4\" rel=\"category\">Los dos Laredos<\/a>","tag_info":"Los dos Laredos","comment_count":"0","jetpack_featured_media_url":"https:\/\/pornuestrolaredo.com\/wp-content\/uploads\/2024\/01\/PNL-20240120-3.jpg","jetpack_sharing_enabled":true,"_links":{"self":[{"href":"https:\/\/pornuestrolaredo.com\/index.php?rest_route=\/wp\/v2\/posts\/3702","targetHints":{"allow":["GET"]}}],"collection":[{"href":"https:\/\/pornuestrolaredo.com\/index.php?rest_route=\/wp\/v2\/posts"}],"about":[{"href":"https:\/\/pornuestrolaredo.com\/index.php?rest_route=\/wp\/v2\/types\/post"}],"author":[{"embeddable":true,"href":"https:\/\/pornuestrolaredo.com\/index.php?rest_route=\/wp\/v2\/users\/1"}],"replies":[{"embeddable":true,"href":"https:\/\/pornuestrolaredo.com\/index.php?rest_route=%2Fwp%2Fv2%2Fcomments&post=3702"}],"version-history":[{"count":1,"href":"https:\/\/pornuestrolaredo.com\/index.php?rest_route=\/wp\/v2\/posts\/3702\/revisions"}],"predecessor-version":[{"id":3704,"href":"https:\/\/pornuestrolaredo.com\/index.php?rest_route=\/wp\/v2\/posts\/3702\/revisions\/3704"}],"wp:featuredmedia":[{"embeddable":true,"href":"https:\/\/pornuestrolaredo.com\/index.php?rest_route=\/wp\/v2\/media\/3703"}],"wp:attachment":[{"href":"https:\/\/pornuestrolaredo.com\/index.php?rest_route=%2Fwp%2Fv2%2Fmedia&parent=3702"}],"wp:term":[{"taxonomy":"category","embeddable":true,"href":"https:\/\/pornuestrolaredo.com\/index.php?rest_route=%2Fwp%2Fv2%2Fcategories&post=3702"},{"taxonomy":"post_tag","embeddable":true,"href":"https:\/\/pornuestrolaredo.com\/index.php?rest_route=%2Fwp%2Fv2%2Ftags&post=3702"}],"curies":[{"name":"wp","href":"https:\/\/api.w.org\/{rel}","templated":true}]}}