{"id":3714,"date":"2024-01-22T22:46:33","date_gmt":"2024-01-22T22:46:33","guid":{"rendered":"https:\/\/pornuestrolaredo.com\/?p=3714"},"modified":"2024-01-22T22:46:33","modified_gmt":"2024-01-22T22:46:33","slug":"autoriza-corte-a-retirar-alambre-de-puas-en-la-frontera","status":"publish","type":"post","link":"https:\/\/pornuestrolaredo.com\/?p=3714","title":{"rendered":"Autoriza Corte a retirar alambre de p\u00faas en la frontera"},"content":{"rendered":"<p><strong><em>WASHINGTON.- <\/em><\/strong>La Corte Suprema de Estados Unidos acord\u00f3 el lunes autorizar temporalmente a los agentes de la Patrulla Fronteriza a cortar o retirar las vallas de alambre de p\u00faas que las autoridades de Texas colocaron en parte de la frontera con M\u00e9xico para impedir el cruce ilegal de migrantes.<\/p>\n<p>Los jueces, en un fallo 5-4, accedieron a una petici\u00f3n del Gobierno del Presidente Joe Biden de suspender el veredicto de una corte inferior que imped\u00eda temporalmente a los agentes federales alterar el vallado mientras contin\u00faa el litigio sobre el asunto.<\/p>\n<p>Dos jueces conservadores -el presidente del Tribunal Supremo, John Roberts, y la jueza Amy Coney Barrett- se sumaron a los tres jueces liberales de la mayor\u00eda, con la discrepancia de los conservadores Clarence Thomas, Samuel Alito, Neil Gorsuch y Brett Kavanaugh.<\/p>\n<p>La Corte de Apelaciones del Quinto Circuito de Estados Unidos, con sede en Nueva Orleans, que emiti\u00f3 el controvertido fallo provisional, tiene previsto escuchar los argumentos el 7 de febrero sobre si los agentes de la Patrulla Fronteriza violaron la ley de Texas al cortar la barrera de alambre de p\u00faas.<br \/>\nDicha inmunidad protege al Gobierno Federal de demandas civiles y procesos penales.<\/p>\n<p>Texas demand\u00f3 a la Administraci\u00f3n en octubre de 2023 por lo que consideraba una pr\u00e1ctica intensificada por parte de los agentes de Aduanas y Protecci\u00f3n de Fronteras de Estados Unidos de cortar, destruir o da\u00f1ar de cualquier otro modo las vallas que el Estado hab\u00eda colocado estrat\u00e9gicamente en terrenos privados con el permiso de los propietarios.<\/p>\n<p>Los republicanos han criticado duramente las pol\u00edticas de migraci\u00f3n de Biden y el flujo de entradas ilegales a trav\u00e9s de la frontera de Estados Unidos con M\u00e9xico, un tema que sin duda cobrar\u00e1 fuerza de cara a las elecciones del 5 de noviembre, en las que el Presidente dem\u00f3crata aspira a permanecer otros cuatro a\u00f1os en el cargo.<\/p>\n","protected":false},"excerpt":{"rendered":"<p>El Gobierno de Biden sostiene controversia con Texas sobre el vallado usado para contener a los migrantes<\/p>\n","protected":false},"author":1,"featured_media":3715,"comment_status":"closed","ping_status":"closed","sticky":false,"template":"","format":"standard","meta":{"_crdt_document":"","_jetpack_memberships_contains_paid_content":false,"footnotes":"","jetpack_publicize_message":"","jetpack_publicize_feature_enabled":true,"jetpack_social_post_already_shared":true,"jetpack_social_options":{"image_generator_settings":{"template":"highway","default_image_id":0,"font":"","enabled":false},"version":2},"_wpas_customize_per_network":false},"categories":[9],"tags":[],"class_list":["post-3714","post","type-post","status-publish","format-standard","has-post-thumbnail","hentry","category-el-mundo"],"magazineBlocksPostFeaturedMedia":{"thumbnail":"https:\/\/pornuestrolaredo.com\/wp-content\/uploads\/2024\/01\/Vallas-150x150.jpg","medium":"https:\/\/pornuestrolaredo.com\/wp-content\/uploads\/2024\/01\/Vallas-300x200.jpg","medium_large":"https:\/\/pornuestrolaredo.com\/wp-content\/uploads\/2024\/01\/Vallas-768x512.jpg","large":"https:\/\/pornuestrolaredo.com\/wp-content\/uploads\/2024\/01\/Vallas.jpg","1536x1536":"https:\/\/pornuestrolaredo.com\/wp-content\/uploads\/2024\/01\/Vallas.jpg","2048x2048":"https:\/\/pornuestrolaredo.com\/wp-content\/uploads\/2024\/01\/Vallas.jpg","morenews-large":"https:\/\/pornuestrolaredo.com\/wp-content\/uploads\/2024\/01\/Vallas.jpg","morenews-medium":"https:\/\/pornuestrolaredo.com\/wp-content\/uploads\/2024\/01\/Vallas.jpg"},"magazineBlocksPostAuthor":{"name":"Redactor","avatar":"https:\/\/pornuestrolaredo.com\/wp-content\/litespeed\/avatar\/dca1d7ec750c399f025f23b0b314f4cf.jpg?ver=1777612120"},"magazineBlocksPostCommentsNumber":false,"magazineBlocksPostExcerpt":"El Gobierno de Biden sostiene controversia con Texas sobre el vallado usado para contener a los migrantes\r\n","magazineBlocksPostCategories":["El Mundo"],"magazineBlocksPostViewCount":122,"magazineBlocksPostReadTime":2,"magazine_blocks_featured_image_url":{"full":["https:\/\/pornuestrolaredo.com\/wp-content\/uploads\/2024\/01\/Vallas.jpg",960,640,false],"medium":["https:\/\/pornuestrolaredo.com\/wp-content\/uploads\/2024\/01\/Vallas-300x200.jpg",300,200,true],"thumbnail":["https:\/\/pornuestrolaredo.com\/wp-content\/uploads\/2024\/01\/Vallas-150x150.jpg",150,150,true]},"magazine_blocks_author":{"display_name":"Redactor","author_link":"https:\/\/pornuestrolaredo.com\/?author=1"},"magazine_blocks_comment":0,"magazine_blocks_author_image":"https:\/\/pornuestrolaredo.com\/wp-content\/litespeed\/avatar\/dca1d7ec750c399f025f23b0b314f4cf.jpg?ver=1777612120","magazine_blocks_category":"<a href=\"#\" class=\"category-link category-link-9\">El Mundo<\/a>","jetpack_publicize_connections":[],"featured_image_urls":{"full":["https:\/\/pornuestrolaredo.com\/wp-content\/uploads\/2024\/01\/Vallas.jpg",960,640,false],"thumbnail":["https:\/\/pornuestrolaredo.com\/wp-content\/uploads\/2024\/01\/Vallas-150x150.jpg",150,150,true],"medium":["https:\/\/pornuestrolaredo.com\/wp-content\/uploads\/2024\/01\/Vallas-300x200.jpg",300,200,true],"medium_large":["https:\/\/pornuestrolaredo.com\/wp-content\/uploads\/2024\/01\/Vallas-768x512.jpg",640,427,true],"large":["https:\/\/pornuestrolaredo.com\/wp-content\/uploads\/2024\/01\/Vallas.jpg",640,427,false],"1536x1536":["https:\/\/pornuestrolaredo.com\/wp-content\/uploads\/2024\/01\/Vallas.jpg",960,640,false],"2048x2048":["https:\/\/pornuestrolaredo.com\/wp-content\/uploads\/2024\/01\/Vallas.jpg",960,640,false],"morenews-large":["https:\/\/pornuestrolaredo.com\/wp-content\/uploads\/2024\/01\/Vallas.jpg",825,550,false],"morenews-medium":["https:\/\/pornuestrolaredo.com\/wp-content\/uploads\/2024\/01\/Vallas.jpg",590,393,false]},"author_info":{"info":["Redactor"]},"category_info":"<a href=\"https:\/\/pornuestrolaredo.com\/?cat=9\" rel=\"category\">El Mundo<\/a>","tag_info":"El Mundo","comment_count":"0","jetpack_featured_media_url":"https:\/\/pornuestrolaredo.com\/wp-content\/uploads\/2024\/01\/Vallas.jpg","jetpack_sharing_enabled":true,"_links":{"self":[{"href":"https:\/\/pornuestrolaredo.com\/index.php?rest_route=\/wp\/v2\/posts\/3714","targetHints":{"allow":["GET"]}}],"collection":[{"href":"https:\/\/pornuestrolaredo.com\/index.php?rest_route=\/wp\/v2\/posts"}],"about":[{"href":"https:\/\/pornuestrolaredo.com\/index.php?rest_route=\/wp\/v2\/types\/post"}],"author":[{"embeddable":true,"href":"https:\/\/pornuestrolaredo.com\/index.php?rest_route=\/wp\/v2\/users\/1"}],"replies":[{"embeddable":true,"href":"https:\/\/pornuestrolaredo.com\/index.php?rest_route=%2Fwp%2Fv2%2Fcomments&post=3714"}],"version-history":[{"count":1,"href":"https:\/\/pornuestrolaredo.com\/index.php?rest_route=\/wp\/v2\/posts\/3714\/revisions"}],"predecessor-version":[{"id":3716,"href":"https:\/\/pornuestrolaredo.com\/index.php?rest_route=\/wp\/v2\/posts\/3714\/revisions\/3716"}],"wp:featuredmedia":[{"embeddable":true,"href":"https:\/\/pornuestrolaredo.com\/index.php?rest_route=\/wp\/v2\/media\/3715"}],"wp:attachment":[{"href":"https:\/\/pornuestrolaredo.com\/index.php?rest_route=%2Fwp%2Fv2%2Fmedia&parent=3714"}],"wp:term":[{"taxonomy":"category","embeddable":true,"href":"https:\/\/pornuestrolaredo.com\/index.php?rest_route=%2Fwp%2Fv2%2Fcategories&post=3714"},{"taxonomy":"post_tag","embeddable":true,"href":"https:\/\/pornuestrolaredo.com\/index.php?rest_route=%2Fwp%2Fv2%2Ftags&post=3714"}],"curies":[{"name":"wp","href":"https:\/\/api.w.org\/{rel}","templated":true}]}}