{"id":3720,"date":"2024-01-24T02:56:04","date_gmt":"2024-01-24T02:56:04","guid":{"rendered":"https:\/\/pornuestrolaredo.com\/?p=3720"},"modified":"2024-01-24T02:56:04","modified_gmt":"2024-01-24T02:56:04","slug":"reabriran-el-viernes-el-parque-mendoza","status":"publish","type":"post","link":"https:\/\/pornuestrolaredo.com\/?p=3720","title":{"rendered":"Reabrir\u00e1n el viernes el Parque Mendoza"},"content":{"rendered":"<p><strong><em>NUEVO LAREDO.-<\/em> <\/strong>Los trabajos de alumbrado p\u00fablico en el Parque \u201cNarciso Mendoza\u201d han concluido al 100% para brindar mayor seguridad a las familias que visitar\u00e1n el parque que ser\u00e1 reinaugurado pr\u00f3ximamente por la alcaldesa Carmen Lilia Canturosas Villarreal.<\/p>\n<p>La rehabilitaci\u00f3n completa de este tradicional parque incluye: nuevos andadores, Kiosko, reforestaci\u00f3n, \u00e1rea nueva de juegos infantiles, juegos inclusivos para ni\u00f1os con discapacidad, entre otros.<\/p>\n<p>Para esta obra, el Gobierno Municipal destin\u00f3 una inversi\u00f3n de m\u00e1s de 18 millones de pesos para la transformaci\u00f3n del ic\u00f3nico Parque \u201cNarciso Mendoza\u201d que pronto reabrir\u00e1 sus puertas para el disfrute de las familias neolaredenses.<\/p>\n","protected":false},"excerpt":{"rendered":"<p>Ahora, los neolaredenses podr\u00e1n disfrutar de nuevos andadores, Kiosko, reforestaci\u00f3n, \u00e1rea nueva de juegos infantiles y juegos inclusivos para ni\u00f1os con discapacidad<\/p>\n","protected":false},"author":1,"featured_media":3721,"comment_status":"closed","ping_status":"closed","sticky":false,"template":"","format":"standard","meta":{"_crdt_document":"","_jetpack_memberships_contains_paid_content":false,"footnotes":"","jetpack_publicize_message":"","jetpack_publicize_feature_enabled":true,"jetpack_social_post_already_shared":true,"jetpack_social_options":{"image_generator_settings":{"template":"highway","default_image_id":0,"font":"","enabled":false},"version":2},"_wpas_customize_per_network":false},"categories":[4],"tags":[],"class_list":["post-3720","post","type-post","status-publish","format-standard","has-post-thumbnail","hentry","category-los-dos-laredos"],"magazineBlocksPostFeaturedMedia":{"thumbnail":"https:\/\/pornuestrolaredo.com\/wp-content\/uploads\/2024\/01\/03-B-01-COR-150x150.jpg","medium":"https:\/\/pornuestrolaredo.com\/wp-content\/uploads\/2024\/01\/03-B-01-COR-300x225.jpg","medium_large":"https:\/\/pornuestrolaredo.com\/wp-content\/uploads\/2024\/01\/03-B-01-COR-768x576.jpg","large":"https:\/\/pornuestrolaredo.com\/wp-content\/uploads\/2024\/01\/03-B-01-COR-1000x750.jpg","1536x1536":"https:\/\/pornuestrolaredo.com\/wp-content\/uploads\/2024\/01\/03-B-01-COR-1536x1152.jpg","2048x2048":"https:\/\/pornuestrolaredo.com\/wp-content\/uploads\/2024\/01\/03-B-01-COR.jpg","morenews-large":"https:\/\/pornuestrolaredo.com\/wp-content\/uploads\/2024\/01\/03-B-01-COR.jpg","morenews-medium":"https:\/\/pornuestrolaredo.com\/wp-content\/uploads\/2024\/01\/03-B-01-COR.jpg"},"magazineBlocksPostAuthor":{"name":"Redactor","avatar":"https:\/\/pornuestrolaredo.com\/wp-content\/litespeed\/avatar\/dca1d7ec750c399f025f23b0b314f4cf.jpg?ver=1777612120"},"magazineBlocksPostCommentsNumber":false,"magazineBlocksPostExcerpt":"Ahora, los neolaredenses podr\u00e1n disfrutar de nuevos andadores, Kiosko, reforestaci\u00f3n, \u00e1rea nueva de juegos infantiles y juegos inclusivos para ni\u00f1os con discapacidad\r\n","magazineBlocksPostCategories":["Los dos Laredos"],"magazineBlocksPostViewCount":137,"magazineBlocksPostReadTime":1,"magazine_blocks_featured_image_url":{"full":["https:\/\/pornuestrolaredo.com\/wp-content\/uploads\/2024\/01\/03-B-01-COR.jpg",1600,1200,false],"medium":["https:\/\/pornuestrolaredo.com\/wp-content\/uploads\/2024\/01\/03-B-01-COR-300x225.jpg",300,225,true],"thumbnail":["https:\/\/pornuestrolaredo.com\/wp-content\/uploads\/2024\/01\/03-B-01-COR-150x150.jpg",150,150,true]},"magazine_blocks_author":{"display_name":"Redactor","author_link":"https:\/\/pornuestrolaredo.com\/?author=1"},"magazine_blocks_comment":0,"magazine_blocks_author_image":"https:\/\/pornuestrolaredo.com\/wp-content\/litespeed\/avatar\/dca1d7ec750c399f025f23b0b314f4cf.jpg?ver=1777612120","magazine_blocks_category":"<a href=\"#\" class=\"category-link category-link-4\">Los dos Laredos<\/a>","jetpack_publicize_connections":[],"featured_image_urls":{"full":["https:\/\/pornuestrolaredo.com\/wp-content\/uploads\/2024\/01\/03-B-01-COR.jpg",1600,1200,false],"thumbnail":["https:\/\/pornuestrolaredo.com\/wp-content\/uploads\/2024\/01\/03-B-01-COR-150x150.jpg",150,150,true],"medium":["https:\/\/pornuestrolaredo.com\/wp-content\/uploads\/2024\/01\/03-B-01-COR-300x225.jpg",300,225,true],"medium_large":["https:\/\/pornuestrolaredo.com\/wp-content\/uploads\/2024\/01\/03-B-01-COR-768x576.jpg",640,480,true],"large":["https:\/\/pornuestrolaredo.com\/wp-content\/uploads\/2024\/01\/03-B-01-COR-1000x750.jpg",640,480,true],"1536x1536":["https:\/\/pornuestrolaredo.com\/wp-content\/uploads\/2024\/01\/03-B-01-COR-1536x1152.jpg",1536,1152,true],"2048x2048":["https:\/\/pornuestrolaredo.com\/wp-content\/uploads\/2024\/01\/03-B-01-COR.jpg",1600,1200,false],"morenews-large":["https:\/\/pornuestrolaredo.com\/wp-content\/uploads\/2024\/01\/03-B-01-COR.jpg",767,575,false],"morenews-medium":["https:\/\/pornuestrolaredo.com\/wp-content\/uploads\/2024\/01\/03-B-01-COR.jpg",547,410,false]},"author_info":{"info":["Redactor"]},"category_info":"<a href=\"https:\/\/pornuestrolaredo.com\/?cat=4\" rel=\"category\">Los dos Laredos<\/a>","tag_info":"Los dos Laredos","comment_count":"0","jetpack_featured_media_url":"https:\/\/pornuestrolaredo.com\/wp-content\/uploads\/2024\/01\/03-B-01-COR.jpg","jetpack_sharing_enabled":true,"_links":{"self":[{"href":"https:\/\/pornuestrolaredo.com\/index.php?rest_route=\/wp\/v2\/posts\/3720","targetHints":{"allow":["GET"]}}],"collection":[{"href":"https:\/\/pornuestrolaredo.com\/index.php?rest_route=\/wp\/v2\/posts"}],"about":[{"href":"https:\/\/pornuestrolaredo.com\/index.php?rest_route=\/wp\/v2\/types\/post"}],"author":[{"embeddable":true,"href":"https:\/\/pornuestrolaredo.com\/index.php?rest_route=\/wp\/v2\/users\/1"}],"replies":[{"embeddable":true,"href":"https:\/\/pornuestrolaredo.com\/index.php?rest_route=%2Fwp%2Fv2%2Fcomments&post=3720"}],"version-history":[{"count":1,"href":"https:\/\/pornuestrolaredo.com\/index.php?rest_route=\/wp\/v2\/posts\/3720\/revisions"}],"predecessor-version":[{"id":3722,"href":"https:\/\/pornuestrolaredo.com\/index.php?rest_route=\/wp\/v2\/posts\/3720\/revisions\/3722"}],"wp:featuredmedia":[{"embeddable":true,"href":"https:\/\/pornuestrolaredo.com\/index.php?rest_route=\/wp\/v2\/media\/3721"}],"wp:attachment":[{"href":"https:\/\/pornuestrolaredo.com\/index.php?rest_route=%2Fwp%2Fv2%2Fmedia&parent=3720"}],"wp:term":[{"taxonomy":"category","embeddable":true,"href":"https:\/\/pornuestrolaredo.com\/index.php?rest_route=%2Fwp%2Fv2%2Fcategories&post=3720"},{"taxonomy":"post_tag","embeddable":true,"href":"https:\/\/pornuestrolaredo.com\/index.php?rest_route=%2Fwp%2Fv2%2Ftags&post=3720"}],"curies":[{"name":"wp","href":"https:\/\/api.w.org\/{rel}","templated":true}]}}