{"id":3735,"date":"2024-01-31T05:51:51","date_gmt":"2024-01-31T05:51:51","guid":{"rendered":"https:\/\/pornuestrolaredo.com\/?p=3735"},"modified":"2024-01-31T05:51:51","modified_gmt":"2024-01-31T05:51:51","slug":"victimas-del-avionazo-eran-duenos-del-rancho-walker","status":"publish","type":"post","link":"https:\/\/pornuestrolaredo.com\/?p=3735","title":{"rendered":"V\u00edctimas del avionazo eran due\u00f1os del rancho Walker"},"content":{"rendered":"<p>LAREDO, TEXAS.- Las dos v\u00edctimas del avionazo de este lunes eran due\u00f1os del rancho Walker en donde la avioneta choc\u00f3 contra un cable de alta tensi\u00f3n y se desplom\u00f3 a tierra.<\/p>\n<p>El sargento Erick Estrada, vocero del Departamento de Seguridad P\u00fablica de Texas (DPS) Distrito Laredo, inform\u00f3 la tarde de este martes que las v\u00edctimas fueron identificadas como Gene Simeon, de 66 a\u00f1os; y James Patrick, de 63, ambos de apellido Walker.<\/p>\n<p>La investigaci\u00f3n de agentes federales del Air Transportation Stabilization Board (ATSB) perteneciente a la FAA a\u00fan est\u00e1 en curso, pero se cree que los Walker sobrevolaban su rancho a bordo de una avioneta de dos plazas, poco despu\u00e9s de las 2:30 de la tarde del lunes.<\/p>\n<p>Las autoridades tratan de establecer si el avi\u00f3n de los Walker sufri\u00f3 alg\u00fan desperfecto o en realidad hab\u00edan tomado la decisi\u00f3n de volar bajo, lo que caus\u00f3 el accidente mortal.<\/p>\n<p>Luego de chocar con el cable, el avi\u00f3n se precipit\u00f3 a tierra a unas cuatro millas al sur de la Carretera 59 y dentro de los terrenos del rancho.<\/p>\n<p>Los oficiales de la agencia federal del transporte estar\u00edan revisando si hubo comunicaciones con la torre del Aeropuerto Internacional de Laredo antes del accidente.<\/p>\n<p>Estrada dijo que ATSBse ha hecho cargo del escenario y del caso. Los restos del avi\u00f3n ser\u00e1n trasladados a un sitio donde puedan ser analizados y tratar de esclarecer qu\u00e9 fue lo que sucedi\u00f3.<\/p>\n","protected":false},"excerpt":{"rendered":"<p>El Departamento de Seguridad P\u00fablica de Texas dijo que se trata de los adultos mayores Gene Simeon y James Patrick, ambos de apellido Walker<\/p>\n","protected":false},"author":1,"featured_media":3736,"comment_status":"closed","ping_status":"closed","sticky":false,"template":"","format":"standard","meta":{"_crdt_document":"","_jetpack_memberships_contains_paid_content":false,"footnotes":"","jetpack_publicize_message":"","jetpack_publicize_feature_enabled":true,"jetpack_social_post_already_shared":true,"jetpack_social_options":{"image_generator_settings":{"template":"highway","default_image_id":0,"font":"","enabled":false},"version":2},"_wpas_customize_per_network":false},"categories":[4],"tags":[],"class_list":["post-3735","post","type-post","status-publish","format-standard","has-post-thumbnail","hentry","category-los-dos-laredos"],"magazineBlocksPostFeaturedMedia":{"thumbnail":"https:\/\/pornuestrolaredo.com\/wp-content\/uploads\/2024\/01\/Stereo91-20240130-1-150x150.jpg","medium":"https:\/\/pornuestrolaredo.com\/wp-content\/uploads\/2024\/01\/Stereo91-20240130-1-300x160.jpg","medium_large":"https:\/\/pornuestrolaredo.com\/wp-content\/uploads\/2024\/01\/Stereo91-20240130-1-768x409.jpg","large":"https:\/\/pornuestrolaredo.com\/wp-content\/uploads\/2024\/01\/Stereo91-20240130-1.jpg","1536x1536":"https:\/\/pornuestrolaredo.com\/wp-content\/uploads\/2024\/01\/Stereo91-20240130-1.jpg","2048x2048":"https:\/\/pornuestrolaredo.com\/wp-content\/uploads\/2024\/01\/Stereo91-20240130-1.jpg","morenews-large":"https:\/\/pornuestrolaredo.com\/wp-content\/uploads\/2024\/01\/Stereo91-20240130-1.jpg","morenews-medium":"https:\/\/pornuestrolaredo.com\/wp-content\/uploads\/2024\/01\/Stereo91-20240130-1.jpg"},"magazineBlocksPostAuthor":{"name":"Redactor","avatar":"https:\/\/pornuestrolaredo.com\/wp-content\/litespeed\/avatar\/dca1d7ec750c399f025f23b0b314f4cf.jpg?ver=1777612120"},"magazineBlocksPostCommentsNumber":false,"magazineBlocksPostExcerpt":"El Departamento de Seguridad P\u00fablica de Texas dijo que se trata de los adultos mayores Gene Simeon y James Patrick, ambos de apellido Walker","magazineBlocksPostCategories":["Los dos Laredos"],"magazineBlocksPostViewCount":127,"magazineBlocksPostReadTime":2,"magazine_blocks_featured_image_url":{"full":["https:\/\/pornuestrolaredo.com\/wp-content\/uploads\/2024\/01\/Stereo91-20240130-1.jpg",850,453,false],"medium":["https:\/\/pornuestrolaredo.com\/wp-content\/uploads\/2024\/01\/Stereo91-20240130-1-300x160.jpg",300,160,true],"thumbnail":["https:\/\/pornuestrolaredo.com\/wp-content\/uploads\/2024\/01\/Stereo91-20240130-1-150x150.jpg",150,150,true]},"magazine_blocks_author":{"display_name":"Redactor","author_link":"https:\/\/pornuestrolaredo.com\/?author=1"},"magazine_blocks_comment":0,"magazine_blocks_author_image":"https:\/\/pornuestrolaredo.com\/wp-content\/litespeed\/avatar\/dca1d7ec750c399f025f23b0b314f4cf.jpg?ver=1777612120","magazine_blocks_category":"<a href=\"#\" class=\"category-link category-link-4\">Los dos Laredos<\/a>","jetpack_publicize_connections":[],"featured_image_urls":{"full":["https:\/\/pornuestrolaredo.com\/wp-content\/uploads\/2024\/01\/Stereo91-20240130-1.jpg",850,453,false],"thumbnail":["https:\/\/pornuestrolaredo.com\/wp-content\/uploads\/2024\/01\/Stereo91-20240130-1-150x150.jpg",150,150,true],"medium":["https:\/\/pornuestrolaredo.com\/wp-content\/uploads\/2024\/01\/Stereo91-20240130-1-300x160.jpg",300,160,true],"medium_large":["https:\/\/pornuestrolaredo.com\/wp-content\/uploads\/2024\/01\/Stereo91-20240130-1-768x409.jpg",640,341,true],"large":["https:\/\/pornuestrolaredo.com\/wp-content\/uploads\/2024\/01\/Stereo91-20240130-1.jpg",640,341,false],"1536x1536":["https:\/\/pornuestrolaredo.com\/wp-content\/uploads\/2024\/01\/Stereo91-20240130-1.jpg",850,453,false],"2048x2048":["https:\/\/pornuestrolaredo.com\/wp-content\/uploads\/2024\/01\/Stereo91-20240130-1.jpg",850,453,false],"morenews-large":["https:\/\/pornuestrolaredo.com\/wp-content\/uploads\/2024\/01\/Stereo91-20240130-1.jpg",825,440,false],"morenews-medium":["https:\/\/pornuestrolaredo.com\/wp-content\/uploads\/2024\/01\/Stereo91-20240130-1.jpg",590,314,false]},"author_info":{"info":["Redactor"]},"category_info":"<a href=\"https:\/\/pornuestrolaredo.com\/?cat=4\" rel=\"category\">Los dos Laredos<\/a>","tag_info":"Los dos Laredos","comment_count":"0","jetpack_featured_media_url":"https:\/\/pornuestrolaredo.com\/wp-content\/uploads\/2024\/01\/Stereo91-20240130-1.jpg","jetpack_sharing_enabled":true,"_links":{"self":[{"href":"https:\/\/pornuestrolaredo.com\/index.php?rest_route=\/wp\/v2\/posts\/3735","targetHints":{"allow":["GET"]}}],"collection":[{"href":"https:\/\/pornuestrolaredo.com\/index.php?rest_route=\/wp\/v2\/posts"}],"about":[{"href":"https:\/\/pornuestrolaredo.com\/index.php?rest_route=\/wp\/v2\/types\/post"}],"author":[{"embeddable":true,"href":"https:\/\/pornuestrolaredo.com\/index.php?rest_route=\/wp\/v2\/users\/1"}],"replies":[{"embeddable":true,"href":"https:\/\/pornuestrolaredo.com\/index.php?rest_route=%2Fwp%2Fv2%2Fcomments&post=3735"}],"version-history":[{"count":1,"href":"https:\/\/pornuestrolaredo.com\/index.php?rest_route=\/wp\/v2\/posts\/3735\/revisions"}],"predecessor-version":[{"id":3737,"href":"https:\/\/pornuestrolaredo.com\/index.php?rest_route=\/wp\/v2\/posts\/3735\/revisions\/3737"}],"wp:featuredmedia":[{"embeddable":true,"href":"https:\/\/pornuestrolaredo.com\/index.php?rest_route=\/wp\/v2\/media\/3736"}],"wp:attachment":[{"href":"https:\/\/pornuestrolaredo.com\/index.php?rest_route=%2Fwp%2Fv2%2Fmedia&parent=3735"}],"wp:term":[{"taxonomy":"category","embeddable":true,"href":"https:\/\/pornuestrolaredo.com\/index.php?rest_route=%2Fwp%2Fv2%2Fcategories&post=3735"},{"taxonomy":"post_tag","embeddable":true,"href":"https:\/\/pornuestrolaredo.com\/index.php?rest_route=%2Fwp%2Fv2%2Ftags&post=3735"}],"curies":[{"name":"wp","href":"https:\/\/api.w.org\/{rel}","templated":true}]}}