{"id":3739,"date":"2024-02-01T06:52:17","date_gmt":"2024-02-01T06:52:17","guid":{"rendered":"https:\/\/pornuestrolaredo.com\/?p=3739"},"modified":"2024-02-01T06:52:17","modified_gmt":"2024-02-01T06:52:17","slug":"llegan-tarjetas-para-nuevos-beneficiarios-de-pension-bienestar","status":"publish","type":"post","link":"https:\/\/pornuestrolaredo.com\/?p=3739","title":{"rendered":"Llegan tarjetas para nuevos beneficiarios de pensi\u00f3n Bienestar"},"content":{"rendered":"<p><strong><em>NUEVO LAREDO.-<<\/em>\/strong> Adultos mayores que tramitaron sus tarjetas para la pensi\u00f3n de Bienestar en noviembre y diciembre del 2023 y principios de enero, deben acudir a recogerlas a partir de este viernes al Palacio Federal de Nuevo Laredo.<\/p>\n<p>Heriberto Cant\u00fa De\u00e1ndar, delegado local de los programas para el Bienestar, dijo que adem\u00e1s, hay mil tarjetas disponibles para las personas a las que se les vencieron en enero.<br \/>\nSon 2 mil 789 tarjetas las que llegaron para nuevos beneficiarios a las oficinas de Bienestar este mi\u00e9rcoles y se comenzar\u00e1n a entregar a partir del viernes y hasta el 19 de febrero.<\/p>\n<p>Cant\u00fa De\u00e1ndar explic\u00f3 que las tarjetas son para adultos mayores que cumplieron o cumplen a\u00f1os entre el 1 noviembre del 2023 y el 30 de junio de 2024.<\/p>\n<p>El dep\u00f3sito para todas estas personas se har\u00e1 entre el 26 y 29 de febrero.<\/p>\n<p>En la Delegaci\u00f3n de Programas del Bienestar, ubicada en el Palacio Federal, tambi\u00e9n se entregar\u00e1n mil tarjetas de adultos mayores y personas con discapacidad a las que se les vencen en este enero.<\/p>\n<p>\u201cYa se entregaron 600 y faltan otras mil\u201d, dijo Cant\u00fa De\u00e1ndar.<\/p>\n<p>En un video, en la p\u00e1gina oficial de redes sociales de la Delegaci\u00f3n de Programas de Bienestar Regi\u00f3n 4, Cant\u00fa De\u00e1ndar dijo que por ahora se atender\u00e1 a los nuevos beneficiarios de la pensi\u00f3n para adultos mayores en Palacio Federal, pero si hay oportunidad ocupar un espacio mayor, lo har\u00e1n.<\/p>\n<p>El Polyf\u00f3rum La Fe fue descartado por Cant\u00fa De\u00e1ndar por encontrarse cerca de la construcci\u00f3n del Puente S\u00e1mano, lo que complica la entrada y salida del sector y el Centro C\u00edvico est\u00e1 ocupado.<\/p>\n<p>La Delegaci\u00f3n abre sus puertas de lunes a viernes de 8:00 de la ma\u00f1ana a 3:00 de la tarde y los beneficiarios pueden recoger su tarjeta bancaria con una credencial con fotograf\u00eda y el n\u00famero de folio que se les entreg\u00f3 al realizar el tr\u00e1mite.<\/p>\n","protected":false},"excerpt":{"rendered":"<p>Son para los adultos mayores que realizaron su tr\u00e1mite entre noviembre del 2023 y hasta principios de enero <\/p>\n","protected":false},"author":1,"featured_media":3740,"comment_status":"closed","ping_status":"closed","sticky":false,"template":"","format":"standard","meta":{"_crdt_document":"","_jetpack_memberships_contains_paid_content":false,"footnotes":"","jetpack_publicize_message":"","jetpack_publicize_feature_enabled":true,"jetpack_social_post_already_shared":true,"jetpack_social_options":{"image_generator_settings":{"template":"highway","default_image_id":0,"font":"","enabled":false},"version":2},"_wpas_customize_per_network":false},"categories":[4],"tags":[],"class_list":["post-3739","post","type-post","status-publish","format-standard","has-post-thumbnail","hentry","category-los-dos-laredos"],"magazineBlocksPostFeaturedMedia":{"thumbnail":"https:\/\/pornuestrolaredo.com\/wp-content\/uploads\/2024\/02\/Stereo91-20240131-1-150x150.jpg","medium":"https:\/\/pornuestrolaredo.com\/wp-content\/uploads\/2024\/02\/Stereo91-20240131-1-300x169.jpg","medium_large":"https:\/\/pornuestrolaredo.com\/wp-content\/uploads\/2024\/02\/Stereo91-20240131-1-768x432.jpg","large":"https:\/\/pornuestrolaredo.com\/wp-content\/uploads\/2024\/02\/Stereo91-20240131-1-1000x563.jpg","1536x1536":"https:\/\/pornuestrolaredo.com\/wp-content\/uploads\/2024\/02\/Stereo91-20240131-1.jpg","2048x2048":"https:\/\/pornuestrolaredo.com\/wp-content\/uploads\/2024\/02\/Stereo91-20240131-1.jpg","morenews-large":"https:\/\/pornuestrolaredo.com\/wp-content\/uploads\/2024\/02\/Stereo91-20240131-1.jpg","morenews-medium":"https:\/\/pornuestrolaredo.com\/wp-content\/uploads\/2024\/02\/Stereo91-20240131-1.jpg"},"magazineBlocksPostAuthor":{"name":"Redactor","avatar":"https:\/\/pornuestrolaredo.com\/wp-content\/litespeed\/avatar\/dca1d7ec750c399f025f23b0b314f4cf.jpg?ver=1777612120"},"magazineBlocksPostCommentsNumber":false,"magazineBlocksPostExcerpt":"Son para los adultos mayores que realizaron su tr\u00e1mite entre noviembre del 2023 y hasta principios de enero ","magazineBlocksPostCategories":["Los dos Laredos"],"magazineBlocksPostViewCount":124,"magazineBlocksPostReadTime":2,"magazine_blocks_featured_image_url":{"full":["https:\/\/pornuestrolaredo.com\/wp-content\/uploads\/2024\/02\/Stereo91-20240131-1.jpg",1200,675,false],"medium":["https:\/\/pornuestrolaredo.com\/wp-content\/uploads\/2024\/02\/Stereo91-20240131-1-300x169.jpg",300,169,true],"thumbnail":["https:\/\/pornuestrolaredo.com\/wp-content\/uploads\/2024\/02\/Stereo91-20240131-1-150x150.jpg",150,150,true]},"magazine_blocks_author":{"display_name":"Redactor","author_link":"https:\/\/pornuestrolaredo.com\/?author=1"},"magazine_blocks_comment":0,"magazine_blocks_author_image":"https:\/\/pornuestrolaredo.com\/wp-content\/litespeed\/avatar\/dca1d7ec750c399f025f23b0b314f4cf.jpg?ver=1777612120","magazine_blocks_category":"<a href=\"#\" class=\"category-link category-link-4\">Los dos Laredos<\/a>","jetpack_publicize_connections":[],"featured_image_urls":{"full":["https:\/\/pornuestrolaredo.com\/wp-content\/uploads\/2024\/02\/Stereo91-20240131-1.jpg",1200,675,false],"thumbnail":["https:\/\/pornuestrolaredo.com\/wp-content\/uploads\/2024\/02\/Stereo91-20240131-1-150x150.jpg",150,150,true],"medium":["https:\/\/pornuestrolaredo.com\/wp-content\/uploads\/2024\/02\/Stereo91-20240131-1-300x169.jpg",300,169,true],"medium_large":["https:\/\/pornuestrolaredo.com\/wp-content\/uploads\/2024\/02\/Stereo91-20240131-1-768x432.jpg",640,360,true],"large":["https:\/\/pornuestrolaredo.com\/wp-content\/uploads\/2024\/02\/Stereo91-20240131-1-1000x563.jpg",640,360,true],"1536x1536":["https:\/\/pornuestrolaredo.com\/wp-content\/uploads\/2024\/02\/Stereo91-20240131-1.jpg",1200,675,false],"2048x2048":["https:\/\/pornuestrolaredo.com\/wp-content\/uploads\/2024\/02\/Stereo91-20240131-1.jpg",1200,675,false],"morenews-large":["https:\/\/pornuestrolaredo.com\/wp-content\/uploads\/2024\/02\/Stereo91-20240131-1.jpg",825,464,false],"morenews-medium":["https:\/\/pornuestrolaredo.com\/wp-content\/uploads\/2024\/02\/Stereo91-20240131-1.jpg",590,332,false]},"author_info":{"info":["Redactor"]},"category_info":"<a href=\"https:\/\/pornuestrolaredo.com\/?cat=4\" rel=\"category\">Los dos Laredos<\/a>","tag_info":"Los dos Laredos","comment_count":"0","jetpack_featured_media_url":"https:\/\/pornuestrolaredo.com\/wp-content\/uploads\/2024\/02\/Stereo91-20240131-1.jpg","jetpack_sharing_enabled":true,"_links":{"self":[{"href":"https:\/\/pornuestrolaredo.com\/index.php?rest_route=\/wp\/v2\/posts\/3739","targetHints":{"allow":["GET"]}}],"collection":[{"href":"https:\/\/pornuestrolaredo.com\/index.php?rest_route=\/wp\/v2\/posts"}],"about":[{"href":"https:\/\/pornuestrolaredo.com\/index.php?rest_route=\/wp\/v2\/types\/post"}],"author":[{"embeddable":true,"href":"https:\/\/pornuestrolaredo.com\/index.php?rest_route=\/wp\/v2\/users\/1"}],"replies":[{"embeddable":true,"href":"https:\/\/pornuestrolaredo.com\/index.php?rest_route=%2Fwp%2Fv2%2Fcomments&post=3739"}],"version-history":[{"count":1,"href":"https:\/\/pornuestrolaredo.com\/index.php?rest_route=\/wp\/v2\/posts\/3739\/revisions"}],"predecessor-version":[{"id":3741,"href":"https:\/\/pornuestrolaredo.com\/index.php?rest_route=\/wp\/v2\/posts\/3739\/revisions\/3741"}],"wp:featuredmedia":[{"embeddable":true,"href":"https:\/\/pornuestrolaredo.com\/index.php?rest_route=\/wp\/v2\/media\/3740"}],"wp:attachment":[{"href":"https:\/\/pornuestrolaredo.com\/index.php?rest_route=%2Fwp%2Fv2%2Fmedia&parent=3739"}],"wp:term":[{"taxonomy":"category","embeddable":true,"href":"https:\/\/pornuestrolaredo.com\/index.php?rest_route=%2Fwp%2Fv2%2Fcategories&post=3739"},{"taxonomy":"post_tag","embeddable":true,"href":"https:\/\/pornuestrolaredo.com\/index.php?rest_route=%2Fwp%2Fv2%2Ftags&post=3739"}],"curies":[{"name":"wp","href":"https:\/\/api.w.org\/{rel}","templated":true}]}}