{"id":3758,"date":"2024-02-02T19:43:19","date_gmt":"2024-02-02T19:43:19","guid":{"rendered":"https:\/\/pornuestrolaredo.com\/?p=3758"},"modified":"2024-02-02T19:43:19","modified_gmt":"2024-02-02T19:43:19","slug":"necesitas-constancias-de-semanas-cotizadas-en-el-imss","status":"publish","type":"post","link":"https:\/\/pornuestrolaredo.com\/?p=3758","title":{"rendered":"\u00bfNecesitas constancias de semanas cotizadas en el IMSS?"},"content":{"rendered":"<p><strong>NUEVO LAREDO.-<\/strong> Si eres trabajador afiliado al Instituto Mexicano del Seguro Social (IMSS) y quieres conocer el n\u00famero de semanas que tienes cotizadas y solicitar tu constancia es muy f\u00e1cil.<\/p>\n<p>Se trata de un tr\u00e1mite gratuito en el que obtendr\u00e1s la informaci\u00f3n detallada de tus \u00faltimos cinco patrones o inclusive solicitar un historial hasta la fecha.<\/p>\n<p>\u00bfD\u00f3nde se puede obtener la constancia de semanas cotizadas?<br \/>\nHay dos modalidades para solicitar este documento.<\/p>\n<p>En l\u00ednea: Se puede realizar el tr\u00e1mite las 24 horas del d\u00eda los 365 d\u00edas del a\u00f1o. S\u00f3lo da click en el siguiente enlace:<br \/>\n<a href=\"https:\/\/serviciosdigitales.imss.gob.mx\/semanascotizadas-web\/usuarios\/IngresoAsegurado\" rel=\"noopener\" target=\"_blank\">https:\/\/serviciosdigitales.imss.gob.mx\/semanascotizadas-web\/usuarios\/IngresoAsegurado<\/a><\/p>\n<p>Presencial: En la Subdelegaci\u00f3n que te corresponda, de lunes a viernes en d\u00edas h\u00e1biles del IMSS de 8:00 a 15:30 horas.<br \/>\n\u00bfQu\u00e9 necesito para la constancia de semanas cotizadas?<br \/>\nPara realizar el tr\u00e1mite en l\u00ednea, deber\u00e1s tener los siguientes datos a la mano:<\/p>\n<p>Clave \u00danica de Registro de Poblaci\u00f3n (CURP).<br \/>\nN\u00famero de Seguridad Social (NSS).<br \/>\nCorreo electr\u00f3nico.<br \/>\nSi lo realizas de manera presencial, presenta los siguientes documentos:<\/p>\n<p>Identificaci\u00f3n oficial vigente. Original.<br \/>\nN\u00famero de Seguridad Social (NSS).<br \/>\nIdentificaci\u00f3n oficial vigente<br \/>\nCredencial ADIMSS<\/p>\n<p>Es importante que tomes en cuenta la siguiente informaci\u00f3n:<br \/>\nLas semanas que se informen ser\u00e1n aquellas con que cuente el asegurado(a) hasta la fecha de baja o de solicitud.<br \/>\nEn caso que el asegurado (a) cuente con las semanas necesarias para efectuar el tr\u00e1mite de una pensi\u00f3n, deber\u00e1 realizar su solicitud en la Unidad de Medicina Familiar de su adscripci\u00f3n.<br \/>\nLa documentaci\u00f3n no deber\u00e1 contener errores, borraduras, tachaduras o enmendaduras.<br \/>\nEn los casos de que el n\u00famero de seguridad social sea detectado con alguna inconsistencia, deber\u00e1 acudir a la Subdelegaci\u00f3n a realizar su aclaraci\u00f3n.<\/p>\n","protected":false},"excerpt":{"rendered":"<p>El tr\u00e1mite es muy sencillo y se puede hacer en l\u00ednea o en las subdelegaciones del Seguro Social<\/p>\n","protected":false},"author":1,"featured_media":3759,"comment_status":"closed","ping_status":"closed","sticky":false,"template":"","format":"standard","meta":{"_crdt_document":"","_jetpack_memberships_contains_paid_content":false,"footnotes":"","jetpack_publicize_message":"","jetpack_publicize_feature_enabled":true,"jetpack_social_post_already_shared":true,"jetpack_social_options":{"image_generator_settings":{"template":"highway","default_image_id":0,"font":"","enabled":false},"version":2},"_wpas_customize_per_network":false},"categories":[4],"tags":[],"class_list":["post-3758","post","type-post","status-publish","format-standard","has-post-thumbnail","hentry","category-los-dos-laredos"],"magazineBlocksPostFeaturedMedia":{"thumbnail":"https:\/\/pornuestrolaredo.com\/wp-content\/uploads\/2024\/02\/Stereo91-20240202-2-150x150.jpg","medium":"https:\/\/pornuestrolaredo.com\/wp-content\/uploads\/2024\/02\/Stereo91-20240202-2-300x185.jpg","medium_large":"https:\/\/pornuestrolaredo.com\/wp-content\/uploads\/2024\/02\/Stereo91-20240202-2-768x475.jpg","large":"https:\/\/pornuestrolaredo.com\/wp-content\/uploads\/2024\/02\/Stereo91-20240202-2.jpg","1536x1536":"https:\/\/pornuestrolaredo.com\/wp-content\/uploads\/2024\/02\/Stereo91-20240202-2.jpg","2048x2048":"https:\/\/pornuestrolaredo.com\/wp-content\/uploads\/2024\/02\/Stereo91-20240202-2.jpg","morenews-large":"https:\/\/pornuestrolaredo.com\/wp-content\/uploads\/2024\/02\/Stereo91-20240202-2.jpg","morenews-medium":"https:\/\/pornuestrolaredo.com\/wp-content\/uploads\/2024\/02\/Stereo91-20240202-2.jpg"},"magazineBlocksPostAuthor":{"name":"Redactor","avatar":"https:\/\/pornuestrolaredo.com\/wp-content\/litespeed\/avatar\/dca1d7ec750c399f025f23b0b314f4cf.jpg?ver=1777612120"},"magazineBlocksPostCommentsNumber":false,"magazineBlocksPostExcerpt":"El tr\u00e1mite es muy sencillo y se puede hacer en l\u00ednea o en las subdelegaciones del Seguro Social","magazineBlocksPostCategories":["Los dos Laredos"],"magazineBlocksPostViewCount":147,"magazineBlocksPostReadTime":2,"magazine_blocks_featured_image_url":{"full":["https:\/\/pornuestrolaredo.com\/wp-content\/uploads\/2024\/02\/Stereo91-20240202-2.jpg",830,513,false],"medium":["https:\/\/pornuestrolaredo.com\/wp-content\/uploads\/2024\/02\/Stereo91-20240202-2-300x185.jpg",300,185,true],"thumbnail":["https:\/\/pornuestrolaredo.com\/wp-content\/uploads\/2024\/02\/Stereo91-20240202-2-150x150.jpg",150,150,true]},"magazine_blocks_author":{"display_name":"Redactor","author_link":"https:\/\/pornuestrolaredo.com\/?author=1"},"magazine_blocks_comment":0,"magazine_blocks_author_image":"https:\/\/pornuestrolaredo.com\/wp-content\/litespeed\/avatar\/dca1d7ec750c399f025f23b0b314f4cf.jpg?ver=1777612120","magazine_blocks_category":"<a href=\"#\" class=\"category-link category-link-4\">Los dos Laredos<\/a>","jetpack_publicize_connections":[],"featured_image_urls":{"full":["https:\/\/pornuestrolaredo.com\/wp-content\/uploads\/2024\/02\/Stereo91-20240202-2.jpg",830,513,false],"thumbnail":["https:\/\/pornuestrolaredo.com\/wp-content\/uploads\/2024\/02\/Stereo91-20240202-2-150x150.jpg",150,150,true],"medium":["https:\/\/pornuestrolaredo.com\/wp-content\/uploads\/2024\/02\/Stereo91-20240202-2-300x185.jpg",300,185,true],"medium_large":["https:\/\/pornuestrolaredo.com\/wp-content\/uploads\/2024\/02\/Stereo91-20240202-2-768x475.jpg",640,396,true],"large":["https:\/\/pornuestrolaredo.com\/wp-content\/uploads\/2024\/02\/Stereo91-20240202-2.jpg",640,396,false],"1536x1536":["https:\/\/pornuestrolaredo.com\/wp-content\/uploads\/2024\/02\/Stereo91-20240202-2.jpg",830,513,false],"2048x2048":["https:\/\/pornuestrolaredo.com\/wp-content\/uploads\/2024\/02\/Stereo91-20240202-2.jpg",830,513,false],"morenews-large":["https:\/\/pornuestrolaredo.com\/wp-content\/uploads\/2024\/02\/Stereo91-20240202-2.jpg",825,510,false],"morenews-medium":["https:\/\/pornuestrolaredo.com\/wp-content\/uploads\/2024\/02\/Stereo91-20240202-2.jpg",590,365,false]},"author_info":{"info":["Redactor"]},"category_info":"<a href=\"https:\/\/pornuestrolaredo.com\/?cat=4\" rel=\"category\">Los dos Laredos<\/a>","tag_info":"Los dos Laredos","comment_count":"0","jetpack_featured_media_url":"https:\/\/pornuestrolaredo.com\/wp-content\/uploads\/2024\/02\/Stereo91-20240202-2.jpg","jetpack_sharing_enabled":true,"_links":{"self":[{"href":"https:\/\/pornuestrolaredo.com\/index.php?rest_route=\/wp\/v2\/posts\/3758","targetHints":{"allow":["GET"]}}],"collection":[{"href":"https:\/\/pornuestrolaredo.com\/index.php?rest_route=\/wp\/v2\/posts"}],"about":[{"href":"https:\/\/pornuestrolaredo.com\/index.php?rest_route=\/wp\/v2\/types\/post"}],"author":[{"embeddable":true,"href":"https:\/\/pornuestrolaredo.com\/index.php?rest_route=\/wp\/v2\/users\/1"}],"replies":[{"embeddable":true,"href":"https:\/\/pornuestrolaredo.com\/index.php?rest_route=%2Fwp%2Fv2%2Fcomments&post=3758"}],"version-history":[{"count":1,"href":"https:\/\/pornuestrolaredo.com\/index.php?rest_route=\/wp\/v2\/posts\/3758\/revisions"}],"predecessor-version":[{"id":3760,"href":"https:\/\/pornuestrolaredo.com\/index.php?rest_route=\/wp\/v2\/posts\/3758\/revisions\/3760"}],"wp:featuredmedia":[{"embeddable":true,"href":"https:\/\/pornuestrolaredo.com\/index.php?rest_route=\/wp\/v2\/media\/3759"}],"wp:attachment":[{"href":"https:\/\/pornuestrolaredo.com\/index.php?rest_route=%2Fwp%2Fv2%2Fmedia&parent=3758"}],"wp:term":[{"taxonomy":"category","embeddable":true,"href":"https:\/\/pornuestrolaredo.com\/index.php?rest_route=%2Fwp%2Fv2%2Fcategories&post=3758"},{"taxonomy":"post_tag","embeddable":true,"href":"https:\/\/pornuestrolaredo.com\/index.php?rest_route=%2Fwp%2Fv2%2Ftags&post=3758"}],"curies":[{"name":"wp","href":"https:\/\/api.w.org\/{rel}","templated":true}]}}